{"id":101111,"date":"2024-03-24T13:52:15","date_gmt":"2024-03-24T13:52:15","guid":{"rendered":"https:\/\/htb.com.pl\/?p=101111"},"modified":"2024-03-25T06:33:02","modified_gmt":"2024-03-25T06:33:02","slug":"gdy-rozum-spi","status":"publish","type":"post","link":"https:\/\/htb.com.pl\/?p=101111","title":{"rendered":"Gdy rozum \u015bpi"},"content":{"rendered":"\n<p><\/p>\n\n\n\n<figure class=\"wp-block-image size-thumbnail\"><a href=\"https:\/\/htb.com.pl\/wp-content\/uploads\/2024\/03\/Gdy-rozum-spi.mp3\"><img loading=\"lazy\" decoding=\"async\" width=\"150\" height=\"150\" src=\"https:\/\/htb.com.pl\/wp-content\/uploads\/2018\/04\/posluchaj-150x150.jpg\" alt=\"\" class=\"wp-image-2020\" srcset=\"https:\/\/htb.com.pl\/wp-content\/uploads\/2018\/04\/posluchaj-150x150.jpg 150w, https:\/\/htb.com.pl\/wp-content\/uploads\/2018\/04\/posluchaj-300x300.jpg 300w, https:\/\/htb.com.pl\/wp-content\/uploads\/2018\/04\/posluchaj-100x100.jpg 100w\" sizes=\"auto, (max-width: 150px) 100vw, 150px\" \/><\/a><\/figure>\n\n\n\n<p>Jest taka rycina hiszpa\u0144skiego malarza <a href=\"https:\/\/pl.wikipedia.org\/wiki\/Francisco_Goya\">Francisca Goi<\/a>. Przedstawia \u015bpi\u0105cego artyst\u0119, a nad jego g\u0142ow\u0105 potwory.<\/p>\n\n\n\n<p>&nbsp;&nbsp;&nbsp; Marysia, kt\u00f3ra walczy\u0142a m.in. z terrorystami ETA w Hiszpanii, mia\u0142a kopi\u0119 tego obrazka w sypialni. Zawsze my\u015bla\u0142em, \u017ce to by\u0142a jaka\u015b pami\u0105tka, bo traktowa\u0142a t\u0105 rycin\u0119 w bardzo szczeg\u00f3lny spos\u00f3b. Wydarzenia z ostatniego tygodnia:<\/p>\n\n\n\n<ul class=\"wp-block-list\">\n<li>Destabilizacja zaplecza frontu wojny w Ukrainie przez polskich rolnik\u00f3w.<\/li>\n<\/ul>\n\n\n\n<figure class=\"wp-block-gallery has-nested-images columns-default is-cropped wp-block-gallery-1 is-layout-flex wp-block-gallery-is-layout-flex\">\n<figure class=\"wp-block-image size-large\"><img loading=\"lazy\" decoding=\"async\" width=\"950\" height=\"637\" data-id=\"101113\" src=\"https:\/\/htb.com.pl\/wp-content\/uploads\/2024\/03\/ProtestRokW.png\" alt=\"\" class=\"wp-image-101113\" srcset=\"https:\/\/htb.com.pl\/wp-content\/uploads\/2024\/03\/ProtestRokW.png 950w, https:\/\/htb.com.pl\/wp-content\/uploads\/2024\/03\/ProtestRokW-300x201.png 300w, https:\/\/htb.com.pl\/wp-content\/uploads\/2024\/03\/ProtestRokW-768x515.png 768w, https:\/\/htb.com.pl\/wp-content\/uploads\/2024\/03\/ProtestRokW-600x402.png 600w\" sizes=\"auto, (max-width: 950px) 100vw, 950px\" \/><figcaption class=\"wp-element-caption\"><a href=\"http:\/\/radiomaria.com.pl\/wp-content\/uploads\/2024\/03\/19.03.-To-jest-wojna.mp3\">Protest <img loading=\"lazy\" decoding=\"async\" width=\"28\" height=\"28\" class=\"wp-image-84391\" style=\"width: 28px;\" src=\"https:\/\/htb.com.pl\/wp-content\/uploads\/2023\/04\/maly-plej.png\" alt=\"\"> rolnik\u00f3w<\/a><\/figcaption><\/figure>\n\n\n\n<figure class=\"wp-block-image size-large\"><a href=\"http:\/\/radiomaria.com.pl\/wp-content\/uploads\/2024\/03\/22.03.Tak-to-dziala.mp3\"><img loading=\"lazy\" decoding=\"async\" width=\"892\" height=\"522\" data-id=\"101114\" src=\"https:\/\/htb.com.pl\/wp-content\/uploads\/2024\/03\/Koszty.png\" alt=\"\" class=\"wp-image-101114\" srcset=\"https:\/\/htb.com.pl\/wp-content\/uploads\/2024\/03\/Koszty.png 892w, https:\/\/htb.com.pl\/wp-content\/uploads\/2024\/03\/Koszty-300x176.png 300w, https:\/\/htb.com.pl\/wp-content\/uploads\/2024\/03\/Koszty-768x449.png 768w, https:\/\/htb.com.pl\/wp-content\/uploads\/2024\/03\/Koszty-600x351.png 600w\" sizes=\"auto, (max-width: 892px) 100vw, 892px\" \/><\/a><figcaption class=\"wp-element-caption\"><a href=\"http:\/\/radiomaria.com.pl\/wp-content\/uploads\/2024\/03\/22.03.Tak-to-dziala.mp3\">Finansowanie <img loading=\"lazy\" decoding=\"async\" width=\"28\" height=\"28\" class=\"wp-image-84391\" style=\"width: 28px;\" src=\"https:\/\/htb.com.pl\/wp-content\/uploads\/2023\/04\/maly-plej.png\" alt=\"\"> protestu<\/a><\/figcaption><\/figure>\n\n\n\n<figure class=\"wp-block-image size-large\"><img loading=\"lazy\" decoding=\"async\" width=\"640\" height=\"427\" data-id=\"101117\" src=\"https:\/\/htb.com.pl\/wp-content\/uploads\/2024\/03\/wheat-4374939_640.jpg\" alt=\"\" class=\"wp-image-101117\" srcset=\"https:\/\/htb.com.pl\/wp-content\/uploads\/2024\/03\/wheat-4374939_640.jpg 640w, https:\/\/htb.com.pl\/wp-content\/uploads\/2024\/03\/wheat-4374939_640-300x200.jpg 300w, https:\/\/htb.com.pl\/wp-content\/uploads\/2024\/03\/wheat-4374939_640-600x400.jpg 600w\" sizes=\"auto, (max-width: 640px) 100vw, 640px\" \/><figcaption class=\"wp-element-caption\"><a href=\"http:\/\/radiomaria.com.pl\/wp-content\/uploads\/2024\/03\/22.03.Destabiliozacja.mp3\">\u201e\u015aledztwo zbo\u017cowe\u201d. <img loading=\"lazy\" decoding=\"async\" width=\"28\" height=\"28\" class=\"wp-image-84391\" style=\"width: 28px;\" src=\"https:\/\/htb.com.pl\/wp-content\/uploads\/2023\/04\/maly-plej.png\" alt=\"\"> Prokuratura stawia pierwsze zarzuty. 3 osoby podejrzane<\/a><\/figcaption><\/figure>\n<\/figure>\n\n\n\n<figure class=\"wp-block-gallery has-nested-images columns-default is-cropped wp-block-gallery-2 is-layout-flex wp-block-gallery-is-layout-flex\"><\/figure>\n\n\n\n<ul class=\"wp-block-list\">\n<li>Atak terroryst\u00f3w z&nbsp; ISIS na Crocus City Hall w Krasnogorsku.<\/li>\n<\/ul>\n\n\n\n<figure class=\"wp-block-image size-full\"><a href=\"http:\/\/radiomaria.com.pl\/wp-content\/uploads\/2023\/03\/24.03.Zlo-dzialjak-panstwo-nie-dziala.mp3\"><img loading=\"lazy\" decoding=\"async\" width=\"1000\" height=\"574\" src=\"https:\/\/htb.com.pl\/wp-content\/uploads\/2024\/03\/Bielgorodmaly.png\" alt=\"\" class=\"wp-image-101121\" srcset=\"https:\/\/htb.com.pl\/wp-content\/uploads\/2024\/03\/Bielgorodmaly.png 1000w, https:\/\/htb.com.pl\/wp-content\/uploads\/2024\/03\/Bielgorodmaly-300x172.png 300w, https:\/\/htb.com.pl\/wp-content\/uploads\/2024\/03\/Bielgorodmaly-768x441.png 768w, https:\/\/htb.com.pl\/wp-content\/uploads\/2024\/03\/Bielgorodmaly-600x344.png 600w\" sizes=\"auto, (max-width: 1000px) 100vw, 1000px\" \/><\/a><\/figure>\n\n\n\n<p>Napis brzmi:<strong>&nbsp;BIE\u0141GOROD \u017bA\u0141OBA WIEMY JAK TO JEST<\/strong><\/p>\n\n\n\n<p>\u0412\u044b \u0432 \u0420\u043e\u0441\u0441\u0438\u0438 \u043d\u0438\u0447\u0435\u0433\u043e \u043d\u0435 \u0437\u043d\u0430\u0435\u0442\u0435. (Wy w Rosji niczego nie wiecie). \u015apicie &#8211; uwa\u017cajcie, bo ca\u0142kiem za\u015bniecie.<\/p>\n\n\n\n<p>Uzmys\u0142owi\u0142y mi, \u017ce to nie by\u0142a \u201edurnostojka\u201d, kt\u00f3r\u0105 jedynie trzeba odkurza\u0107. Przypomina\u0142a jej o tym, \u017ce: \u201eGdy rozum \u015bpi, budz\u0105 si\u0119 demony\u201d. &nbsp; Bardzo bym chcia\u0142, aby dzi\u015b taka Marysia w Polsce dzia\u0142a\u0142a. Bo odnosz\u0119 wra\u017cenie, \u017ce Polska uzna\u0142a, \u017ce b\u0119dzie spa\u0142a, a z\u0142o niech dzia\u0142a. Tak to nie dzia\u0142a!<\/p>\n\n\n\n<p>Budka Suflera &#8211; Kiedy rozum \u015bpi.<\/p>\n\n\n\n<figure class=\"wp-block-audio\"><audio controls src=\"https:\/\/htb.com.pl\/wp-content\/uploads\/2024\/03\/Kiedy-rozum-spi_en-IQBKaMH0.mp3\"><\/audio><\/figure>\n","protected":false},"excerpt":{"rendered":"<p>Jest taka rycina hiszpa\u0144skiego malarza Francisca Goi. Przedstawia \u015bpi\u0105cego artyst\u0119, a nad jego g\u0142ow\u0105 potwory. &nbsp;&nbsp;&nbsp; Marysia, kt\u00f3ra walczy\u0142a m.in. z terrorystami ETA w Hiszpanii, mia\u0142a kopi\u0119 tego obrazka w sypialni. Zawsze my\u015bla\u0142em, \u017ce to by\u0142a jaka\u015b pami\u0105tka, bo traktowa\u0142a t\u0105 rycin\u0119 w bardzo szczeg\u00f3lny spos\u00f3b. Wydarzenia z ostatniego tygodnia: Napis brzmi:&nbsp;BIE\u0141GOROD \u017bA\u0141OBA WIEMY JAK [&hellip;]<\/p>\n","protected":false},"author":1,"featured_media":101129,"comment_status":"open","ping_status":"open","sticky":false,"template":"","format":"standard","meta":{"_jetpack_memberships_contains_paid_content":false,"footnotes":""},"categories":[4],"tags":[],"class_list":["post-101111","post","type-post","status-publish","format-standard","has-post-thumbnail","hentry","category-daty-i-fakty-blog"],"jetpack_sharing_enabled":true,"jetpack_featured_media_url":"https:\/\/htb.com.pl\/wp-content\/uploads\/2024\/03\/Rozum.jpg","_links":{"self":[{"href":"https:\/\/htb.com.pl\/index.php?rest_route=\/wp\/v2\/posts\/101111","targetHints":{"allow":["GET"]}}],"collection":[{"href":"https:\/\/htb.com.pl\/index.php?rest_route=\/wp\/v2\/posts"}],"about":[{"href":"https:\/\/htb.com.pl\/index.php?rest_route=\/wp\/v2\/types\/post"}],"author":[{"embeddable":true,"href":"https:\/\/htb.com.pl\/index.php?rest_route=\/wp\/v2\/users\/1"}],"replies":[{"embeddable":true,"href":"https:\/\/htb.com.pl\/index.php?rest_route=%2Fwp%2Fv2%2Fcomments&post=101111"}],"version-history":[{"count":14,"href":"https:\/\/htb.com.pl\/index.php?rest_route=\/wp\/v2\/posts\/101111\/revisions"}],"predecessor-version":[{"id":101173,"href":"https:\/\/htb.com.pl\/index.php?rest_route=\/wp\/v2\/posts\/101111\/revisions\/101173"}],"wp:featuredmedia":[{"embeddable":true,"href":"https:\/\/htb.com.pl\/index.php?rest_route=\/wp\/v2\/media\/101129"}],"wp:attachment":[{"href":"https:\/\/htb.com.pl\/index.php?rest_route=%2Fwp%2Fv2%2Fmedia&parent=101111"}],"wp:term":[{"taxonomy":"category","embeddable":true,"href":"https:\/\/htb.com.pl\/index.php?rest_route=%2Fwp%2Fv2%2Fcategories&post=101111"},{"taxonomy":"post_tag","embeddable":true,"href":"https:\/\/htb.com.pl\/index.php?rest_route=%2Fwp%2Fv2%2Ftags&post=101111"}],"curies":[{"name":"wp","href":"https:\/\/api.w.org\/{rel}","templated":true}]}}