{"id":101902,"date":"2024-04-09T10:51:32","date_gmt":"2024-04-09T10:51:32","guid":{"rendered":"https:\/\/htb.com.pl\/?p=101902"},"modified":"2024-04-09T17:38:35","modified_gmt":"2024-04-09T17:38:35","slug":"wybory-samorzadowe-2024","status":"publish","type":"post","link":"https:\/\/htb.com.pl\/?p=101902","title":{"rendered":"Wybory Samorz\u0105dowe 2024"},"content":{"rendered":"\n<p><\/p>\n\n\n\n<figure class=\"wp-block-image size-thumbnail\"><a href=\"https:\/\/htb.com.pl\/wp-content\/uploads\/2024\/04\/Wybory-Samorzadowe-2024.mp3\"><img loading=\"lazy\" decoding=\"async\" width=\"150\" height=\"150\" src=\"https:\/\/htb.com.pl\/wp-content\/uploads\/2018\/04\/posluchaj-150x150.jpg\" alt=\"\" class=\"wp-image-2020\" srcset=\"https:\/\/htb.com.pl\/wp-content\/uploads\/2018\/04\/posluchaj-150x150.jpg 150w, https:\/\/htb.com.pl\/wp-content\/uploads\/2018\/04\/posluchaj-300x300.jpg 300w, https:\/\/htb.com.pl\/wp-content\/uploads\/2018\/04\/posluchaj-100x100.jpg 100w\" sizes=\"auto, (max-width: 150px) 100vw, 150px\" \/><\/a><\/figure>\n\n\n\n<p><\/p>\n\n\n\n<figure class=\"wp-block-image size-full\"><a href=\"http:\/\/radiomaria.com.pl\/wp-content\/uploads\/2024\/04\/09.04.Wybory-2024.mp3\"><img loading=\"lazy\" decoding=\"async\" width=\"976\" height=\"578\" src=\"https:\/\/htb.com.pl\/wp-content\/uploads\/2024\/04\/Sejmikimaly.png\" alt=\"\" class=\"wp-image-101910\" srcset=\"https:\/\/htb.com.pl\/wp-content\/uploads\/2024\/04\/Sejmikimaly.png 976w, https:\/\/htb.com.pl\/wp-content\/uploads\/2024\/04\/Sejmikimaly-300x178.png 300w, https:\/\/htb.com.pl\/wp-content\/uploads\/2024\/04\/Sejmikimaly-768x455.png 768w, https:\/\/htb.com.pl\/wp-content\/uploads\/2024\/04\/Sejmikimaly-600x355.png 600w\" sizes=\"auto, (max-width: 976px) 100vw, 976px\" \/><\/a><\/figure>\n\n\n\n<p>Radio Maria bardzo si\u0119 stara\u0142o, aby to Kobieta w Mielcu prezydentem by\u0142a \u2013 to si\u0119 nie uda\u0142o. Ale nasza kandydatka Pani Miros\u0142awa Gorazd radn\u0105 zosta\u0142a.<\/p>\n\n\n\n<figure class=\"wp-block-image size-full\"><a href=\"http:\/\/radiomaria.com.pl\/wp-content\/uploads\/2024\/04\/ElzbietaBurkiewicz.mp3\"><img loading=\"lazy\" decoding=\"async\" width=\"992\" height=\"501\" src=\"https:\/\/htb.com.pl\/wp-content\/uploads\/2024\/04\/Kandydatkamaly.png\" alt=\"\" class=\"wp-image-101906\" srcset=\"https:\/\/htb.com.pl\/wp-content\/uploads\/2024\/04\/Kandydatkamaly.png 992w, https:\/\/htb.com.pl\/wp-content\/uploads\/2024\/04\/Kandydatkamaly-300x152.png 300w, https:\/\/htb.com.pl\/wp-content\/uploads\/2024\/04\/Kandydatkamaly-768x388.png 768w, https:\/\/htb.com.pl\/wp-content\/uploads\/2024\/04\/Kandydatkamaly-600x303.png 600w\" sizes=\"auto, (max-width: 992px) 100vw, 992px\" \/><\/a><\/figure>\n\n\n\n<p>Pani Pose\u0142 El\u017cbieta Burkiewicz <a href=\"http:\/\/radiomaria.com.pl\/wp-content\/uploads\/2024\/04\/Konferencja-prasowa-Elzbiety-Burkiewicz.mp3\"><img loading=\"lazy\" decoding=\"async\" width=\"150\" height=\"150\" class=\"wp-image-101908\" style=\"width: 150px;\" src=\"https:\/\/htb.com.pl\/wp-content\/uploads\/2024\/04\/ElaBmaly.jpg\" alt=\"\" srcset=\"https:\/\/htb.com.pl\/wp-content\/uploads\/2024\/04\/ElaBmaly.jpg 988w, https:\/\/htb.com.pl\/wp-content\/uploads\/2024\/04\/ElaBmaly-300x300.jpg 300w, https:\/\/htb.com.pl\/wp-content\/uploads\/2024\/04\/ElaBmaly-150x150.jpg 150w, https:\/\/htb.com.pl\/wp-content\/uploads\/2024\/04\/ElaBmaly-768x768.jpg 768w, https:\/\/htb.com.pl\/wp-content\/uploads\/2024\/04\/ElaBmaly-600x600.jpg 600w, https:\/\/htb.com.pl\/wp-content\/uploads\/2024\/04\/ElaBmaly-100x100.jpg 100w\" sizes=\"auto, (max-width: 150px) 100vw, 150px\" \/><\/a> w jej kampani\u0119 si\u0119 zaanga\u017cowa\u0142a, ale w proces s\u0105dowy si\u0119 uwik\u0142a\u0142a i cho\u0107 ten proces wygra\u0142a \u2013 to odnosz\u0119 wra\u017cenie, \u017ce kampania Pani Gorazd nie do ko\u0144ca si\u0119 uda\u0142a.<\/p>\n\n\n\n<p>\u00a0 Marysia, (wcze\u015bniejsze wpisy) w 1987 roku &#8211; tu\u017c przed swoj\u0105 \u015bmierci\u0105 proponowa\u0142a, aby Polska w wyborach powszechnych jedynie so\u0142tys\u00f3w wybiera\u0142a. Od naczelnika gminy do prezydenta Polski wyb\u00f3r powinien nale\u017ce\u0107 do ludzi, kt\u00f3rzy cz\u0142owieka kt\u00f3rego wybieraj\u0105 znaj\u0105. Tak marsza\u0142ka powiatu i wojew\u00f3dztwa wybieraj\u0105. To b\u0119d\u0105 radni, lub parlamentarzy\u015bci, ju\u017c oni si\u0119 postaraj\u0105 i tak wybior\u0105, \u017ceby spe\u0142ni\u0107 swoje zobowi\u0105zania wobec tych, co ich wybrali. Do takiej Polski w Radiu Maria b\u0119dziemy przekonywali. Marysi \u017ce\u015bmy to obiecali.<\/p>\n","protected":false},"excerpt":{"rendered":"<p>Radio Maria bardzo si\u0119 stara\u0142o, aby to Kobieta w Mielcu prezydentem by\u0142a \u2013 to si\u0119 nie uda\u0142o. Ale nasza kandydatka Pani Miros\u0142awa Gorazd radn\u0105 zosta\u0142a. Pani Pose\u0142 El\u017cbieta Burkiewicz w jej kampani\u0119 si\u0119 zaanga\u017cowa\u0142a, ale w proces s\u0105dowy si\u0119 uwik\u0142a\u0142a i cho\u0107 ten proces wygra\u0142a \u2013 to odnosz\u0119 wra\u017cenie, \u017ce kampania Pani Gorazd nie do [&hellip;]<\/p>\n","protected":false},"author":1,"featured_media":101911,"comment_status":"open","ping_status":"open","sticky":false,"template":"","format":"standard","meta":{"_jetpack_memberships_contains_paid_content":false,"footnotes":""},"categories":[4],"tags":[957],"class_list":["post-101902","post","type-post","status-publish","format-standard","has-post-thumbnail","hentry","category-daty-i-fakty-blog","tag-wybory-samorzadowe-2024"],"jetpack_sharing_enabled":true,"jetpack_featured_media_url":"https:\/\/htb.com.pl\/wp-content\/uploads\/2024\/04\/SejmikimalyA.png","_links":{"self":[{"href":"https:\/\/htb.com.pl\/index.php?rest_route=\/wp\/v2\/posts\/101902","targetHints":{"allow":["GET"]}}],"collection":[{"href":"https:\/\/htb.com.pl\/index.php?rest_route=\/wp\/v2\/posts"}],"about":[{"href":"https:\/\/htb.com.pl\/index.php?rest_route=\/wp\/v2\/types\/post"}],"author":[{"embeddable":true,"href":"https:\/\/htb.com.pl\/index.php?rest_route=\/wp\/v2\/users\/1"}],"replies":[{"embeddable":true,"href":"https:\/\/htb.com.pl\/index.php?rest_route=%2Fwp%2Fv2%2Fcomments&post=101902"}],"version-history":[{"count":7,"href":"https:\/\/htb.com.pl\/index.php?rest_route=\/wp\/v2\/posts\/101902\/revisions"}],"predecessor-version":[{"id":101931,"href":"https:\/\/htb.com.pl\/index.php?rest_route=\/wp\/v2\/posts\/101902\/revisions\/101931"}],"wp:featuredmedia":[{"embeddable":true,"href":"https:\/\/htb.com.pl\/index.php?rest_route=\/wp\/v2\/media\/101911"}],"wp:attachment":[{"href":"https:\/\/htb.com.pl\/index.php?rest_route=%2Fwp%2Fv2%2Fmedia&parent=101902"}],"wp:term":[{"taxonomy":"category","embeddable":true,"href":"https:\/\/htb.com.pl\/index.php?rest_route=%2Fwp%2Fv2%2Fcategories&post=101902"},{"taxonomy":"post_tag","embeddable":true,"href":"https:\/\/htb.com.pl\/index.php?rest_route=%2Fwp%2Fv2%2Ftags&post=101902"}],"curies":[{"name":"wp","href":"https:\/\/api.w.org\/{rel}","templated":true}]}}