{"id":102815,"date":"2024-04-28T09:00:34","date_gmt":"2024-04-28T09:00:34","guid":{"rendered":"https:\/\/htb.com.pl\/?p=102815"},"modified":"2024-04-29T03:45:49","modified_gmt":"2024-04-29T03:45:49","slug":"zielony-lad-to-nasz-swiat","status":"publish","type":"post","link":"https:\/\/htb.com.pl\/?p=102815","title":{"rendered":"ZIELONY \u0141AD TO NASZ \u015aWIAT"},"content":{"rendered":"\n<p><\/p>\n\n\n\n<figure class=\"wp-block-image size-thumbnail\"><a href=\"https:\/\/htb.com.pl\/wp-content\/uploads\/2024\/04\/Zielony-Lad-to-Nasz-Swiat.mp3\"><img loading=\"lazy\" decoding=\"async\" width=\"150\" height=\"150\" src=\"https:\/\/htb.com.pl\/wp-content\/uploads\/2018\/04\/posluchaj-150x150.jpg\" alt=\"\" class=\"wp-image-2020\" srcset=\"https:\/\/htb.com.pl\/wp-content\/uploads\/2018\/04\/posluchaj-150x150.jpg 150w, https:\/\/htb.com.pl\/wp-content\/uploads\/2018\/04\/posluchaj-300x300.jpg 300w, https:\/\/htb.com.pl\/wp-content\/uploads\/2018\/04\/posluchaj-100x100.jpg 100w\" sizes=\"auto, (max-width: 150px) 100vw, 150px\" \/><\/a><\/figure>\n\n\n\n<p>Tyle co Polska samorz\u0105dowc\u00f3w wybra\u0142a, a tu parlamentarzyst\u00f3w do Parlamentu Europejskiego b\u0119dzie wybiera\u0142a. <a href=\"http:\/\/radiomaria.com.pl\/wp-content\/uploads\/2024\/04\/26.04.Wojna-z-Putinem-trwa.mp3\"><img loading=\"lazy\" decoding=\"async\" width=\"150\" height=\"71\" class=\"wp-image-102822\" style=\"width: 150px;\" src=\"https:\/\/htb.com.pl\/wp-content\/uploads\/2024\/04\/wybory-europejskie-2024-banerD.png\" alt=\"\" srcset=\"https:\/\/htb.com.pl\/wp-content\/uploads\/2024\/04\/wybory-europejskie-2024-banerD.png 717w, https:\/\/htb.com.pl\/wp-content\/uploads\/2024\/04\/wybory-europejskie-2024-banerD-300x142.png 300w, https:\/\/htb.com.pl\/wp-content\/uploads\/2024\/04\/wybory-europejskie-2024-banerD-600x285.png 600w\" sizes=\"auto, (max-width: 150px) 100vw, 150px\" \/><\/a> Dobrze by by\u0142o, aby tu Polska, tak jak &nbsp;Mielec w wyborach samorz\u0105dowych si\u0119 nie nabra\u0142a i tak zag\u0142osowa\u0142a, aby Polska nie tylko w Unii Europejskiej zosta\u0142a, ale r\u00f3wnie\u017c tam decydowa\u0142a.<\/p>\n\n\n\n<p>&nbsp; Rzeszowska Gazeta Wyborcza poda\u0142a, \u017ce w wyborach samorz\u0105dowych moja Ma\u0142a Ojczyzna \u2013 Mielec PiS-owca na prezydenta wybra\u0142a. <a href=\"http:\/\/radiomaria.com.pl\/wp-content\/uploads\/2024\/04\/23.04.Podsumowanie-wyborow.mp3\"><img loading=\"lazy\" decoding=\"async\" width=\"150\" height=\"62\" class=\"wp-image-102820\" style=\"width: 150px;\" src=\"https:\/\/htb.com.pl\/wp-content\/uploads\/2024\/04\/Wyborczamaly.png\" alt=\"\" srcset=\"https:\/\/htb.com.pl\/wp-content\/uploads\/2024\/04\/Wyborczamaly.png 965w, https:\/\/htb.com.pl\/wp-content\/uploads\/2024\/04\/Wyborczamaly-300x125.png 300w, https:\/\/htb.com.pl\/wp-content\/uploads\/2024\/04\/Wyborczamaly-768x319.png 768w, https:\/\/htb.com.pl\/wp-content\/uploads\/2024\/04\/Wyborczamaly-600x249.png 600w\" sizes=\"auto, (max-width: 150px) 100vw, 150px\" \/><\/a> Tu musz\u0119 przyzna\u0107, \u017ce tym razem Gazeta Wyborcza nie do ko\u0144ca sk\u0142ama\u0142a. Spo\u0142eczno\u015b\u0107 Mielca tak zag\u0142osowa\u0142a, bo si\u0119 nabra\u0142a &#8211; nie wiedzia\u0142a, \u017ce PiS i Teraz Mielec &nbsp;wsp\u00f3lnego kandydata na prezydenta wystawia\u0142a. Przewaga minimalna by\u0142a &#8211; zak\u0142adam, \u017ce gdyby na plakacie swego kandydata Rados\u0142awa Sw\u00f3\u0142a zwyci\u0119ska koalicja PiS-woski znaczek postawi\u0142a, to by nie zwyci\u0119\u017cy\u0142a.<\/p>\n\n\n\n<p>Rzeszowska Gazeta Wyborcza komentarza na antenie Radia MARIA odm\u00f3wi\u0142a, za to wypowied\u017a Jaros\u0142awa Kaczy\u0144skiego <a href=\"http:\/\/radiomaria.com.pl\/wp-content\/uploads\/2024\/04\/28.04.Zielony-Lad.mp3\"><img loading=\"lazy\" decoding=\"async\" width=\"150\" height=\"116\" class=\"wp-image-102826\" style=\"width: 150px;\" src=\"https:\/\/htb.com.pl\/wp-content\/uploads\/2024\/04\/WyborczaK.png\" alt=\"\" srcset=\"https:\/\/htb.com.pl\/wp-content\/uploads\/2024\/04\/WyborczaK.png 657w, https:\/\/htb.com.pl\/wp-content\/uploads\/2024\/04\/WyborczaK-300x232.png 300w, https:\/\/htb.com.pl\/wp-content\/uploads\/2024\/04\/WyborczaK-600x463.png 600w\" sizes=\"auto, (max-width: 150px) 100vw, 150px\" \/><\/a> na Konwencji PiS w Rzeszowie, gdzie dawna Zjednoczona Prawica swych kandydat\u00f3w do Parlamentu Europejskiego przedstawi\u0142a, gazeta bez komentarza zamie\u015bci\u0142a.&nbsp;A tam ustami Jaros\u0142awa Kaczy\u0144skiego, cz\u0142owieka nic nie rozumiej\u0105cego ze \u015bwiata wsp\u00f3\u0142czesnego, w Hotelu Prezydenckim Unia Europejska za Zielony \u0141ad i wszystko co dzi\u0119ki niej Polska w ci\u0105gu dw\u00f3ch dekad zrobi\u0142a, krytykowana by\u0142a. Mnie si\u0119 przypomnia\u0142o, jak Marysia, kt\u00f3ra Radio MARIA wymy\u015bli\u0142a, buduj\u0105cej si\u0119 Elektrowni J\u0105drowej w \u017barnowcu broni\u0142a. Wtedy w latach 1986-87 &nbsp;z bardzo podobnymi argumentami walczy\u0142a jak te, kt\u00f3re dla obalenie Zielonego \u0141adu Koalicja \u201ePolskiego Nie\u0142adu\u201d w Rzeszowie przytoczy\u0142a.<\/p>\n\n\n\n<p>Na zako\u0144czenie zadanie domowe. Polska 100 lecie Polskiego Z\u0142otego obchodzi\u0142a. <a href=\"http:\/\/radiomaria.com.pl\/wp-content\/uploads\/2024\/04\/26.04.Sto-lat-Polskiego-Zlotego.mp3\"><img loading=\"lazy\" decoding=\"async\" width=\"150\" height=\"84\" class=\"wp-image-102824\" style=\"width: 150px;\" src=\"https:\/\/htb.com.pl\/wp-content\/uploads\/2024\/04\/moneta-1-zlmaly.jpg\" alt=\"\" srcset=\"https:\/\/htb.com.pl\/wp-content\/uploads\/2024\/04\/moneta-1-zlmaly.jpg 998w, https:\/\/htb.com.pl\/wp-content\/uploads\/2024\/04\/moneta-1-zlmaly-300x169.jpg 300w, https:\/\/htb.com.pl\/wp-content\/uploads\/2024\/04\/moneta-1-zlmaly-768x432.jpg 768w, https:\/\/htb.com.pl\/wp-content\/uploads\/2024\/04\/moneta-1-zlmaly-600x337.jpg 600w\" sizes=\"auto, (max-width: 150px) 100vw, 150px\" \/><\/a> Marysia m\u00f3wi\u0142a, \u017ce z\u0142ot\u00f3wka dzi\u0119ki Wincentemu Witosowi si\u0119 pojawi\u0142a, tylko Polska histori\u0119 zmieni\u0142a i ta nowa historia W\u0142adys\u0142awa Grabskiego tw\u00f3rc\u0105 polskiej waluty zrobi\u0142a. Prosz\u0119 porozmawia\u0107 z historykami, kt\u00f3rzy nie s\u0105 politykami \u2013 przekonacie si\u0119 sami, \u017ce Marysia r\u00f3wnie\u017c tu si\u0119 nie myli\u0142a.<\/p>\n\n\n\n<hr class=\"wp-block-separator has-alpha-channel-opacity\"\/>\n\n\n\n<p><a id=\"_msocom_1\"><\/a><\/p>\n\n\n\n<p>&nbsp;<a href=\"#_msoanchor_1\">[DC1]<\/a>\u0143ski wyg\u0142os==<\/p>\n","protected":false},"excerpt":{"rendered":"<p>Tyle co Polska samorz\u0105dowc\u00f3w wybra\u0142a, a tu parlamentarzyst\u00f3w do Parlamentu Europejskiego b\u0119dzie wybiera\u0142a. Dobrze by by\u0142o, aby tu Polska, tak jak &nbsp;Mielec w wyborach samorz\u0105dowych si\u0119 nie nabra\u0142a i tak zag\u0142osowa\u0142a, aby Polska nie tylko w Unii Europejskiej zosta\u0142a, ale r\u00f3wnie\u017c tam decydowa\u0142a. &nbsp; Rzeszowska Gazeta Wyborcza poda\u0142a, \u017ce w wyborach samorz\u0105dowych moja Ma\u0142a Ojczyzna [&hellip;]<\/p>\n","protected":false},"author":1,"featured_media":102828,"comment_status":"open","ping_status":"open","sticky":false,"template":"","format":"standard","meta":{"_jetpack_memberships_contains_paid_content":false,"footnotes":""},"categories":[4],"tags":[],"class_list":["post-102815","post","type-post","status-publish","format-standard","has-post-thumbnail","hentry","category-daty-i-fakty-blog"],"jetpack_sharing_enabled":true,"jetpack_featured_media_url":"https:\/\/htb.com.pl\/wp-content\/uploads\/2024\/04\/Zlad.png","_links":{"self":[{"href":"https:\/\/htb.com.pl\/index.php?rest_route=\/wp\/v2\/posts\/102815","targetHints":{"allow":["GET"]}}],"collection":[{"href":"https:\/\/htb.com.pl\/index.php?rest_route=\/wp\/v2\/posts"}],"about":[{"href":"https:\/\/htb.com.pl\/index.php?rest_route=\/wp\/v2\/types\/post"}],"author":[{"embeddable":true,"href":"https:\/\/htb.com.pl\/index.php?rest_route=\/wp\/v2\/users\/1"}],"replies":[{"embeddable":true,"href":"https:\/\/htb.com.pl\/index.php?rest_route=%2Fwp%2Fv2%2Fcomments&post=102815"}],"version-history":[{"count":8,"href":"https:\/\/htb.com.pl\/index.php?rest_route=\/wp\/v2\/posts\/102815\/revisions"}],"predecessor-version":[{"id":102868,"href":"https:\/\/htb.com.pl\/index.php?rest_route=\/wp\/v2\/posts\/102815\/revisions\/102868"}],"wp:featuredmedia":[{"embeddable":true,"href":"https:\/\/htb.com.pl\/index.php?rest_route=\/wp\/v2\/media\/102828"}],"wp:attachment":[{"href":"https:\/\/htb.com.pl\/index.php?rest_route=%2Fwp%2Fv2%2Fmedia&parent=102815"}],"wp:term":[{"taxonomy":"category","embeddable":true,"href":"https:\/\/htb.com.pl\/index.php?rest_route=%2Fwp%2Fv2%2Fcategories&post=102815"},{"taxonomy":"post_tag","embeddable":true,"href":"https:\/\/htb.com.pl\/index.php?rest_route=%2Fwp%2Fv2%2Ftags&post=102815"}],"curies":[{"name":"wp","href":"https:\/\/api.w.org\/{rel}","templated":true}]}}