{"id":102973,"date":"2024-05-01T11:08:48","date_gmt":"2024-05-01T11:08:48","guid":{"rendered":"https:\/\/htb.com.pl\/?p=102973"},"modified":"2024-05-01T11:24:58","modified_gmt":"2024-05-01T11:24:58","slug":"marcel-maksymowicz-w-radiu-maria","status":"publish","type":"post","link":"https:\/\/htb.com.pl\/?p=102973","title":{"rendered":"Marcel Maksymowicz w Radiu MARIA"},"content":{"rendered":"\n<p>29 kwietnia 2024 roku, go\u015bcili\u015bmy z moj\u0105 \u017bon\u0105 Dorotk\u0105 Kacpra, wnuczka siostry Dorotki z Nowego Jorku.<\/p>\n\n\n\n<p>Galeria zdj\u0119\u0107<\/p>\n\n\n\n<figure class=\"wp-block-gallery has-nested-images columns-default is-cropped wp-block-gallery-1 is-layout-flex wp-block-gallery-is-layout-flex\">\n<figure class=\"wp-block-image size-large\"><img loading=\"lazy\" decoding=\"async\" width=\"442\" height=\"983\" data-id=\"102976\" src=\"https:\/\/htb.com.pl\/wp-content\/uploads\/2024\/05\/Marcel2maly.jpg\" alt=\"\" class=\"wp-image-102976\" srcset=\"https:\/\/htb.com.pl\/wp-content\/uploads\/2024\/05\/Marcel2maly.jpg 442w, https:\/\/htb.com.pl\/wp-content\/uploads\/2024\/05\/Marcel2maly-135x300.jpg 135w\" sizes=\"auto, (max-width: 442px) 100vw, 442px\" \/><figcaption class=\"wp-element-caption\">W salonie<\/figcaption><\/figure>\n\n\n\n<figure class=\"wp-block-image size-large\"><img loading=\"lazy\" decoding=\"async\" width=\"442\" height=\"983\" data-id=\"102975\" src=\"https:\/\/htb.com.pl\/wp-content\/uploads\/2024\/05\/Marcel1maly.jpg\" alt=\"\" class=\"wp-image-102975\" srcset=\"https:\/\/htb.com.pl\/wp-content\/uploads\/2024\/05\/Marcel1maly.jpg 442w, https:\/\/htb.com.pl\/wp-content\/uploads\/2024\/05\/Marcel1maly-135x300.jpg 135w\" sizes=\"auto, (max-width: 442px) 100vw, 442px\" \/><figcaption class=\"wp-element-caption\">W ogrodzie<\/figcaption><\/figure>\n\n\n\n<figure class=\"wp-block-image size-large\"><img loading=\"lazy\" decoding=\"async\" width=\"446\" height=\"992\" data-id=\"102977\" src=\"https:\/\/htb.com.pl\/wp-content\/uploads\/2024\/05\/marcel3maly.jpg\" alt=\"\" class=\"wp-image-102977\" srcset=\"https:\/\/htb.com.pl\/wp-content\/uploads\/2024\/05\/marcel3maly.jpg 446w, https:\/\/htb.com.pl\/wp-content\/uploads\/2024\/05\/marcel3maly-135x300.jpg 135w\" sizes=\"auto, (max-width: 446px) 100vw, 446px\" \/><figcaption class=\"wp-element-caption\">Z Dorotk\u0105<\/figcaption><\/figure>\n\n\n\n<figure class=\"wp-block-image size-large\"><img loading=\"lazy\" decoding=\"async\" width=\"460\" height=\"1024\" data-id=\"102974\" src=\"https:\/\/htb.com.pl\/wp-content\/uploads\/2024\/05\/MarcelR-1-460x1024.jpg\" alt=\"\" class=\"wp-image-102974\" srcset=\"https:\/\/htb.com.pl\/wp-content\/uploads\/2024\/05\/MarcelR-1-460x1024.jpg 460w, https:\/\/htb.com.pl\/wp-content\/uploads\/2024\/05\/MarcelR-1-135x300.jpg 135w, https:\/\/htb.com.pl\/wp-content\/uploads\/2024\/05\/MarcelR-1.jpg 526w\" sizes=\"auto, (max-width: 460px) 100vw, 460px\" \/><figcaption class=\"wp-element-caption\">W studio Radia MARIA<\/figcaption><\/figure>\n<\/figure>\n\n\n\n<p><\/p>\n\n\n\n<p><a href=\"http:\/\/radiomaria.com.pl\/wp-content\/uploads\/2024\/04\/Marcel.mp3\">Audycja, jak\u0105 nagrali\u015bmy z Marcelem. <img loading=\"lazy\" decoding=\"async\" width=\"28\" height=\"28\" class=\"wp-image-55549\" style=\"width: 28px;\" src=\"https:\/\/htb.com.pl\/wp-content\/uploads\/2021\/09\/play-mikro.png\" alt=\"\"><\/a><\/p>\n","protected":false},"excerpt":{"rendered":"<p>29 kwietnia 2024 roku, go\u015bcili\u015bmy z moj\u0105 \u017bon\u0105 Dorotk\u0105 Kacpra, wnuczka siostry Dorotki z Nowego Jorku. Galeria zdj\u0119\u0107 Audycja, jak\u0105 nagrali\u015bmy z Marcelem.<\/p>\n","protected":false},"author":1,"featured_media":102981,"comment_status":"open","ping_status":"open","sticky":false,"template":"","format":"standard","meta":{"_jetpack_memberships_contains_paid_content":false,"footnotes":""},"categories":[19],"tags":[961],"class_list":["post-102973","post","type-post","status-publish","format-standard","has-post-thumbnail","hentry","category-radio-maria","tag-marcel-maksymowicz-w-radiu-maria"],"jetpack_sharing_enabled":true,"jetpack_featured_media_url":"https:\/\/htb.com.pl\/wp-content\/uploads\/2024\/05\/MarcelR-dobry.jpg","_links":{"self":[{"href":"https:\/\/htb.com.pl\/index.php?rest_route=\/wp\/v2\/posts\/102973","targetHints":{"allow":["GET"]}}],"collection":[{"href":"https:\/\/htb.com.pl\/index.php?rest_route=\/wp\/v2\/posts"}],"about":[{"href":"https:\/\/htb.com.pl\/index.php?rest_route=\/wp\/v2\/types\/post"}],"author":[{"embeddable":true,"href":"https:\/\/htb.com.pl\/index.php?rest_route=\/wp\/v2\/users\/1"}],"replies":[{"embeddable":true,"href":"https:\/\/htb.com.pl\/index.php?rest_route=%2Fwp%2Fv2%2Fcomments&post=102973"}],"version-history":[{"count":3,"href":"https:\/\/htb.com.pl\/index.php?rest_route=\/wp\/v2\/posts\/102973\/revisions"}],"predecessor-version":[{"id":102982,"href":"https:\/\/htb.com.pl\/index.php?rest_route=\/wp\/v2\/posts\/102973\/revisions\/102982"}],"wp:featuredmedia":[{"embeddable":true,"href":"https:\/\/htb.com.pl\/index.php?rest_route=\/wp\/v2\/media\/102981"}],"wp:attachment":[{"href":"https:\/\/htb.com.pl\/index.php?rest_route=%2Fwp%2Fv2%2Fmedia&parent=102973"}],"wp:term":[{"taxonomy":"category","embeddable":true,"href":"https:\/\/htb.com.pl\/index.php?rest_route=%2Fwp%2Fv2%2Fcategories&post=102973"},{"taxonomy":"post_tag","embeddable":true,"href":"https:\/\/htb.com.pl\/index.php?rest_route=%2Fwp%2Fv2%2Ftags&post=102973"}],"curies":[{"name":"wp","href":"https:\/\/api.w.org\/{rel}","templated":true}]}}