{"id":103168,"date":"2024-05-05T14:18:24","date_gmt":"2024-05-05T14:18:24","guid":{"rendered":"https:\/\/htb.com.pl\/?p=103168"},"modified":"2024-05-06T06:30:52","modified_gmt":"2024-05-06T06:30:52","slug":"jestesmy-na-tak-a-tak-naprawde-na-nie","status":"publish","type":"post","link":"https:\/\/htb.com.pl\/?p=103168","title":{"rendered":"Jeste\u015bmy na TAK, a tak naprawd\u0119 na NIE"},"content":{"rendered":"\n<p><\/p>\n\n\n\n<figure class=\"wp-block-image size-thumbnail\"><a href=\"https:\/\/htb.com.pl\/wp-content\/uploads\/2024\/05\/Jestesmy-na-TAK-a-tak-naprawde-na-NIE1.mp3\"><img loading=\"lazy\" decoding=\"async\" width=\"150\" height=\"150\" src=\"https:\/\/htb.com.pl\/wp-content\/uploads\/2018\/04\/posluchaj-150x150.jpg\" alt=\"\" class=\"wp-image-2020\" srcset=\"https:\/\/htb.com.pl\/wp-content\/uploads\/2018\/04\/posluchaj-150x150.jpg 150w, https:\/\/htb.com.pl\/wp-content\/uploads\/2018\/04\/posluchaj-300x300.jpg 300w, https:\/\/htb.com.pl\/wp-content\/uploads\/2018\/04\/posluchaj-100x100.jpg 100w\" sizes=\"auto, (max-width: 150px) 100vw, 150px\" \/><\/a><\/figure>\n\n\n\n<p>Naszemu \u201es\u0142o\u0144cu\u201d wszystko si\u0119 poki\u0107ka\u0142o i \u201es\u0142o\u0144ce\u201d nie wiedzia\u0142o czy to, \u017ce w wyborach do Parlamentu Europejskiego <a href=\"http:\/\/radiomaria.com.pl\/wp-content\/uploads\/2024\/04\/30.04.Wybory-do-Parlamentu-Europejskiego.mp3\"><img loading=\"lazy\" decoding=\"async\" width=\"150\" height=\"80\" class=\"wp-image-103171\" style=\"width: 150px;\" src=\"https:\/\/htb.com.pl\/wp-content\/uploads\/2024\/05\/Andrzej-Domanskimaly.png\" alt=\"\" srcset=\"https:\/\/htb.com.pl\/wp-content\/uploads\/2024\/05\/Andrzej-Domanskimaly.png 996w, https:\/\/htb.com.pl\/wp-content\/uploads\/2024\/05\/Andrzej-Domanskimaly-300x161.png 300w, https:\/\/htb.com.pl\/wp-content\/uploads\/2024\/05\/Andrzej-Domanskimaly-768x411.png 768w, https:\/\/htb.com.pl\/wp-content\/uploads\/2024\/05\/Andrzej-Domanskimaly-850x450.png 850w, https:\/\/htb.com.pl\/wp-content\/uploads\/2024\/05\/Andrzej-Domanskimaly-600x321.png 600w\" sizes=\"auto, (max-width: 150px) 100vw, 150px\" \/><\/a> jego ugrupowanie b\u0119dzie startowa\u0142o, Putinowi b\u0119dzie si\u0119 podoba\u0142o.<\/p>\n\n\n\n<p>&nbsp;Ostatecznie \u201es\u0142o\u0144ce\u201d zdecydowa\u0142o, \u017ce jego ugrupowanie b\u0119dzie startowa\u0142o &#8211; a tam, gdzie z sonda\u017cy wynika\u0142o, \u017ce wi\u0119kszo\u015b\u0107 Polak\u00f3w polityk\u0119 Putina \u2013 czyli rozwalanie Unii Europejskiej b\u0119dzie popiera\u0142o, \u201es\u0142oneczko\u201d Obajtka, Kami\u0144skiego i W\u0105sika wystawi\u0142o, a Morawieckiego na zlot Putinowc\u00f3w do Orbana wys\u0142a\u0142o.<\/p>\n\n\n\n<p>&nbsp; To si\u0119 kremlowskiemu towarzystwu spodoba\u0142o \u2013 plakatowi z Morawieckim <a href=\"http:\/\/radiomaria.com.pl\/wp-content\/uploads\/2023\/03\/02.05.Morawiewcki-na-slupie.mp3\"><img loading=\"lazy\" decoding=\"async\" width=\"150\" height=\"227\" class=\"wp-image-103175\" style=\"width: 150px;\" src=\"https:\/\/htb.com.pl\/wp-content\/uploads\/2024\/05\/MorawieckiW.png\" alt=\"\"><\/a> towarzystwo troch\u0119 Putinowskiego bizancjum doda\u0142o i w ten spos\u00f3b autorytet naszego by\u0142ego premiera ludziom, kt\u00f3rym dobro i z\u0142o si\u0119 poki\u0107ka\u0142o pokaza\u0142o.<\/p>\n\n\n\n<p>&nbsp; Pami\u0119tam, jak to si\u0119 zaczyna\u0142o. Wtedy Putina jeszcze za z\u0142o si\u0119 nie uwa\u017ca\u0142o, a jego \u015brodowisko nas z czas\u00f3w genera\u0142a Wojciecha Jaruzelskiego pami\u0119ta\u0142o <a href=\"http:\/\/radiomaria.com.pl\/wp-content\/uploads\/2024\/05\/02.05.Rosjanie-atakuja.mp3\"><img loading=\"lazy\" decoding=\"async\" width=\"150\" height=\"81\" class=\"wp-image-103173\" style=\"width: 150px;\" src=\"https:\/\/htb.com.pl\/wp-content\/uploads\/2024\/05\/CzasiwJar.png\" alt=\"\" srcset=\"https:\/\/htb.com.pl\/wp-content\/uploads\/2024\/05\/CzasiwJar.png 670w, https:\/\/htb.com.pl\/wp-content\/uploads\/2024\/05\/CzasiwJar-300x163.png 300w, https:\/\/htb.com.pl\/wp-content\/uploads\/2024\/05\/CzasiwJar-600x326.png 600w\" sizes=\"auto, (max-width: 150px) 100vw, 150px\" \/><\/a> i na samo s\u0142owo \u201eesbecy\u201d sraczki dostawa\u0142o. Jednak ludzie, kt\u00f3rzy czas okupacji pami\u0119tali wymierali, a nazwiska tych co jeszcze do s\u0142u\u017cby si\u0119 nadawali, ludzie Putina dzi\u0119ki Antoniemu Macierewiczowi poznali. To sprawi\u0142o, \u017ce ludzie Putina coraz mniej si\u0119 naszych s\u0142u\u017cb bali. Tym bardziej, \u017ce w \u015brodowisku toru\u0144skim ca\u0142kiem dobrze si\u0119 zainstalowali. I w\u0142a\u015bnie tam wykombinowali, \u017ce w 70 rocznic\u0119 Zbrodni Katy\u0144skiej &#8211; w Katyniu r\u00f3\u017caniec b\u0119dzie si\u0119 odmawia\u0142o i na ten r\u00f3\u017caniec prezydenta Lecha Kaczy\u0144skiego z delegacj\u0105 toru\u0144skie \u015brodowisk wezwa\u0142o. To reelekcj\u0119 prezydenta Kaczy\u0144skiego zapewni\u0107 mia\u0142o, cho\u0107 samo \u015brodowisko w\u0105tpliwo\u015bci tu mia\u0142o.<\/p>\n\n\n\n<p>&nbsp; Niestety ci, co si\u0119 w tym zorientowali nie pomagali i ludzie, kt\u00f3rzy do niczego si\u0119 nie nadawali za przygotowanie wylotu do Katynia si\u0119 zabrali. \u017beby wszystko si\u0119 uda\u0142o na pocz\u0105tek pochlali, gdyby &nbsp;Pani Maria Kaczy\u0144ska Adama Bielana z domu nie wywali\u0142a, go\u015bcie pana prezydenta do rana by biesiadowali i po trapie do Tupolewa si\u0119 nie wdrapali.<\/p>\n\n\n\n<p>&nbsp; Niestety &#8211; wystartowali\u2026<\/p>\n\n\n\n<p>Potem wszyscy opowiadali, \u017ce Ruscy zamach zorganizowali, ale dowod\u00f3w na to nie przedstawiali.<\/p>\n\n\n\n<p>Ja mam taki dow\u00f3d. Rosjanie sk\u0142ad za\u0142ogi znali i doskonale si\u0119 orientowali, \u017ce piloci obowi\u0105zkowych test\u00f3w na symulatorach nie zdali, a mimo to zezwolenie na lot i l\u0105dowanie w warunkach, kt\u00f3re to uniemo\u017cliwia\u0142y wydali.<\/p>\n\n\n\n<p>&nbsp; Zapyta\u0142em o to \u2013 cho\u0107 odpowied\u017a zna\u0142em, wielokrotnie przed \u015brodowiskiem toru\u0144ski ostrzega\u0142am. Ale gdy odpowied\u017a otrzyma\u0142em \u2013 oniemia\u0142em. Bo si\u0119 okaza\u0142o, \u017ce towarzystwo kremlowskie wykombinowa\u0142o, \u017ce lot do Smole\u0144ska z prezydenck\u0105 delegacj\u0105, to lot szkoleniowy. Genera\u0142 B\u0142asik, jako instruktor szkolenie przeprowadzi. W papierach prawie wszystko si\u0119 zgadza\u0142o, ale&nbsp;tu to prawie, tragiczne konsekwencje mia\u0142o. Pa\u0144stwo Polskie genera\u0142owi Andrzejowi B\u0142asikowi papiery instruktora na samolot bojowy wyda\u0142o \u2013 a nie na pasa\u017cerskiego Tupolewa! Radio Maria b\u0119dzie Ruskich o to pyta\u0142o. Polakom na lotnisku wojskowym normalnym si\u0119 wyda\u0142o, \u017ce nie kapitan Protasiuk, ale w\u0142a\u015bnie genera\u0142 B\u0142asik prezydentowi gotowo\u015b\u0107 do lotu melduje, ale mnie co tu powiedz\u0105 Polacy nie interesuje.<\/p>\n\n\n\n<p>&nbsp; Jak chodzi o Polsk\u0119, to bardzo by mi zale\u017ca\u0142o, \u017ceby spo\u0142ecze\u0144stwo polskie swego rozumu pos\u0142ucha\u0142o, jak na parlamentarzyst\u00f3w do Parlamentu Europejskiego b\u0119dzie g\u0142osowa\u0142o i \u017ceby tak wybra\u0142o, aby Pa\u0144stwo Polskie w Unii Europejskiej zosta\u0142o i z Ukrain\u0105 si\u0119 dogada\u0142o. To by\u0142by pocz\u0105tek tego, co ju\u017c w 1987 roku dla Marysi by\u0142o co\u015b normalnego. Uwa\u017ca\u0142a \u017ce Polesie w \u00f3wczesnym, RWPG &#8211; dzi\u015b Unia Europejska <a href=\"http:\/\/radiomaria.com.pl\/wp-content\/uploads\/2024\/05\/U01.04.798-dzien-walk-w-Ukrainie-1.mp3\"><img loading=\"lazy\" decoding=\"async\" width=\"150\" height=\"81\" class=\"wp-image-103179\" style=\"width: 150px;\" src=\"https:\/\/htb.com.pl\/wp-content\/uploads\/2024\/05\/Polesie-w-UEmaly.png\" alt=\"\" srcset=\"https:\/\/htb.com.pl\/wp-content\/uploads\/2024\/05\/Polesie-w-UEmaly.png 992w, https:\/\/htb.com.pl\/wp-content\/uploads\/2024\/05\/Polesie-w-UEmaly-300x161.png 300w, https:\/\/htb.com.pl\/wp-content\/uploads\/2024\/05\/Polesie-w-UEmaly-768x413.png 768w, https:\/\/htb.com.pl\/wp-content\/uploads\/2024\/05\/Polesie-w-UEmaly-600x322.png 600w\" sizes=\"auto, (max-width: 150px) 100vw, 150px\" \/><\/a> poka\u017ce, czym jest dobro po\u015br\u00f3d z\u0142ego. Ja ju\u017c wiem, \u017ce racj\u0119 mia\u0142a &#8211; staram si\u0119, aby ta Polska, kt\u00f3ra do racji Marysi jeszcze si\u0119 nie przekona\u0142a, w ko\u0144cu si\u0119 przekona\u0142a.<\/p>\n","protected":false},"excerpt":{"rendered":"<p>Naszemu \u201es\u0142o\u0144cu\u201d wszystko si\u0119 poki\u0107ka\u0142o i \u201es\u0142o\u0144ce\u201d nie wiedzia\u0142o czy to, \u017ce w wyborach do Parlamentu Europejskiego jego ugrupowanie b\u0119dzie startowa\u0142o, Putinowi b\u0119dzie si\u0119 podoba\u0142o. &nbsp;Ostatecznie \u201es\u0142o\u0144ce\u201d zdecydowa\u0142o, \u017ce jego ugrupowanie b\u0119dzie startowa\u0142o &#8211; a tam, gdzie z sonda\u017cy wynika\u0142o, \u017ce wi\u0119kszo\u015b\u0107 Polak\u00f3w polityk\u0119 Putina \u2013 czyli rozwalanie Unii Europejskiej b\u0119dzie popiera\u0142o, \u201es\u0142oneczko\u201d Obajtka, Kami\u0144skiego [&hellip;]<\/p>\n","protected":false},"author":1,"featured_media":103179,"comment_status":"open","ping_status":"open","sticky":false,"template":"","format":"standard","meta":{"_jetpack_memberships_contains_paid_content":false,"footnotes":""},"categories":[4],"tags":[963,962],"class_list":["post-103168","post","type-post","status-publish","format-standard","has-post-thumbnail","hentry","category-daty-i-fakty-blog","tag-a-tak-naprawde-na-nie","tag-jestesmy-na-tak"],"jetpack_sharing_enabled":true,"jetpack_featured_media_url":"https:\/\/htb.com.pl\/wp-content\/uploads\/2024\/05\/Polesie-w-UEmaly.png","_links":{"self":[{"href":"https:\/\/htb.com.pl\/index.php?rest_route=\/wp\/v2\/posts\/103168","targetHints":{"allow":["GET"]}}],"collection":[{"href":"https:\/\/htb.com.pl\/index.php?rest_route=\/wp\/v2\/posts"}],"about":[{"href":"https:\/\/htb.com.pl\/index.php?rest_route=\/wp\/v2\/types\/post"}],"author":[{"embeddable":true,"href":"https:\/\/htb.com.pl\/index.php?rest_route=\/wp\/v2\/users\/1"}],"replies":[{"embeddable":true,"href":"https:\/\/htb.com.pl\/index.php?rest_route=%2Fwp%2Fv2%2Fcomments&post=103168"}],"version-history":[{"count":9,"href":"https:\/\/htb.com.pl\/index.php?rest_route=\/wp\/v2\/posts\/103168\/revisions"}],"predecessor-version":[{"id":103217,"href":"https:\/\/htb.com.pl\/index.php?rest_route=\/wp\/v2\/posts\/103168\/revisions\/103217"}],"wp:featuredmedia":[{"embeddable":true,"href":"https:\/\/htb.com.pl\/index.php?rest_route=\/wp\/v2\/media\/103179"}],"wp:attachment":[{"href":"https:\/\/htb.com.pl\/index.php?rest_route=%2Fwp%2Fv2%2Fmedia&parent=103168"}],"wp:term":[{"taxonomy":"category","embeddable":true,"href":"https:\/\/htb.com.pl\/index.php?rest_route=%2Fwp%2Fv2%2Fcategories&post=103168"},{"taxonomy":"post_tag","embeddable":true,"href":"https:\/\/htb.com.pl\/index.php?rest_route=%2Fwp%2Fv2%2Ftags&post=103168"}],"curies":[{"name":"wp","href":"https:\/\/api.w.org\/{rel}","templated":true}]}}