{"id":103503,"date":"2024-05-12T09:41:08","date_gmt":"2024-05-12T09:41:08","guid":{"rendered":"https:\/\/htb.com.pl\/?p=103503"},"modified":"2024-05-12T12:48:11","modified_gmt":"2024-05-12T12:48:11","slug":"kolko-i-krzyzyk","status":"publish","type":"post","link":"https:\/\/htb.com.pl\/?p=103503","title":{"rendered":"K\u00f3\u0142ko i krzy\u017cyk"},"content":{"rendered":"\n<p>\u00a0 <\/p>\n\n\n\n<p><\/p>\n\n\n\n<figure class=\"wp-block-image size-thumbnail\"><a href=\"https:\/\/htb.com.pl\/wp-content\/uploads\/2024\/05\/Kolko-i-krzyzyk.mp3\"><img loading=\"lazy\" decoding=\"async\" width=\"150\" height=\"150\" src=\"https:\/\/htb.com.pl\/wp-content\/uploads\/2018\/04\/posluchaj-150x150.jpg\" alt=\"\" class=\"wp-image-2020\" srcset=\"https:\/\/htb.com.pl\/wp-content\/uploads\/2018\/04\/posluchaj-150x150.jpg 150w, https:\/\/htb.com.pl\/wp-content\/uploads\/2018\/04\/posluchaj-300x300.jpg 300w, https:\/\/htb.com.pl\/wp-content\/uploads\/2018\/04\/posluchaj-100x100.jpg 100w\" sizes=\"auto, (max-width: 150px) 100vw, 150px\" \/><\/a><\/figure>\n\n\n\n<p>Gra dobra ze z\u0142em w kolejn\u0105 faz\u0119 wst\u0119puje. W\u0142adymir Putin na Kremlu kolejny raz oficjalnie w\u0142adz\u0119 obejmuje.\u00a0<a href=\"http:\/\/radiomaria.com.pl\/wp-content\/uploads\/2024\/05\/08.05-Putin-ponownie-prezyzdntem-Rosji.mp3\"><img loading=\"lazy\" decoding=\"async\" width=\"150\" height=\"84\" class=\"wp-image-103509\" style=\"width: 150px;\" src=\"https:\/\/htb.com.pl\/wp-content\/uploads\/2024\/05\/Prezydent-Putinmaly.png\" alt=\"\" srcset=\"https:\/\/htb.com.pl\/wp-content\/uploads\/2024\/05\/Prezydent-Putinmaly.png 989w, https:\/\/htb.com.pl\/wp-content\/uploads\/2024\/05\/Prezydent-Putinmaly-300x168.png 300w, https:\/\/htb.com.pl\/wp-content\/uploads\/2024\/05\/Prezydent-Putinmaly-768x430.png 768w, https:\/\/htb.com.pl\/wp-content\/uploads\/2024\/05\/Prezydent-Putinmaly-600x336.png 600w\" sizes=\"auto, (max-width: 150px) 100vw, 150px\" \/><\/a> Jego frakcja w Polsce do europejskich wybor\u00f3w si\u0119 przygotowuje \u2013 znaczy rolnik\u00f3w niby reprezentuje i na ulicach protestuje, ostatnio w Warszawie.<\/p>\n\n\n\n<p>&nbsp; Taki protest z mojego Podkarpacia Pan Krzysztof Fal organizuje, Przewodnicz\u0105cym Zarz\u0105du Regionu Podkarpacie NSZZ \u201eS\u201d z siedzib\u0105 w Kro\u015bnie. Bardzo si\u0119 stara\u0142em, ale rozmowy z tym Panem nie nagra\u0142em.<\/p>\n\n\n\n<figure class=\"wp-block-image size-full is-resized\"><a href=\"http:\/\/radiomaria.com.pl\/wp-content\/uploads\/2023\/03\/10.05.Wojna-z-Putinem-trwa.mp3\"><img loading=\"lazy\" decoding=\"async\" width=\"986\" height=\"690\" src=\"https:\/\/htb.com.pl\/wp-content\/uploads\/2024\/05\/ZielonyLad_Protestdobrt.jpg\" alt=\"\" class=\"wp-image-103514\" style=\"width:840px;height:auto\" srcset=\"https:\/\/htb.com.pl\/wp-content\/uploads\/2024\/05\/ZielonyLad_Protestdobrt.jpg 986w, https:\/\/htb.com.pl\/wp-content\/uploads\/2024\/05\/ZielonyLad_Protestdobrt-300x210.jpg 300w, https:\/\/htb.com.pl\/wp-content\/uploads\/2024\/05\/ZielonyLad_Protestdobrt-768x537.jpg 768w, https:\/\/htb.com.pl\/wp-content\/uploads\/2024\/05\/ZielonyLad_Protestdobrt-600x420.jpg 600w\" sizes=\"auto, (max-width: 986px) 100vw, 986px\" \/><\/a><\/figure>\n\n\n\n<p><strong>&nbsp; <\/strong>W tej grze nasz \u015bwiat ZIELONY \u0141AD reprezentuje, przeciwko &nbsp;jest z\u0142o, kt\u00f3re akurat teraz jako Solidarno\u015b\u0107 pisana z du\u017cej litery wyst\u0119puje. Kiedy\u015b to pi\u0119kne s\u0142owo ma\u0142\u0105 liter\u0105 si\u0119 pisa\u0142o i dobro oznacza\u0142o. Pami\u0119tam, jak to si\u0119 zmienia\u0142o. To by\u0142y lata osiemdziesi\u0105te ubieg\u0142ego wieku. W Polsce ludzie, kt\u00f3rzy J\u00f3zefa Pi\u0142sudskiego za kontrowersyjnego uwa\u017cali ci\u0105gle jeszcze \u2013 cho\u0107 z coraz wi\u0119kszym trudem u w\u0142adzy pozostawali. Ci, co Pi\u0142sudskiego za sw\u00f3j wz\u00f3r uwa\u017cali, a kiedy\u015b jako sanacja z Polski pouciekali i swe struktury w Londynie za pieni\u0105dze zachodnich wywiad\u00f3w utrzymywali, metodycznie \u2013 dzi\u0119ki tym wywiadom w\u0142adz\u0119 w Polsce przejmowali. Wtedy, podobnie jak dzi\u015b z problemem zanieczyszczonego \u015brodowiska \u017ce\u015bmy si\u0119 borykali. Rz\u0105dz\u0105cy zdecydowali, \u017ce elektrownie j\u0105drowe b\u0119dziemy budowali, a z w\u0119gla powolutku b\u0119dziemy rezygnowali. Londy\u0144czycy si\u0119 z tym nie zgadzali i w kraju protesty organizowali. Nieoczekiwanie dla tych protest\u00f3w argument dostali. 26 kwietnia katastrofa w Czarnobylu spowodowa\u0142a, \u017ce nasza \u00f3wczesna polityka ZIELONEGO \u0141ADU si\u0119 za\u0142ama\u0142a. Londy\u0144czycy w\u0142adz\u0119 przej\u0119li i tylko dzi\u0119ki temu, \u017ce na chwile j\u0105 oddawali cz\u0142onkami NATO (12 marca 1999r.) i Unii Europejskiej ( 1 maja 2004 r.) \u017ce\u015bmy si\u0119 stali. Niestety, z energetyki j\u0105drowej definitywnie \u017ce\u015bmy zrezygnowali. Teraz, gdy si\u0119 okaza\u0142o, \u017ce to b\u0119dzie kosztowa\u0142o,<\/p>\n\n\n\n<p><\/p>\n\n\n\n<figure class=\"wp-block-gallery has-nested-images columns-default is-cropped wp-block-gallery-1 is-layout-flex wp-block-gallery-is-layout-flex\">\n<figure class=\"wp-block-image size-large\"><a href=\"http:\/\/radiomaria.com.pl\/wp-content\/uploads\/2023\/03\/10.05.Wojna-z-Putinem-trwa.mp3\"><img loading=\"lazy\" decoding=\"async\" width=\"993\" height=\"569\" data-id=\"103511\" src=\"https:\/\/htb.com.pl\/wp-content\/uploads\/2024\/05\/Ceny-energii-elektrycznej-w-Europie.png\" alt=\"\" class=\"wp-image-103511\" srcset=\"https:\/\/htb.com.pl\/wp-content\/uploads\/2024\/05\/Ceny-energii-elektrycznej-w-Europie.png 993w, https:\/\/htb.com.pl\/wp-content\/uploads\/2024\/05\/Ceny-energii-elektrycznej-w-Europie-300x172.png 300w, https:\/\/htb.com.pl\/wp-content\/uploads\/2024\/05\/Ceny-energii-elektrycznej-w-Europie-768x440.png 768w, https:\/\/htb.com.pl\/wp-content\/uploads\/2024\/05\/Ceny-energii-elektrycznej-w-Europie-600x344.png 600w\" sizes=\"auto, (max-width: 993px) 100vw, 993px\" \/><\/a><\/figure>\n\n\n\n<figure class=\"wp-block-image size-large\"><img loading=\"lazy\" decoding=\"async\" width=\"983\" height=\"564\" data-id=\"103512\" src=\"https:\/\/htb.com.pl\/wp-content\/uploads\/2024\/05\/Salko-prad.png\" alt=\"\" class=\"wp-image-103512\" srcset=\"https:\/\/htb.com.pl\/wp-content\/uploads\/2024\/05\/Salko-prad.png 983w, https:\/\/htb.com.pl\/wp-content\/uploads\/2024\/05\/Salko-prad-300x172.png 300w, https:\/\/htb.com.pl\/wp-content\/uploads\/2024\/05\/Salko-prad-768x441.png 768w, https:\/\/htb.com.pl\/wp-content\/uploads\/2024\/05\/Salko-prad-600x344.png 600w\" sizes=\"auto, (max-width: 983px) 100vw, 983px\" \/><\/figure>\n<\/figure>\n\n\n\n<p> dawni Londy\u0144czycy, jak w \u201eFolwarku zwierz\u0119cym\u201d Orwela, tak post\u0119powali, \u017ceby\u015bmy przy tym co by\u0142o zostali. Ostatnio jednak si\u0119 podzielili i pok\u0142\u00f3cili. Dwie frakcje stworzyli i nawet my \u017ce\u015bmy uwierzyli, \u017ce ci, co na Donalda Tuska postawili &#8211; na dobro postawili. Ten&nbsp; ostatnio przemawiaj\u0105c w Sejmie Orwelowsk\u0105 prawd\u0119 zauwa\u017cy\u0142. Tam zwierz\u0119ta po tym, jak przej\u0119\u0142y w\u0142adz\u0119 w folwarku i sw\u00f3j folwark folwarkiem zwierz\u0119cym nazwa\u0142y, z czasem do ludzi si\u0119 upodobni\u0142y i do dawnej nazwy wr\u00f3ci\u0142y.<\/p>\n\n\n\n<p>&nbsp; Kiedy\u015b w Polsce rz\u0105dzi\u0142a PZPR, Leszek Moczulski &#8211; opozycjonista rozszyfrowa\u0142 ten skr\u00f3t, jako p\u0142atni zdrajcy pacho\u0142ki Rosji. Dzi\u015b Donald Tusk z tej samej m\u00f3wnicy powiedzia\u0142 to samo o swoich przeciwnikach, a kiedy\u015b przy rozwalaniu naszej energetyki j\u0105drowej sojusznikach.<\/p>\n\n\n\n<p><strong>&nbsp; <\/strong>Tak do niczego nie dojdziemy \u2013 chyba, \u017ce do Parlamentu Europejskiego m\u0142odo\u015b\u0107 wybierzemy. To Oni, dzisiejsi nastolatkowie w \u015bwiecie, kt\u00f3ry my wraz z politykami prawie \u017ce\u015bmy unicestwili, b\u0119d\u0105 \u017cyli. Dobrze by by\u0142o, jakby m\u0105drzejsi od nas byli.<\/p>\n\n\n\n<p><strong>&nbsp;<\/strong> Jest nadzieja. W konkursie na plakat promuj\u0105cy udzia\u0142 w wyborach do Parlamentu Europejskiego nagrod\u0119 dodatkow\u0105 Przedstawicielstwa Komisji Europejskiej w Polsce przyznano Kamili Zawrzykraj, studentce III roku grafiki w Akademii Tarnowskiej. S\u0142uchacze Radia MARIA jej Plakat uznali za najlepszy. B\u0119dzie nagroda. <a href=\"http:\/\/radiomaria.com.pl\/wp-content\/uploads\/2024\/05\/08.05.Zwiewajcie.mp3\"><img loading=\"lazy\" decoding=\"async\" width=\"150\" height=\"210\" class=\"wp-image-103507\" style=\"width: 150px;\" src=\"https:\/\/htb.com.pl\/wp-content\/uploads\/2024\/05\/plakat3maly.jpg\" alt=\"\" srcset=\"https:\/\/htb.com.pl\/wp-content\/uploads\/2024\/05\/plakat3maly.jpg 994w, https:\/\/htb.com.pl\/wp-content\/uploads\/2024\/05\/plakat3maly-214x300.jpg 214w, https:\/\/htb.com.pl\/wp-content\/uploads\/2024\/05\/plakat3maly-731x1024.jpg 731w, https:\/\/htb.com.pl\/wp-content\/uploads\/2024\/05\/plakat3maly-768x1076.jpg 768w, https:\/\/htb.com.pl\/wp-content\/uploads\/2024\/05\/plakat3maly-600x840.jpg 600w\" sizes=\"auto, (max-width: 150px) 100vw, 150px\" \/><\/a><\/p>\n","protected":false},"excerpt":{"rendered":"<p>\u00a0 Gra dobra ze z\u0142em w kolejn\u0105 faz\u0119 wst\u0119puje. W\u0142adymir Putin na Kremlu kolejny raz oficjalnie w\u0142adz\u0119 obejmuje.\u00a0 Jego frakcja w Polsce do europejskich wybor\u00f3w si\u0119 przygotowuje \u2013 znaczy rolnik\u00f3w niby reprezentuje i na ulicach protestuje, ostatnio w Warszawie. &nbsp; Taki protest z mojego Podkarpacia Pan Krzysztof Fal organizuje, Przewodnicz\u0105cym Zarz\u0105du Regionu Podkarpacie NSZZ \u201eS\u201d [&hellip;]<\/p>\n","protected":false},"author":1,"featured_media":103518,"comment_status":"open","ping_status":"open","sticky":false,"template":"","format":"standard","meta":{"_jetpack_memberships_contains_paid_content":false,"footnotes":""},"categories":[4],"tags":[],"class_list":["post-103503","post","type-post","status-publish","format-standard","has-post-thumbnail","hentry","category-daty-i-fakty-blog"],"jetpack_sharing_enabled":true,"jetpack_featured_media_url":"https:\/\/htb.com.pl\/wp-content\/uploads\/2024\/05\/plakat3dobry.jpg","_links":{"self":[{"href":"https:\/\/htb.com.pl\/index.php?rest_route=\/wp\/v2\/posts\/103503","targetHints":{"allow":["GET"]}}],"collection":[{"href":"https:\/\/htb.com.pl\/index.php?rest_route=\/wp\/v2\/posts"}],"about":[{"href":"https:\/\/htb.com.pl\/index.php?rest_route=\/wp\/v2\/types\/post"}],"author":[{"embeddable":true,"href":"https:\/\/htb.com.pl\/index.php?rest_route=\/wp\/v2\/users\/1"}],"replies":[{"embeddable":true,"href":"https:\/\/htb.com.pl\/index.php?rest_route=%2Fwp%2Fv2%2Fcomments&post=103503"}],"version-history":[{"count":9,"href":"https:\/\/htb.com.pl\/index.php?rest_route=\/wp\/v2\/posts\/103503\/revisions"}],"predecessor-version":[{"id":103529,"href":"https:\/\/htb.com.pl\/index.php?rest_route=\/wp\/v2\/posts\/103503\/revisions\/103529"}],"wp:featuredmedia":[{"embeddable":true,"href":"https:\/\/htb.com.pl\/index.php?rest_route=\/wp\/v2\/media\/103518"}],"wp:attachment":[{"href":"https:\/\/htb.com.pl\/index.php?rest_route=%2Fwp%2Fv2%2Fmedia&parent=103503"}],"wp:term":[{"taxonomy":"category","embeddable":true,"href":"https:\/\/htb.com.pl\/index.php?rest_route=%2Fwp%2Fv2%2Fcategories&post=103503"},{"taxonomy":"post_tag","embeddable":true,"href":"https:\/\/htb.com.pl\/index.php?rest_route=%2Fwp%2Fv2%2Ftags&post=103503"}],"curies":[{"name":"wp","href":"https:\/\/api.w.org\/{rel}","templated":true}]}}