{"id":103892,"date":"2024-05-19T23:09:01","date_gmt":"2024-05-19T23:09:01","guid":{"rendered":"https:\/\/htb.com.pl\/?p=103892"},"modified":"2024-05-20T08:02:54","modified_gmt":"2024-05-20T08:02:54","slug":"wyhamowac-mowe-nienawisci","status":"publish","type":"post","link":"https:\/\/htb.com.pl\/?p=103892","title":{"rendered":"Wyhamowa\u0107 mow\u0119 nienawi\u015bci"},"content":{"rendered":"\n<figure class=\"wp-block-image size-thumbnail\"><a href=\"https:\/\/htb.com.pl\/wp-content\/uploads\/2024\/05\/Wyhamowac-mowe-nienawisci.mp3\"><img loading=\"lazy\" decoding=\"async\" width=\"150\" height=\"150\" src=\"https:\/\/htb.com.pl\/wp-content\/uploads\/2018\/04\/posluchaj-150x150.jpg\" alt=\"\" class=\"wp-image-2020\" srcset=\"https:\/\/htb.com.pl\/wp-content\/uploads\/2018\/04\/posluchaj-150x150.jpg 150w, https:\/\/htb.com.pl\/wp-content\/uploads\/2018\/04\/posluchaj-300x300.jpg 300w, https:\/\/htb.com.pl\/wp-content\/uploads\/2018\/04\/posluchaj-100x100.jpg 100w\" sizes=\"auto, (max-width: 150px) 100vw, 150px\" \/><\/a><\/figure>\n\n\n<div class=\"wp-block-image\">\n<figure class=\"aligncenter size-full\"><a href=\"http:\/\/radiomaria.com.pl\/wp-content\/uploads\/2024\/05\/19.05.Przeslanie-Radia-MARIA.mp3\"><img loading=\"lazy\" decoding=\"async\" width=\"200\" height=\"272\" src=\"https:\/\/htb.com.pl\/wp-content\/uploads\/2020\/03\/Matka-Boska.jpg\" alt=\"\" class=\"wp-image-19972\"\/><\/a><figcaption class=\"wp-element-caption\"><strong>Matka Boska Hodegertia symbol Radia MARIA<\/strong><\/figcaption><\/figure>\n<\/div>\n\n\n<p><\/p>\n\n\n\n<p><\/p>\n\n\n\n<p>Od lat w ram\u00f3wce Radia MARIA jest audycja \u201eHejt Brake\u201d. Zamierza\u0142em cz\u0119\u015bciowo nadawa\u0107 j\u0105 z mieleckiej \u201eG\u00f3rki Cyranowskiej\u201d, obecnie Park Le\u015bny G\u00f3ra Cyranowska. Mia\u0142o to by\u0107 w formule Londy\u0144skiego Hyde Park.<\/p>\n\n\n\n<p>&nbsp; Po tym, jak w 2022 roku ods\u0142oni\u0119to tam Pomnik \u017bo\u0142nierzy Niez\u0142omnych (Wykl\u0119tych) zmieni\u0142em zdanie. Wydawa\u0142o mi si\u0119, \u017ce pomnik bardzo podzieli ludzi i ca\u0142a moja filozofia, \u017ce to mia\u0142oby ludzi \u0142\u0105czy\u0107, wyda\u0142a mi si\u0119 nierealna.<\/p>\n\n\n\n<p>&nbsp; Jednak wcze\u015bniej, bo w roku 2019 Parlament Europejski przyj\u0105\u0142 rezolucj\u0119, \u017ce 25 dzie\u0144 maja, dzie\u0144 \u015bmierci rot. Witolda Pileckiego (1948 rok), to b\u0119dzie Mi\u0119dzynarodowy Dzie\u0144 Bohater\u00f3w Walki z Totalitaryzmem. Pilecki jest jedn\u0105 z 12 postaci upami\u0119tnionych na mieleckim pomniku\u2026 Doszed\u0142em do wniosku, \u017ce pomnik tu nie przeszkadza, ale wr\u0119cz wpisuje si\u0119 w narracj\u0119 Radia MARIA. Powr\u00f3ci\u0142em do pomys\u0142u, aby audycj\u0119 \u201eHejt Brake\u201d, cz\u0119\u015bciowo nadawa\u0107 z \u201eG\u00f3rki Cyranowskiej\u201d.<\/p>\n\n\n\n<p>\u00a0 A czasy s\u0105 trudne. Wr\u00f3g w granicach, s\u0105siednia S\u0142owacja po zamachu na premiera Roberta Fico <a href=\"http:\/\/radiomaria.com.pl\/wp-content\/uploads\/2024\/05\/15.05.Zamach-na-Roberta-Fico.mp3\"><img loading=\"lazy\" decoding=\"async\" width=\"150\" height=\"79\" class=\"wp-image-103895\" style=\"width: 150px;\" src=\"https:\/\/htb.com.pl\/wp-content\/uploads\/2024\/05\/Zamach-na-Ficomaly.jpg\" alt=\"\" srcset=\"https:\/\/htb.com.pl\/wp-content\/uploads\/2024\/05\/Zamach-na-Ficomaly.jpg 927w, https:\/\/htb.com.pl\/wp-content\/uploads\/2024\/05\/Zamach-na-Ficomaly-300x159.jpg 300w, https:\/\/htb.com.pl\/wp-content\/uploads\/2024\/05\/Zamach-na-Ficomaly-768x406.jpg 768w, https:\/\/htb.com.pl\/wp-content\/uploads\/2024\/05\/Zamach-na-Ficomaly-850x450.jpg 850w, https:\/\/htb.com.pl\/wp-content\/uploads\/2024\/05\/Zamach-na-Ficomaly-600x317.jpg 600w\" sizes=\"auto, (max-width: 150px) 100vw, 150px\" \/><\/a> ma podobnie. Amerykanie, kt\u00f3rzy naszej specyfiki nie znaj\u0105, nie pomagaj\u0105. Putin, kt\u00f3ry to wszystko po swojemu pojmuje, do d\u0142ugotrwa\u0142ej wojny si\u0119 przygotowuje. <a href=\"http:\/\/radiomaria.com.pl\/wp-content\/uploads\/2024\/05\/14.05.Putin-niczego-sie-nie-boi.mp3\"><img loading=\"lazy\" decoding=\"async\" width=\"150\" height=\"95\" class=\"wp-image-103893\" style=\"width: 150px;\" src=\"https:\/\/htb.com.pl\/wp-content\/uploads\/2024\/05\/Zmiany-na-Kremlu.png\" alt=\"\" srcset=\"https:\/\/htb.com.pl\/wp-content\/uploads\/2024\/05\/Zmiany-na-Kremlu.png 960w, https:\/\/htb.com.pl\/wp-content\/uploads\/2024\/05\/Zmiany-na-Kremlu-300x190.png 300w, https:\/\/htb.com.pl\/wp-content\/uploads\/2024\/05\/Zmiany-na-Kremlu-768x486.png 768w, https:\/\/htb.com.pl\/wp-content\/uploads\/2024\/05\/Zmiany-na-Kremlu-600x380.png 600w\" sizes=\"auto, (max-width: 150px) 100vw, 150px\" \/><\/a> A Polska klasa polityczna nas ok\u0142amuje, <a href=\"http:\/\/radiomaria.com.pl\/wp-content\/uploads\/2024\/05\/18.05.mp3\"><img loading=\"lazy\" decoding=\"async\" width=\"150\" height=\"71\" class=\"wp-image-103899\" style=\"width: 150px;\" src=\"https:\/\/htb.com.pl\/wp-content\/uploads\/2024\/05\/Taurus1.png\" alt=\"\" srcset=\"https:\/\/htb.com.pl\/wp-content\/uploads\/2024\/05\/Taurus1.png 779w, https:\/\/htb.com.pl\/wp-content\/uploads\/2024\/05\/Taurus1-300x141.png 300w, https:\/\/htb.com.pl\/wp-content\/uploads\/2024\/05\/Taurus1-768x362.png 768w, https:\/\/htb.com.pl\/wp-content\/uploads\/2024\/05\/Taurus1-600x283.png 600w\" sizes=\"auto, (max-width: 150px) 100vw, 150px\" \/><\/a> \u017ce nad wszystkim panuje.<\/p>\n\n\n\n<p>\u00a0 25 maja 1987 roku pod Aresztem \u015aledczym na Rakowieckiej w Warszawie, gdzie w 1948 roku wykonano wyrok \u2013 kar\u0119 \u015bmierci na rot. Witoldzie Pileckim &#8211; Marysia do mnie powiedzia\u0142a: \u201eTrzeba robi\u0107 wszystko Jasiu, \u017ceby ju\u017c nigdy Polak nie strzela\u0142 do Polaka\u201d. \u00a0\u00a0W\u0142a\u015bnie to robi\u0119. 25 maja z\u0142o\u017c\u0119 kwiaty pod pomnikiem\u00a0 \u017bo\u0142nierzy Niez\u0142omnych (Wykl\u0119tych) w Mielcu, a w Radiu MARIA b\u0119dzie specjalna audycja.<\/p>\n","protected":false},"excerpt":{"rendered":"<p>Od lat w ram\u00f3wce Radia MARIA jest audycja \u201eHejt Brake\u201d. Zamierza\u0142em cz\u0119\u015bciowo nadawa\u0107 j\u0105 z mieleckiej \u201eG\u00f3rki Cyranowskiej\u201d, obecnie Park Le\u015bny G\u00f3ra Cyranowska. Mia\u0142o to by\u0107 w formule Londy\u0144skiego Hyde Park. &nbsp; Po tym, jak w 2022 roku ods\u0142oni\u0119to tam Pomnik \u017bo\u0142nierzy Niez\u0142omnych (Wykl\u0119tych) zmieni\u0142em zdanie. Wydawa\u0142o mi si\u0119, \u017ce pomnik bardzo podzieli ludzi i [&hellip;]<\/p>\n","protected":false},"author":1,"featured_media":103905,"comment_status":"open","ping_status":"open","sticky":false,"template":"","format":"standard","meta":{"_jetpack_memberships_contains_paid_content":false,"footnotes":""},"categories":[4],"tags":[969],"class_list":["post-103892","post","type-post","status-publish","format-standard","has-post-thumbnail","hentry","category-daty-i-fakty-blog","tag-wyhamowac-mowe-nienawisci"],"jetpack_sharing_enabled":true,"jetpack_featured_media_url":"https:\/\/htb.com.pl\/wp-content\/uploads\/2024\/05\/HamulecD.png","_links":{"self":[{"href":"https:\/\/htb.com.pl\/index.php?rest_route=\/wp\/v2\/posts\/103892","targetHints":{"allow":["GET"]}}],"collection":[{"href":"https:\/\/htb.com.pl\/index.php?rest_route=\/wp\/v2\/posts"}],"about":[{"href":"https:\/\/htb.com.pl\/index.php?rest_route=\/wp\/v2\/types\/post"}],"author":[{"embeddable":true,"href":"https:\/\/htb.com.pl\/index.php?rest_route=\/wp\/v2\/users\/1"}],"replies":[{"embeddable":true,"href":"https:\/\/htb.com.pl\/index.php?rest_route=%2Fwp%2Fv2%2Fcomments&post=103892"}],"version-history":[{"count":6,"href":"https:\/\/htb.com.pl\/index.php?rest_route=\/wp\/v2\/posts\/103892\/revisions"}],"predecessor-version":[{"id":103924,"href":"https:\/\/htb.com.pl\/index.php?rest_route=\/wp\/v2\/posts\/103892\/revisions\/103924"}],"wp:featuredmedia":[{"embeddable":true,"href":"https:\/\/htb.com.pl\/index.php?rest_route=\/wp\/v2\/media\/103905"}],"wp:attachment":[{"href":"https:\/\/htb.com.pl\/index.php?rest_route=%2Fwp%2Fv2%2Fmedia&parent=103892"}],"wp:term":[{"taxonomy":"category","embeddable":true,"href":"https:\/\/htb.com.pl\/index.php?rest_route=%2Fwp%2Fv2%2Fcategories&post=103892"},{"taxonomy":"post_tag","embeddable":true,"href":"https:\/\/htb.com.pl\/index.php?rest_route=%2Fwp%2Fv2%2Ftags&post=103892"}],"curies":[{"name":"wp","href":"https:\/\/api.w.org\/{rel}","templated":true}]}}