{"id":104205,"date":"2024-05-26T10:48:34","date_gmt":"2024-05-26T10:48:34","guid":{"rendered":"https:\/\/htb.com.pl\/?p=104205"},"modified":"2024-05-27T10:08:02","modified_gmt":"2024-05-27T10:08:02","slug":"dzien-bohaterow-walki-z-totalitaryzmem","status":"publish","type":"post","link":"https:\/\/htb.com.pl\/?p=104205","title":{"rendered":"Dzie\u0144 Bohater\u00f3w Walki z Totalitaryzmem"},"content":{"rendered":"\n<p><\/p>\n\n\n\n<figure class=\"wp-block-image size-thumbnail\"><a href=\"https:\/\/htb.com.pl\/wp-content\/uploads\/2024\/05\/Dzien-Bohaterow-Walki-z-Totalitaryzmem-1.mp3\"><img loading=\"lazy\" decoding=\"async\" width=\"150\" height=\"150\" src=\"https:\/\/htb.com.pl\/wp-content\/uploads\/2018\/04\/posluchaj-150x150.jpg\" alt=\"\" class=\"wp-image-2020\" srcset=\"https:\/\/htb.com.pl\/wp-content\/uploads\/2018\/04\/posluchaj-150x150.jpg 150w, https:\/\/htb.com.pl\/wp-content\/uploads\/2018\/04\/posluchaj-300x300.jpg 300w, https:\/\/htb.com.pl\/wp-content\/uploads\/2018\/04\/posluchaj-100x100.jpg 100w\" sizes=\"auto, (max-width: 150px) 100vw, 150px\" \/><\/a><\/figure>\n\n\n\n<p>25 maja, dzie\u0144 \u015bmierci rot. Witolda Pileckiego Parlament Europejski ustanowi\u0142 Dniem Bohater\u00f3w Walki z Totalitaryzmem. I cho\u0107 Pilecki to polski bohater, pr\u00f3\u017cno szuka\u0107 \u015blad\u00f3w jakiegokolwiek uczczenia tego dnia \u2013 nawet w Mielcu pod pomnikiem \u017bo\u0142nierzy Niez\u0142omnych Wykl\u0119tych, gdzie jedn\u0105 z upami\u0119tnionych postaci jest rot. Pilecki, o godzinie 13 by\u0142a tylko jedna \u015bwie\u017ca wi\u0105zanka kwiat\u00f3w. Ja j\u0105 tam po\u0142o\u017cy\u0142em, od S\u0142uchaczy Radia MARIA. Wcze\u015bniej na Mieleckim Bazarze przy Hali Targowej nagra\u0142em audycj\u0119 radiow\u0105 po\u015bwi\u0119con\u0105 Bohaterom Walki z Totalitaryzmem. <a href=\"http:\/\/radiomaria.com.pl\/wp-content\/uploads\/2024\/05\/DzienBohaterowWalkizTotalitaryzmem2034.mp3\"><img loading=\"lazy\" decoding=\"async\" width=\"150\" height=\"107\" class=\"wp-image-104217\" style=\"width: 150px;\" src=\"https:\/\/htb.com.pl\/wp-content\/uploads\/2024\/05\/Totalitaryzm1.png\" alt=\"\" srcset=\"https:\/\/htb.com.pl\/wp-content\/uploads\/2024\/05\/Totalitaryzm1.png 677w, https:\/\/htb.com.pl\/wp-content\/uploads\/2024\/05\/Totalitaryzm1-300x215.png 300w, https:\/\/htb.com.pl\/wp-content\/uploads\/2024\/05\/Totalitaryzm1-600x430.png 600w\" sizes=\"auto, (max-width: 150px) 100vw, 150px\" \/><\/a><\/p>\n\n\n\n<p>&nbsp; &nbsp;15 pa\u017adziernika przy urnach wyborczych wygrali\u015bmy bitw\u0119 z totalitaryzmem, <a href=\"http:\/\/radiomaria.com.pl\/wp-content\/uploads\/2024\/05\/2205.Komisja-ds.-wplywow-rosyjskich-i-bialoruskich.mp3\"><img loading=\"lazy\" decoding=\"async\" width=\"150\" height=\"89\" class=\"wp-image-104213\" style=\"width: 150px;\" src=\"https:\/\/htb.com.pl\/wp-content\/uploads\/2024\/05\/Tuskkommaly.png\" alt=\"\" srcset=\"https:\/\/htb.com.pl\/wp-content\/uploads\/2024\/05\/Tuskkommaly.png 995w, https:\/\/htb.com.pl\/wp-content\/uploads\/2024\/05\/Tuskkommaly-300x179.png 300w, https:\/\/htb.com.pl\/wp-content\/uploads\/2024\/05\/Tuskkommaly-768x458.png 768w, https:\/\/htb.com.pl\/wp-content\/uploads\/2024\/05\/Tuskkommaly-600x358.png 600w\" sizes=\"auto, (max-width: 150px) 100vw, 150px\" \/><\/a> ale wojna ze z\u0142em trwa ca\u0142y czas. Teraz mamy kolejn\u0105 bitw\u0119 na g\u0142osy wyborcze. 9 czerwca wybierzemy parlamentarzyst\u00f3w do Parlamentu Europejskiego. Mam nadziej\u0119, \u017ce i tu wygramy i za rok ho\u0142d Bohaterom Walki z Totalitaryzmem oddamy.<\/p>\n\n\n\n<figure class=\"wp-block-image size-full\"><a href=\"http:\/\/radiomaria.com.pl\/wp-content\/uploads\/2023\/03\/24.05.-Wojna-z-Putinem-trwa.mp3\"><img loading=\"lazy\" decoding=\"async\" width=\"787\" height=\"153\" src=\"https:\/\/htb.com.pl\/wp-content\/uploads\/2024\/05\/Gdzie-jesy-Obajtek.png\" alt=\"\" class=\"wp-image-104215\" srcset=\"https:\/\/htb.com.pl\/wp-content\/uploads\/2024\/05\/Gdzie-jesy-Obajtek.png 787w, https:\/\/htb.com.pl\/wp-content\/uploads\/2024\/05\/Gdzie-jesy-Obajtek-300x58.png 300w, https:\/\/htb.com.pl\/wp-content\/uploads\/2024\/05\/Gdzie-jesy-Obajtek-768x149.png 768w, https:\/\/htb.com.pl\/wp-content\/uploads\/2024\/05\/Gdzie-jesy-Obajtek-600x117.png 600w\" sizes=\"auto, (max-width: 787px) 100vw, 787px\" \/><\/a><\/figure>\n\n\n\n<p>&nbsp; Z\u0142o te\u017c do bitwy si\u0119 przygotowuje. W\u0142adimir Putin dowodzi. Finansuje&nbsp; ruchy populist\u00f3w, jak spotkanie partii prawicowych zorganizowane przez hiszpa\u0144sk\u0105 parti\u0119 Vox w Madrycie z udzia\u0142em Mateusza Morawieckiego. <a href=\"http:\/\/radiomaria.com.pl\/wp-content\/uploads\/2024\/05\/20.05-Kampania-wyborcz-zlych-politykow.mp3\"><img loading=\"lazy\" decoding=\"async\" width=\"150\" height=\"103\" class=\"wp-image-104209\" style=\"width: 150px;\" src=\"https:\/\/htb.com.pl\/wp-content\/uploads\/2024\/05\/MorawieckiH.png\" alt=\"\" srcset=\"https:\/\/htb.com.pl\/wp-content\/uploads\/2024\/05\/MorawieckiH.png 882w, https:\/\/htb.com.pl\/wp-content\/uploads\/2024\/05\/MorawieckiH-300x207.png 300w, https:\/\/htb.com.pl\/wp-content\/uploads\/2024\/05\/MorawieckiH-768x529.png 768w, https:\/\/htb.com.pl\/wp-content\/uploads\/2024\/05\/MorawieckiH-600x414.png 600w\" sizes=\"auto, (max-width: 150px) 100vw, 150px\" \/><\/a> I inspiruje. Tu przyk\u0142adem mo\u017ce by\u0107 postawa prezydenta Andrzeja Dudy, kt\u00f3ry sk\u0142adaj\u0105c kondolencje po tragicznej \u015bmierci premiera Iranu zapomnia\u0142, \u017ce z\u0142o w Polsce jeszcze nie wygra\u0142o <a href=\"http:\/\/radiomaria.com.pl\/wp-content\/uploads\/2024\/05\/2005Kondolencje.mp3\"><img loading=\"lazy\" decoding=\"async\" width=\"150\" height=\"241\" class=\"wp-image-104211\" style=\"width: 150px;\" src=\"https:\/\/htb.com.pl\/wp-content\/uploads\/2024\/05\/KondolrnvjrDudy.png\" alt=\"\" srcset=\"https:\/\/htb.com.pl\/wp-content\/uploads\/2024\/05\/KondolrnvjrDudy.png 276w, https:\/\/htb.com.pl\/wp-content\/uploads\/2024\/05\/KondolrnvjrDudy-187x300.png 187w\" sizes=\"auto, (max-width: 150px) 100vw, 150px\" \/><\/a> &#8211; cho\u0107 pa\u0144stwo polskie krajem wyznaniowym ju\u017c prawie si\u0119 sta\u0142o.<\/p>\n\n\n\n<p>&nbsp; Wspomniana wy\u017cej Hiszpania krajem katolickim naprawd\u0119 si\u0119 sta\u0142a i do dzi\u015b z\u0142a, jakie tym spowodowa\u0142a nie pokona\u0142a. Terroryzm ETA, a dzi\u015b ruchy zmierzaj\u0105ce do podzia\u0142u Hiszpanii.&nbsp;<\/p>\n\n\n\n<p>&nbsp;Katalonia sobie wymy\u015bli\u0142a, \u017ce jakby od Hiszpanii si\u0119 od\u0142\u0105czy\u0142a, to by j\u0105 os\u0142abi\u0142a i d\u0142ug wobec Putina sp\u0142aci\u0142a.<\/p>\n\n\n\n<p>&nbsp;&nbsp; Polska tu ca\u0142y system finansowania kremlowskich s\u0142u\u017cb stworzy\u0142a i do tego co Hiszpania \u2013 kraju katolickiego b\u0119dzie d\u0105\u017cy\u0142a. I tu jest pu\u0142apka, gdyby jaka\u015b partia si\u0119 tu sprzeciwi\u0142a, toru\u0144skie&nbsp; Radio Maryja og\u0142osi, \u017ce partia ta przeciwko katolicyzmowi wyst\u0105pi\u0142a. Dlatego Polska Dnia Pami\u0119ci o Bohaterach Walki z Totalitaryzmem na razie nie b\u0119dzie obchodzi\u0142a.<\/p>\n","protected":false},"excerpt":{"rendered":"<p>25 maja, dzie\u0144 \u015bmierci rot. Witolda Pileckiego Parlament Europejski ustanowi\u0142 Dniem Bohater\u00f3w Walki z Totalitaryzmem. I cho\u0107 Pilecki to polski bohater, pr\u00f3\u017cno szuka\u0107 \u015blad\u00f3w jakiegokolwiek uczczenia tego dnia \u2013 nawet w Mielcu pod pomnikiem \u017bo\u0142nierzy Niez\u0142omnych Wykl\u0119tych, gdzie jedn\u0105 z upami\u0119tnionych postaci jest rot. Pilecki, o godzinie 13 by\u0142a tylko jedna \u015bwie\u017ca wi\u0105zanka kwiat\u00f3w. Ja [&hellip;]<\/p>\n","protected":false},"author":1,"featured_media":104219,"comment_status":"open","ping_status":"open","sticky":false,"template":"","format":"standard","meta":{"_jetpack_memberships_contains_paid_content":false,"footnotes":""},"categories":[4],"tags":[970],"class_list":["post-104205","post","type-post","status-publish","format-standard","has-post-thumbnail","hentry","category-daty-i-fakty-blog","tag-dzien-bohaterow-walki-z-totalitaryzmem"],"jetpack_sharing_enabled":true,"jetpack_featured_media_url":"https:\/\/htb.com.pl\/wp-content\/uploads\/2024\/05\/Totalitaryzm.png","_links":{"self":[{"href":"https:\/\/htb.com.pl\/index.php?rest_route=\/wp\/v2\/posts\/104205","targetHints":{"allow":["GET"]}}],"collection":[{"href":"https:\/\/htb.com.pl\/index.php?rest_route=\/wp\/v2\/posts"}],"about":[{"href":"https:\/\/htb.com.pl\/index.php?rest_route=\/wp\/v2\/types\/post"}],"author":[{"embeddable":true,"href":"https:\/\/htb.com.pl\/index.php?rest_route=\/wp\/v2\/users\/1"}],"replies":[{"embeddable":true,"href":"https:\/\/htb.com.pl\/index.php?rest_route=%2Fwp%2Fv2%2Fcomments&post=104205"}],"version-history":[{"count":10,"href":"https:\/\/htb.com.pl\/index.php?rest_route=\/wp\/v2\/posts\/104205\/revisions"}],"predecessor-version":[{"id":104270,"href":"https:\/\/htb.com.pl\/index.php?rest_route=\/wp\/v2\/posts\/104205\/revisions\/104270"}],"wp:featuredmedia":[{"embeddable":true,"href":"https:\/\/htb.com.pl\/index.php?rest_route=\/wp\/v2\/media\/104219"}],"wp:attachment":[{"href":"https:\/\/htb.com.pl\/index.php?rest_route=%2Fwp%2Fv2%2Fmedia&parent=104205"}],"wp:term":[{"taxonomy":"category","embeddable":true,"href":"https:\/\/htb.com.pl\/index.php?rest_route=%2Fwp%2Fv2%2Fcategories&post=104205"},{"taxonomy":"post_tag","embeddable":true,"href":"https:\/\/htb.com.pl\/index.php?rest_route=%2Fwp%2Fv2%2Ftags&post=104205"}],"curies":[{"name":"wp","href":"https:\/\/api.w.org\/{rel}","templated":true}]}}