{"id":104920,"date":"2024-06-09T10:05:46","date_gmt":"2024-06-09T10:05:46","guid":{"rendered":"https:\/\/htb.com.pl\/?p=104920"},"modified":"2024-06-10T10:56:25","modified_gmt":"2024-06-10T10:56:25","slug":"wybory-do-parlamentu-europejskiego-2024","status":"publish","type":"post","link":"https:\/\/htb.com.pl\/?p=104920","title":{"rendered":"Wybory do Parlamentu Europejskiego 2024"},"content":{"rendered":"\n<p><\/p>\n\n\n\n<figure class=\"wp-block-image size-thumbnail\"><img loading=\"lazy\" decoding=\"async\" width=\"150\" height=\"150\" src=\"https:\/\/htb.com.pl\/wp-content\/uploads\/2018\/04\/posluchaj-150x150.jpg\" alt=\"\" class=\"wp-image-2020\" srcset=\"https:\/\/htb.com.pl\/wp-content\/uploads\/2018\/04\/posluchaj-150x150.jpg 150w, https:\/\/htb.com.pl\/wp-content\/uploads\/2018\/04\/posluchaj-300x300.jpg 300w, https:\/\/htb.com.pl\/wp-content\/uploads\/2018\/04\/posluchaj-100x100.jpg 100w\" sizes=\"auto, (max-width: 150px) 100vw, 150px\" \/><\/figure>\n\n\n\n<p>Wybieramy Parlament naszej Unii Europejskiej. To wa\u017cne wybory. Jak do tej pory wybierali\u015bmy tak, \u017ce Unia Europejska skr\u0119ca\u0142a na szerokie &#8211; znaczy ruskie tory. <a href=\"http:\/\/radiomaria.com.pl\/wp-content\/uploads\/2024\/06\/A04.06.Nasze-wybory.mp3\"><img loading=\"lazy\" decoding=\"async\" width=\"150\" height=\"99\" class=\"wp-image-104923\" style=\"width: 150px;\" src=\"https:\/\/htb.com.pl\/wp-content\/uploads\/2024\/06\/Pieklo-na-ziemi.png\" alt=\"\" srcset=\"https:\/\/htb.com.pl\/wp-content\/uploads\/2024\/06\/Pieklo-na-ziemi.png 925w, https:\/\/htb.com.pl\/wp-content\/uploads\/2024\/06\/Pieklo-na-ziemi-300x198.png 300w, https:\/\/htb.com.pl\/wp-content\/uploads\/2024\/06\/Pieklo-na-ziemi-768x508.png 768w, https:\/\/htb.com.pl\/wp-content\/uploads\/2024\/06\/Pieklo-na-ziemi-600x397.png 600w\" sizes=\"auto, (max-width: 150px) 100vw, 150px\" \/><\/a> Trzeba to zmieni\u0107 \u2013 wybra\u0107 trzeci\u0105 drog\u0119. <a href=\"http:\/\/radiomaria.com.pl\/wp-content\/uploads\/2024\/06\/Szczena-opadaA1.mp3\"><img loading=\"lazy\" decoding=\"async\" width=\"150\" height=\"82\" class=\"wp-image-104921\" style=\"width: 150px;\" src=\"https:\/\/htb.com.pl\/wp-content\/uploads\/2024\/06\/PolsatBurkiewiczZalewska.jpg\" alt=\"\" srcset=\"https:\/\/htb.com.pl\/wp-content\/uploads\/2024\/06\/PolsatBurkiewiczZalewska.jpg 799w, https:\/\/htb.com.pl\/wp-content\/uploads\/2024\/06\/PolsatBurkiewiczZalewska-300x164.jpg 300w, https:\/\/htb.com.pl\/wp-content\/uploads\/2024\/06\/PolsatBurkiewiczZalewska-768x419.jpg 768w, https:\/\/htb.com.pl\/wp-content\/uploads\/2024\/06\/PolsatBurkiewiczZalewska-600x327.jpg 600w\" sizes=\"auto, (max-width: 150px) 100vw, 150px\" \/><\/a> Najlepiej by by\u0142o, jakby tak, jak Marysia m\u00f3wi\u0142a \u2013 ta, co nasze Radio MARIA wymy\u015bli\u0142a. Jestem realist\u0105, z Marysi\u0105 tylko ci si\u0119 zgadzali, co j\u0105 znali i si\u0119 jej bali. Dlatego dopiero po jej \u015bmierci politycy cz\u0119\u015bciowo wolne wybory zorganizowali i program naszej energetyki j\u0105drowej zlikwidowali.<\/p>\n\n\n\n<p>&nbsp; Ju\u017c si\u0119 nie bali i rz\u0105dy wzorowane na przedwojennej sanacji przywracali.<\/p>\n\n\n\n<p>&nbsp; Tak do dzi\u015b \u017ce\u015bmy dotrwali. W wojsku ba\u0142agan podobny do tego z roku 1939 stworzyli, <a href=\"http:\/\/radiomaria.com.pl\/wp-content\/uploads\/2024\/06\/06.06.Strzaly-na-granicy.mp3\"><img loading=\"lazy\" decoding=\"async\" width=\"150\" height=\"101\" class=\"wp-image-104927\" style=\"width: 150px;\" src=\"https:\/\/htb.com.pl\/wp-content\/uploads\/2024\/06\/Strzaly-na-granicy.png\" alt=\"\" srcset=\"https:\/\/htb.com.pl\/wp-content\/uploads\/2024\/06\/Strzaly-na-granicy.png 797w, https:\/\/htb.com.pl\/wp-content\/uploads\/2024\/06\/Strzaly-na-granicy-300x201.png 300w, https:\/\/htb.com.pl\/wp-content\/uploads\/2024\/06\/Strzaly-na-granicy-768x516.png 768w, https:\/\/htb.com.pl\/wp-content\/uploads\/2024\/06\/Strzaly-na-granicy-600x403.png 600w\" sizes=\"auto, (max-width: 150px) 100vw, 150px\" \/><\/a>  <a href=\"http:\/\/radiomaria.com.pl\/wp-content\/uploads\/2024\/06\/07.06.Prokurator-Janeczek.mp3\"><img loading=\"lazy\" decoding=\"async\" width=\"150\" height=\"146\" class=\"wp-image-104938\" style=\"width: 150px;\" src=\"https:\/\/htb.com.pl\/wp-content\/uploads\/2024\/06\/Janeczek.png\" alt=\"\" srcset=\"https:\/\/htb.com.pl\/wp-content\/uploads\/2024\/06\/Janeczek.png 505w, https:\/\/htb.com.pl\/wp-content\/uploads\/2024\/06\/Janeczek-300x291.png 300w\" sizes=\"auto, (max-width: 150px) 100vw, 150px\" \/><\/a>  a gospodark\u0119 i \u015brodowisko poprzez brak energetyki j\u0105drowej zniszczyli. Stu Polak\u00f3w codziennie niepotrzebnie z powodu smogu umiera, a przez najdro\u017cszy pr\u0105d na \u015bwiecie r\u00f3wnie\u017c gospodarka zamiera.<\/p>\n\n\n\n<p>&nbsp; Dzi\u015b podobnie jak 4 czerwca 1999 roku, (to te s\u0142ynne cz\u0119\u015bciowo wolne wybory) Polska wybiera.<\/p>\n\n\n\n<p>&nbsp; Sanacja przed II wojn\u0105 \u015bwiatow\u0105 zdecydowa\u0142a, \u017ce w koalicji antyhitlerowskiej z Ruskimi nie b\u0119dzie dzia\u0142a\u0142a. Jak Hitler zaj\u0105\u0142 Czechos\u0142owacj\u0119, Polska Zaolzie zaanektowa\u0142a.<\/p>\n\n\n\n<figure class=\"wp-block-image size-full\"><a href=\"http:\/\/radiomaria.com.pl\/wp-content\/uploads\/2024\/06\/05.06.Dwa-fronty-Putina.mp3\"><img loading=\"lazy\" decoding=\"async\" width=\"989\" height=\"385\" src=\"https:\/\/htb.com.pl\/wp-content\/uploads\/2024\/06\/Bruksela-i-Warszawamaly.png\" alt=\"\" class=\"wp-image-104925\" srcset=\"https:\/\/htb.com.pl\/wp-content\/uploads\/2024\/06\/Bruksela-i-Warszawamaly.png 989w, https:\/\/htb.com.pl\/wp-content\/uploads\/2024\/06\/Bruksela-i-Warszawamaly-300x117.png 300w, https:\/\/htb.com.pl\/wp-content\/uploads\/2024\/06\/Bruksela-i-Warszawamaly-768x299.png 768w, https:\/\/htb.com.pl\/wp-content\/uploads\/2024\/06\/Bruksela-i-Warszawamaly-600x234.png 600w\" sizes=\"auto, (max-width: 989px) 100vw, 989px\" \/><\/a><\/figure>\n\n\n\n<p>&nbsp; W Sylwestra 1986 roku, gdy Marysia toast wznosi\u0142a do ch\u0142opak\u00f3w z razwietpura, (GRU, wtedy radziecki wywiad wojskowy) tak m\u00f3wi\u0142a. <em>Je\u017celi mamy walczy\u0107, to walczmy ze z\u0142em, ono jest na wschodzie i na zachodzie. <\/em>Ci Rosjanie, kt\u00f3rzy si\u0119 z Marysi\u0105 nie zgadzali, po roku 1990 Putina wspierali i ju\u017c nie GRU, ale FSB si\u0119 nazywali. I to oni nas ograli. Sprawili, \u017ce Matk\u0119 Boga Mari\u0119 &#8211; Maryj\u0105 \u017ce\u015bmy nazwali, bli\u017aniego tylko swojego kochali, a na swych przedstawicieli gorszych od siebie wybierali.<\/p>\n\n\n\n<figure class=\"wp-block-gallery has-nested-images columns-default is-cropped wp-block-gallery-1 is-layout-flex wp-block-gallery-is-layout-flex\">\n<figure class=\"wp-block-image size-large\"><img loading=\"lazy\" decoding=\"async\" width=\"246\" height=\"294\" data-id=\"46171\" src=\"https:\/\/htb.com.pl\/wp-content\/uploads\/2021\/05\/caryca-ma\u0142y.jpg\" alt=\"\" class=\"wp-image-46171\"\/><figcaption class=\"wp-element-caption\">Pos\u0142uchaj naszego nagrania archiwalneg<a href=\"http:\/\/radiomaria.com.pl\/wp-content\/uploads\/2024\/06\/07.06.-Czy-Puti-dokonczy-dziala.mp3\">o <\/a><a href=\"http:\/\/radiomaria.com.pl\/wp-content\/uploads\/2021\/05\/Ostrze%C5%BCenieks.-prof-Tadeusza-Guza-d.mp3\"><img loading=\"lazy\" decoding=\"async\" width=\"28\" height=\"28\" class=\"wp-image-55549\" style=\"width: 28px;\" src=\"https:\/\/htb.com.pl\/wp-content\/uploads\/2021\/09\/play-mikro.png\" alt=\"\"><\/a><\/figcaption><\/figure>\n\n\n\n<figure class=\"wp-block-image size-large\"><a href=\"http:\/\/radiomaria.com.pl\/wp-content\/uploads\/2024\/06\/07.06.-Czy-Puti-dokonczy-dziala.mp3\"><img loading=\"lazy\" decoding=\"async\" width=\"493\" height=\"423\" data-id=\"104934\" src=\"https:\/\/htb.com.pl\/wp-content\/uploads\/2024\/06\/Nunu.png\" alt=\"\" class=\"wp-image-104934\" srcset=\"https:\/\/htb.com.pl\/wp-content\/uploads\/2024\/06\/Nunu.png 493w, https:\/\/htb.com.pl\/wp-content\/uploads\/2024\/06\/Nunu-300x257.png 300w\" sizes=\"auto, (max-width: 493px) 100vw, 493px\" \/><\/a><\/figure>\n<\/figure>\n\n\n\n<p>&nbsp; Dzi\u015b jest ostania chwila, aby\u015bmy to przerwali i na dobrych polityk\u00f3w zag\u0142osowali. Wielokrotnie \u017ce\u015bmy ich definiowali. Marysia m\u00f3wi\u0142a, \u017ce to tacy, kt\u00f3rzy na J\u00f3zefie Pi\u0142sudskim nie b\u0119d\u0105 si\u0119 wzorowali.<\/p>\n\n\n\n<p>&nbsp; To jest ta trzecia droga, przedwojenny Front Morges, z Ignacym Janem Paderewskim, Wincentym Witosem, gen. W\u0142adys\u0142awem Sikorskim\u2026 Jak do tych ludzi b\u0119dziemy por\u00f3wnywali tych, co b\u0119dziemy wybierali, lepsz\u0105 Polsk\u0119 stworzymy, a w naszej Unii Europejskiej z\u0142o ograniczymy.<\/p>\n\n\n\n<figure class=\"wp-block-image size-full\"><img loading=\"lazy\" decoding=\"async\" width=\"978\" height=\"573\" src=\"https:\/\/htb.com.pl\/wp-content\/uploads\/2024\/06\/Parlament-Europejski2024A.png\" alt=\"\" class=\"wp-image-104988\" srcset=\"https:\/\/htb.com.pl\/wp-content\/uploads\/2024\/06\/Parlament-Europejski2024A.png 978w, https:\/\/htb.com.pl\/wp-content\/uploads\/2024\/06\/Parlament-Europejski2024A-300x176.png 300w, https:\/\/htb.com.pl\/wp-content\/uploads\/2024\/06\/Parlament-Europejski2024A-768x450.png 768w, https:\/\/htb.com.pl\/wp-content\/uploads\/2024\/06\/Parlament-Europejski2024A-600x352.png 600w\" sizes=\"auto, (max-width: 978px) 100vw, 978px\" \/><\/figure>\n\n\n\n<p>Zako\u0144czy\u0142y si\u0119 wybory do Parlamentu Europejskiego. Polska liderem koalicji antyputinowskiej. Francja przegra\u0142a, Niemcy w grze zosta\u0142y, ale to one Tuska b\u0119d\u0105 s\u0142ucha\u0142y. Jego koalicjantom te\u017c to radz\u0119. Jeszcze nie czas, aby Polska sw\u0105 suwerenno\u015b\u0107 na prawdzie budowa\u0142a. Teraz trzeba walczy\u0107, aby Polska, jak Francja nie przegra\u0142a. To jest demokracja &#8211; ludzie g\u0142osuj\u0105, tu normalno\u015b\u0107 nie dzia\u0142a. Bardzo bym chcia\u0142, \u017ceby Trzecia Droga to zrozumia\u0142a, a Lewica o swoich korzeniach sobie przypomnia\u0142a i o I Armii Wojska Polskiego pami\u0119ta\u0142a. Bo gdyby nie ta armia, nasza Ojczyzna \u041f\u043e\u043b\u044c\u0448\u0430 (Polsza) by si\u0119 nazywa\u0142a i cyrylic\u0105 pisa\u0142a.<\/p>\n","protected":false},"excerpt":{"rendered":"<p>Wybieramy Parlament naszej Unii Europejskiej. To wa\u017cne wybory. Jak do tej pory wybierali\u015bmy tak, \u017ce Unia Europejska skr\u0119ca\u0142a na szerokie &#8211; znaczy ruskie tory. Trzeba to zmieni\u0107 \u2013 wybra\u0107 trzeci\u0105 drog\u0119. Najlepiej by by\u0142o, jakby tak, jak Marysia m\u00f3wi\u0142a \u2013 ta, co nasze Radio MARIA wymy\u015bli\u0142a. Jestem realist\u0105, z Marysi\u0105 tylko ci si\u0119 zgadzali, co [&hellip;]<\/p>\n","protected":false},"author":1,"featured_media":104940,"comment_status":"open","ping_status":"open","sticky":false,"template":"","format":"standard","meta":{"_jetpack_memberships_contains_paid_content":false,"footnotes":""},"categories":[4,1],"tags":[976],"class_list":["post-104920","post","type-post","status-publish","format-standard","has-post-thumbnail","hentry","category-daty-i-fakty-blog","category-uncategorized","tag-wybory-do-parlamentu-europejskiego-2024"],"jetpack_sharing_enabled":true,"jetpack_featured_media_url":"https:\/\/htb.com.pl\/wp-content\/uploads\/2024\/06\/ee24-gtvbanner-plmaly.jpg","_links":{"self":[{"href":"https:\/\/htb.com.pl\/index.php?rest_route=\/wp\/v2\/posts\/104920","targetHints":{"allow":["GET"]}}],"collection":[{"href":"https:\/\/htb.com.pl\/index.php?rest_route=\/wp\/v2\/posts"}],"about":[{"href":"https:\/\/htb.com.pl\/index.php?rest_route=\/wp\/v2\/types\/post"}],"author":[{"embeddable":true,"href":"https:\/\/htb.com.pl\/index.php?rest_route=\/wp\/v2\/users\/1"}],"replies":[{"embeddable":true,"href":"https:\/\/htb.com.pl\/index.php?rest_route=%2Fwp%2Fv2%2Fcomments&post=104920"}],"version-history":[{"count":15,"href":"https:\/\/htb.com.pl\/index.php?rest_route=\/wp\/v2\/posts\/104920\/revisions"}],"predecessor-version":[{"id":104997,"href":"https:\/\/htb.com.pl\/index.php?rest_route=\/wp\/v2\/posts\/104920\/revisions\/104997"}],"wp:featuredmedia":[{"embeddable":true,"href":"https:\/\/htb.com.pl\/index.php?rest_route=\/wp\/v2\/media\/104940"}],"wp:attachment":[{"href":"https:\/\/htb.com.pl\/index.php?rest_route=%2Fwp%2Fv2%2Fmedia&parent=104920"}],"wp:term":[{"taxonomy":"category","embeddable":true,"href":"https:\/\/htb.com.pl\/index.php?rest_route=%2Fwp%2Fv2%2Fcategories&post=104920"},{"taxonomy":"post_tag","embeddable":true,"href":"https:\/\/htb.com.pl\/index.php?rest_route=%2Fwp%2Fv2%2Ftags&post=104920"}],"curies":[{"name":"wp","href":"https:\/\/api.w.org\/{rel}","templated":true}]}}