{"id":105279,"date":"2024-06-16T16:04:31","date_gmt":"2024-06-16T16:04:31","guid":{"rendered":"https:\/\/htb.com.pl\/?p=105279"},"modified":"2024-06-18T10:50:17","modified_gmt":"2024-06-18T10:50:17","slug":"pokoj","status":"publish","type":"post","link":"https:\/\/htb.com.pl\/?p=105279","title":{"rendered":"Pok\u00f3j"},"content":{"rendered":"\n<p><\/p>\n\n\n\n<figure class=\"wp-block-image size-thumbnail\"><a href=\"https:\/\/htb.com.pl\/wp-content\/uploads\/2024\/06\/Pokoj.mp3\"><img loading=\"lazy\" decoding=\"async\" width=\"150\" height=\"150\" src=\"https:\/\/htb.com.pl\/wp-content\/uploads\/2018\/04\/posluchaj-150x150.jpg\" alt=\"\" class=\"wp-image-2020\" srcset=\"https:\/\/htb.com.pl\/wp-content\/uploads\/2018\/04\/posluchaj-150x150.jpg 150w, https:\/\/htb.com.pl\/wp-content\/uploads\/2018\/04\/posluchaj-300x300.jpg 300w, https:\/\/htb.com.pl\/wp-content\/uploads\/2018\/04\/posluchaj-100x100.jpg 100w\" sizes=\"auto, (max-width: 150px) 100vw, 150px\" \/><\/a><\/figure>\n\n\n\n<p><\/p>\n\n\n\n<figure class=\"wp-block-image size-full\"><img loading=\"lazy\" decoding=\"async\" width=\"507\" height=\"352\" src=\"https:\/\/htb.com.pl\/wp-content\/uploads\/2024\/06\/PokojU.png\" alt=\"\" class=\"wp-image-105293\" srcset=\"https:\/\/htb.com.pl\/wp-content\/uploads\/2024\/06\/PokojU.png 507w, https:\/\/htb.com.pl\/wp-content\/uploads\/2024\/06\/PokojU-300x208.png 300w\" sizes=\"auto, (max-width: 507px) 100vw, 507px\" \/><\/figure>\n\n\n\n<p>To przepi\u0119kne s\u0142owo w ostatnim tygodniu by\u0142o odmieniane przez wszystkie przypadki. Zacz\u0119\u0142o si\u0119 od tego, \u017ce wbrew narracji pa\u0144stwa polskiego W\u0142adymyr Za\u0142enski postawi\u0142 na kanclerza Scholza, przyw\u00f3dc\u0119 pa\u0144stwa niemieckiego jak chodzi o odbudow\u0119 pa\u0144stwa ukrai\u0144skiego.<\/p>\n\n\n\n<figure class=\"wp-block-image size-full\"><a href=\"http:\/\/radiomaria.com.pl\/wp-content\/uploads\/2024\/06\/A12.06.Zalenski-u-Scholza1Ad.mp3\"><img loading=\"lazy\" decoding=\"async\" width=\"989\" height=\"318\" src=\"https:\/\/htb.com.pl\/wp-content\/uploads\/2024\/06\/Dwa-bytymaly.png\" alt=\"\" class=\"wp-image-105281\" srcset=\"https:\/\/htb.com.pl\/wp-content\/uploads\/2024\/06\/Dwa-bytymaly.png 989w, https:\/\/htb.com.pl\/wp-content\/uploads\/2024\/06\/Dwa-bytymaly-300x96.png 300w, https:\/\/htb.com.pl\/wp-content\/uploads\/2024\/06\/Dwa-bytymaly-768x247.png 768w, https:\/\/htb.com.pl\/wp-content\/uploads\/2024\/06\/Dwa-bytymaly-600x193.png 600w\" sizes=\"auto, (max-width: 989px) 100vw, 989px\" \/><\/a><\/figure>\n\n\n\n<p>&nbsp; Dobrze odczyta\u0142 ostatnie wybory do Parlamentu Europejskiego. Akolici Putina przegrali. Bankowcy na \u015brodki z odsetek od rosyjskiego kapita\u0142u, kt\u00f3ry zablokowali zielone \u015bwiat\u0142o politykom dali, \u017ceby ci tymi \u015brodkami Ukrain\u0119 wspomagali. Kryzys bankowy w Rosji tym wywo\u0142ali, banki Putina \u015brodki na kontach bankowych Rosjanom poblokowali. <a href=\"http:\/\/radiomaria.com.pl\/wp-content\/uploads\/2024\/06\/13.06.-Zlo-bankrutuje.mp3\"><img loading=\"lazy\" decoding=\"async\" width=\"150\" height=\"84\" class=\"wp-image-105283\" style=\"width: 150px;\" src=\"https:\/\/htb.com.pl\/wp-content\/uploads\/2024\/06\/BankrutR.png\" alt=\"\" srcset=\"https:\/\/htb.com.pl\/wp-content\/uploads\/2024\/06\/BankrutR.png 971w, https:\/\/htb.com.pl\/wp-content\/uploads\/2024\/06\/BankrutR-300x167.png 300w, https:\/\/htb.com.pl\/wp-content\/uploads\/2024\/06\/BankrutR-768x429.png 768w, https:\/\/htb.com.pl\/wp-content\/uploads\/2024\/06\/BankrutR-600x335.png 600w\" sizes=\"auto, (max-width: 150px) 100vw, 150px\" \/><\/a><\/p>\n\n\n\n<p>&nbsp; W Polsce politycy handlem w niedziele si\u0119 zajmowali \u2013 kombinowali jak tu zrobi\u0107, \u017ceby polscy przedsi\u0119biorcy do najdro\u017cszego pr\u0105du na \u015bwiecie nam dop\u0142acali, a my \u017ceby\u015bmy sobie bimbali. Zagranicznym handlowcom, kt\u00f3rzy dzi\u0119ki naszym politykom naszych rodzimych handlowc\u00f3w zrujnowali, teraz ci politycy galerie i sklepy wielkopowierzchniowe pozamykali. Ogromne obiekty handlowe w lecie klimatyzowane, a w zimie ogrzewane w niedziele puste b\u0119d\u0105 sta\u0142y, a skanery na ich kasach milcza\u0142y. To ma sprawi\u0107, \u017ce kraj jeszcze bardziej zad\u0142u\u017cymy, za \u0142by si\u0119 chwycimy, a to co \u017ce\u015bmy ostatnio odbudowali zniweczymy.<\/p>\n\n\n\n<figure class=\"wp-block-image size-full\"><a href=\"http:\/\/radiomaria.com.pl\/wp-content\/uploads\/2024\/06\/14.06.Niedziele-handlowe.mp3\"><img loading=\"lazy\" decoding=\"async\" width=\"674\" height=\"377\" src=\"https:\/\/htb.com.pl\/wp-content\/uploads\/2024\/06\/Ceny-pradu.png\" alt=\"\" class=\"wp-image-105285\" srcset=\"https:\/\/htb.com.pl\/wp-content\/uploads\/2024\/06\/Ceny-pradu.png 674w, https:\/\/htb.com.pl\/wp-content\/uploads\/2024\/06\/Ceny-pradu-300x168.png 300w, https:\/\/htb.com.pl\/wp-content\/uploads\/2024\/06\/Ceny-pradu-600x336.png 600w\" sizes=\"auto, (max-width: 674px) 100vw, 674px\" \/><\/a><\/figure>\n\n\n\n<p>&nbsp; To irracjonalne dzia\u0142anie tylko na tle polityki Putina normalnym si\u0119 zdaje.<\/p>\n\n\n\n<p>&nbsp; Ten wykombinowa\u0142, \u017ce skoro na Konferencji Pokojowej w Szwajcarii nie b\u0119dzie wyst\u0119powa\u0142 &#8211; swoje warunki zdalnie zaproponowa\u0142. <a href=\"http:\/\/radiomaria.com.pl\/wp-content\/uploads\/2024\/06\/16.06.Pokolj-w-Ukrainie.mp3\"><img loading=\"lazy\" decoding=\"async\" width=\"150\" height=\"84\" class=\"wp-image-105287\" style=\"width: 150px;\" src=\"https:\/\/htb.com.pl\/wp-content\/uploads\/2024\/06\/Putin-Zalenskimaly.jpg\" alt=\"\" srcset=\"https:\/\/htb.com.pl\/wp-content\/uploads\/2024\/06\/Putin-Zalenskimaly.jpg 948w, https:\/\/htb.com.pl\/wp-content\/uploads\/2024\/06\/Putin-Zalenskimaly-300x167.jpg 300w, https:\/\/htb.com.pl\/wp-content\/uploads\/2024\/06\/Putin-Zalenskimaly-768x429.jpg 768w, https:\/\/htb.com.pl\/wp-content\/uploads\/2024\/06\/Putin-Zalenskimaly-600x335.jpg 600w\" sizes=\"auto, (max-width: 150px) 100vw, 150px\" \/><\/a> Jego propozycje wszyscy przemilczeli. <a href=\"http:\/\/radiomaria.com.pl\/wp-content\/uploads\/2024\/06\/16.-06.Konferencja-Pokojowa-w-Szwajcarii.mp3\"><img loading=\"lazy\" decoding=\"async\" width=\"150\" height=\"99\" class=\"wp-image-105289\" style=\"width: 150px;\" src=\"https:\/\/htb.com.pl\/wp-content\/uploads\/2024\/06\/Szwajcaria.jpeg\" alt=\"\" srcset=\"https:\/\/htb.com.pl\/wp-content\/uploads\/2024\/06\/Szwajcaria.jpeg 680w, https:\/\/htb.com.pl\/wp-content\/uploads\/2024\/06\/Szwajcaria-300x199.jpeg 300w, https:\/\/htb.com.pl\/wp-content\/uploads\/2024\/06\/Szwajcaria-600x397.jpeg 600w\" sizes=\"auto, (max-width: 150px) 100vw, 150px\" \/><\/a> Szkoda, \u017ce naszemu prezydentowi Dudzie politycy koalicji antyputinowskiej o swojej strategii nie powiedzieli. I ten podczas obrad powiedzia\u0142; cytat: &#8211; Chc\u0119 jasno powiedzie\u0107, za wojn\u0119 odpowiedzialna jest wy\u0142\u0105cznie Moskwa. Nie oznacza to jednak, \u017ce Rosja dzia\u0142a sama &#8211; koniec cytatu. &nbsp; Do zachodnich polityk\u00f3w. Kochani, za rok prezydenta zmienimy i spraw\u0119 pokoju w Ukrainie z wami doko\u0144czymy. Teraz powodzenia \u017cyczymy.<br><br><\/p>\n","protected":false},"excerpt":{"rendered":"<p>To przepi\u0119kne s\u0142owo w ostatnim tygodniu by\u0142o odmieniane przez wszystkie przypadki. Zacz\u0119\u0142o si\u0119 od tego, \u017ce wbrew narracji pa\u0144stwa polskiego W\u0142adymyr Za\u0142enski postawi\u0142 na kanclerza Scholza, przyw\u00f3dc\u0119 pa\u0144stwa niemieckiego jak chodzi o odbudow\u0119 pa\u0144stwa ukrai\u0144skiego. &nbsp; Dobrze odczyta\u0142 ostatnie wybory do Parlamentu Europejskiego. Akolici Putina przegrali. Bankowcy na \u015brodki z odsetek od rosyjskiego kapita\u0142u, kt\u00f3ry [&hellip;]<\/p>\n","protected":false},"author":1,"featured_media":105382,"comment_status":"open","ping_status":"open","sticky":false,"template":"","format":"standard","meta":{"_jetpack_memberships_contains_paid_content":false,"footnotes":""},"categories":[4],"tags":[977],"class_list":["post-105279","post","type-post","status-publish","format-standard","has-post-thumbnail","hentry","category-daty-i-fakty-blog","tag-pokoj"],"jetpack_sharing_enabled":true,"jetpack_featured_media_url":"https:\/\/htb.com.pl\/wp-content\/uploads\/2024\/06\/WszyscyNAPIS.png","_links":{"self":[{"href":"https:\/\/htb.com.pl\/index.php?rest_route=\/wp\/v2\/posts\/105279","targetHints":{"allow":["GET"]}}],"collection":[{"href":"https:\/\/htb.com.pl\/index.php?rest_route=\/wp\/v2\/posts"}],"about":[{"href":"https:\/\/htb.com.pl\/index.php?rest_route=\/wp\/v2\/types\/post"}],"author":[{"embeddable":true,"href":"https:\/\/htb.com.pl\/index.php?rest_route=\/wp\/v2\/users\/1"}],"replies":[{"embeddable":true,"href":"https:\/\/htb.com.pl\/index.php?rest_route=%2Fwp%2Fv2%2Fcomments&post=105279"}],"version-history":[{"count":10,"href":"https:\/\/htb.com.pl\/index.php?rest_route=\/wp\/v2\/posts\/105279\/revisions"}],"predecessor-version":[{"id":105384,"href":"https:\/\/htb.com.pl\/index.php?rest_route=\/wp\/v2\/posts\/105279\/revisions\/105384"}],"wp:featuredmedia":[{"embeddable":true,"href":"https:\/\/htb.com.pl\/index.php?rest_route=\/wp\/v2\/media\/105382"}],"wp:attachment":[{"href":"https:\/\/htb.com.pl\/index.php?rest_route=%2Fwp%2Fv2%2Fmedia&parent=105279"}],"wp:term":[{"taxonomy":"category","embeddable":true,"href":"https:\/\/htb.com.pl\/index.php?rest_route=%2Fwp%2Fv2%2Fcategories&post=105279"},{"taxonomy":"post_tag","embeddable":true,"href":"https:\/\/htb.com.pl\/index.php?rest_route=%2Fwp%2Fv2%2Ftags&post=105279"}],"curies":[{"name":"wp","href":"https:\/\/api.w.org\/{rel}","templated":true}]}}