{"id":106650,"date":"2024-07-14T13:01:56","date_gmt":"2024-07-14T13:01:56","guid":{"rendered":"https:\/\/htb.com.pl\/?p=106650"},"modified":"2024-07-14T13:29:47","modified_gmt":"2024-07-14T13:29:47","slug":"kto-nie-idzie-do-przodu-ten-sie-cofa","status":"publish","type":"post","link":"https:\/\/htb.com.pl\/?p=106650","title":{"rendered":"Kto nie idzie do przodu ten si\u0119 cofa"},"content":{"rendered":"\n<p><\/p>\n\n\n\n<p><\/p>\n\n\n\n<figure class=\"wp-block-image size-thumbnail\"><a href=\"https:\/\/htb.com.pl\/wp-content\/uploads\/2024\/07\/Kto-nie-idzie-do-przodu-ten-sie-cofa.mp3\"><img loading=\"lazy\" decoding=\"async\" width=\"150\" height=\"150\" src=\"https:\/\/htb.com.pl\/wp-content\/uploads\/2018\/04\/posluchaj-150x150.jpg\" alt=\"\" class=\"wp-image-2020\" srcset=\"https:\/\/htb.com.pl\/wp-content\/uploads\/2018\/04\/posluchaj-150x150.jpg 150w, https:\/\/htb.com.pl\/wp-content\/uploads\/2018\/04\/posluchaj-300x300.jpg 300w, https:\/\/htb.com.pl\/wp-content\/uploads\/2018\/04\/posluchaj-100x100.jpg 100w\" sizes=\"auto, (max-width: 150px) 100vw, 150px\" \/><\/a><\/figure>\n\n\n\n<p>Tytu\u0142 to cytat z Johanna Wolfganga von Goethego poety niemieckiego prze\u0142omu VIII i XIX wieku. W Polsce m\u00f3wimy co\u015b podobnego: &#8221; Kto stoi ten si\u0119 cofa&#8221;. Dziwne, \u017ce m\u0105dro\u015b\u0107 t\u0105 znamy, a konserwatyst\u00f3w jako swoich przedstawicieli wybieramy.<\/p>\n\n\n\n<p>Francuzi si\u0119 tu zorientowali i Marine Le Pen nie wybrali. <a href=\"http:\/\/radiomaria.com.pl\/wp-content\/uploads\/2024\/07\/08.07.Francja-zaglosowala.mp3\"><img loading=\"lazy\" decoding=\"async\" width=\"150\" height=\"82\" class=\"wp-image-106687\" style=\"width: 150px;\" src=\"https:\/\/htb.com.pl\/wp-content\/uploads\/2024\/07\/Lepenmaly.png\" alt=\"\" srcset=\"https:\/\/htb.com.pl\/wp-content\/uploads\/2024\/07\/Lepenmaly.png 997w, https:\/\/htb.com.pl\/wp-content\/uploads\/2024\/07\/Lepenmaly-300x164.png 300w, https:\/\/htb.com.pl\/wp-content\/uploads\/2024\/07\/Lepenmaly-768x420.png 768w, https:\/\/htb.com.pl\/wp-content\/uploads\/2024\/07\/Lepenmaly-600x328.png 600w\" sizes=\"auto, (max-width: 150px) 100vw, 150px\" \/><\/a> My pomimo, \u017ce sw\u00f3j b\u0142\u0105d znamy, ci\u0105gle si\u0119 cofamy. Elektrowni j\u0105drowej nie mamy, na szczyt NATO <a href=\"http:\/\/radiomaria.com.pl\/wp-content\/uploads\/2024\/07\/U1207.-Deklaracja-Szczytu-NATO.mp3\"><img loading=\"lazy\" decoding=\"async\" width=\"150\" height=\"84\" class=\"wp-image-106697\" style=\"width: 150px;\" src=\"https:\/\/htb.com.pl\/wp-content\/uploads\/2024\/07\/NATO-75.png\" alt=\"\" srcset=\"https:\/\/htb.com.pl\/wp-content\/uploads\/2024\/07\/NATO-75.png 977w, https:\/\/htb.com.pl\/wp-content\/uploads\/2024\/07\/NATO-75-300x168.png 300w, https:\/\/htb.com.pl\/wp-content\/uploads\/2024\/07\/NATO-75-768x430.png 768w, https:\/\/htb.com.pl\/wp-content\/uploads\/2024\/07\/NATO-75-600x336.png 600w\" sizes=\"auto, (max-width: 150px) 100vw, 150px\" \/><\/a> Andrzeja Dud\u0119 jako prezydenta wysy\u0142amy, (lol) <a href=\"http:\/\/radiomaria.com.pl\/wp-content\/uploads\/2024\/07\/11.07.-NATO-nas-obroni.mp3\"><img loading=\"lazy\" decoding=\"async\" width=\"150\" height=\"99\" class=\"wp-image-106693\" style=\"width: 150px;\" src=\"https:\/\/htb.com.pl\/wp-content\/uploads\/2024\/07\/NatoD.png\" alt=\"\" srcset=\"https:\/\/htb.com.pl\/wp-content\/uploads\/2024\/07\/NatoD.png 978w, https:\/\/htb.com.pl\/wp-content\/uploads\/2024\/07\/NatoD-300x199.png 300w, https:\/\/htb.com.pl\/wp-content\/uploads\/2024\/07\/NatoD-768x509.png 768w, https:\/\/htb.com.pl\/wp-content\/uploads\/2024\/07\/NatoD-600x398.png 600w\" sizes=\"auto, (max-width: 150px) 100vw, 150px\" \/><\/a> w Sejmie ustawy dekryminalizuj\u0105cej pomoc w aborcji nie uchwalamy. <a href=\"http:\/\/radiomaria.com.pl\/wp-content\/uploads\/2024\/07\/13.07.-Ustawa-przepadla.mp3\"><img loading=\"lazy\" decoding=\"async\" width=\"150\" height=\"79\" class=\"wp-image-106699\" style=\"width: 150px;\" src=\"https:\/\/htb.com.pl\/wp-content\/uploads\/2024\/07\/TuskKosiniakmaly.png\" alt=\"\" srcset=\"https:\/\/htb.com.pl\/wp-content\/uploads\/2024\/07\/TuskKosiniakmaly.png 980w, https:\/\/htb.com.pl\/wp-content\/uploads\/2024\/07\/TuskKosiniakmaly-300x159.png 300w, https:\/\/htb.com.pl\/wp-content\/uploads\/2024\/07\/TuskKosiniakmaly-768x407.png 768w, https:\/\/htb.com.pl\/wp-content\/uploads\/2024\/07\/TuskKosiniakmaly-850x450.png 850w, https:\/\/htb.com.pl\/wp-content\/uploads\/2024\/07\/TuskKosiniakmaly-600x318.png 600w\" sizes=\"auto, (max-width: 150px) 100vw, 150px\" \/><\/a> Ukrainie pomoc w obronie nieba \u017ce\u015bmy obiecali i na drugi dzie\u0144 Ruskie w Kijowie szpitale zbombardowali. <a href=\"http:\/\/radiomaria.com.pl\/wp-content\/uploads\/2024\/07\/10.07.Szczyt-NATO.mp3\"><img loading=\"lazy\" decoding=\"async\" width=\"150\" height=\"110\" class=\"wp-image-106689\" style=\"width: 150px;\" src=\"https:\/\/htb.com.pl\/wp-content\/uploads\/2024\/07\/SzpitalKmaly.png\" alt=\"\" srcset=\"https:\/\/htb.com.pl\/wp-content\/uploads\/2024\/07\/SzpitalKmaly.png 974w, https:\/\/htb.com.pl\/wp-content\/uploads\/2024\/07\/SzpitalKmaly-300x220.png 300w, https:\/\/htb.com.pl\/wp-content\/uploads\/2024\/07\/SzpitalKmaly-768x562.png 768w, https:\/\/htb.com.pl\/wp-content\/uploads\/2024\/07\/SzpitalKmaly-600x439.png 600w\" sizes=\"auto, (max-width: 150px) 100vw, 150px\" \/><\/a> Jak tak dale b\u0119dziemy wybierali, cyrylic\u0105 b\u0119dziemy pisali.<\/p>\n\n\n\n<p>Wzorce dobrych polityk\u00f3w w Radiu Maria \u017ce\u015bmy pokazywali. Teraz w 81 rocznic\u0119 Mordu Wo\u0142y\u0144skiego <a href=\"http:\/\/radiomaria.com.pl\/wp-content\/uploads\/2024\/07\/Rozmowaq-z-Panem-Jerzym-Orlowskim.mp3\"><img loading=\"lazy\" decoding=\"async\" width=\"150\" height=\"68\" class=\"wp-image-106695\" style=\"width: 150px;\" src=\"https:\/\/htb.com.pl\/wp-content\/uploads\/2024\/07\/Tablioca.jpg\" alt=\"\" srcset=\"https:\/\/htb.com.pl\/wp-content\/uploads\/2024\/07\/Tablioca.jpg 968w, https:\/\/htb.com.pl\/wp-content\/uploads\/2024\/07\/Tablioca-300x135.jpg 300w, https:\/\/htb.com.pl\/wp-content\/uploads\/2024\/07\/Tablioca-768x346.jpg 768w, https:\/\/htb.com.pl\/wp-content\/uploads\/2024\/07\/Tablioca-600x270.jpg 600w\" sizes=\"auto, (max-width: 150px) 100vw, 150px\" \/><\/a>powiem, (napisz\u0119) co\u015b takiego. Gdyby\u015bmy w Gibraltarze gen. W\u0142adys\u0142awa Sikorskiego nie zamordowali, ukrai\u0144scy nacjonali\u015bci by si\u0119 nas bali i Polak\u00f3w na Wo\u0142yniu nie mordowali. Nasi dzisiejsi nacjonali\u015bci za wz\u00f3r sobie obrali tych, co wtedy na \u015bmierci genera\u0142a skorzystali. Cho\u0107 trzeba przysta\u0107, \u017ce udzia\u0142 w spisku nie tylko oni brali. Dzi\u015b ci, co za bohater\u00f3w ich uznali wykombinowali, \u017ce jak Putin Ukrai\u0144c\u00f3w rozwali, to im pozwoli na to, czego w demokratycznych wyborach nigdy w Polsce by nie uzyskali.<\/p>\n\n\n\n<p> Z tak\u0105 Polsk\u0105, jak uczy historia nasi s\u0105siedzi nie b\u0119d\u0105 gadali. Lepiej \u017ceby\u015bmy si\u0119 tu nie cofali, tylko do przodu ruszyli. Ukrai\u0144cy w ca\u0142ej Europie i Ameryce P\u00f3\u0142nocnej uznanie zdobyli. To prawda, jeszcze nie zwyci\u0119\u017cyli, ale jako dobro si\u0119 okre\u015blili. Lepiej dla Polski b\u0119dzie, jak w \u015bwiecie i o nas tak b\u0119d\u0105 m\u00f3wili.<\/p>\n\n\n\n<p><\/p>\n\n\n\n<p><\/p>\n","protected":false},"excerpt":{"rendered":"<p>Tytu\u0142 to cytat z Johanna Wolfganga von Goethego poety niemieckiego prze\u0142omu VIII i XIX wieku. W Polsce m\u00f3wimy co\u015b podobnego: &#8221; Kto stoi ten si\u0119 cofa&#8221;. Dziwne, \u017ce m\u0105dro\u015b\u0107 t\u0105 znamy, a konserwatyst\u00f3w jako swoich przedstawicieli wybieramy. Francuzi si\u0119 tu zorientowali i Marine Le Pen nie wybrali. My pomimo, \u017ce sw\u00f3j b\u0142\u0105d znamy, ci\u0105gle si\u0119 [&hellip;]<\/p>\n","protected":false},"author":1,"featured_media":106699,"comment_status":"open","ping_status":"open","sticky":false,"template":"","format":"standard","meta":{"_jetpack_memberships_contains_paid_content":false,"footnotes":""},"categories":[4],"tags":[980],"class_list":["post-106650","post","type-post","status-publish","format-standard","has-post-thumbnail","hentry","category-daty-i-fakty-blog","tag-kto-nie-idzie-do-przodu-ten-sie-cofa"],"jetpack_sharing_enabled":true,"jetpack_featured_media_url":"https:\/\/htb.com.pl\/wp-content\/uploads\/2024\/07\/TuskKosiniakmaly.png","_links":{"self":[{"href":"https:\/\/htb.com.pl\/index.php?rest_route=\/wp\/v2\/posts\/106650","targetHints":{"allow":["GET"]}}],"collection":[{"href":"https:\/\/htb.com.pl\/index.php?rest_route=\/wp\/v2\/posts"}],"about":[{"href":"https:\/\/htb.com.pl\/index.php?rest_route=\/wp\/v2\/types\/post"}],"author":[{"embeddable":true,"href":"https:\/\/htb.com.pl\/index.php?rest_route=\/wp\/v2\/users\/1"}],"replies":[{"embeddable":true,"href":"https:\/\/htb.com.pl\/index.php?rest_route=%2Fwp%2Fv2%2Fcomments&post=106650"}],"version-history":[{"count":12,"href":"https:\/\/htb.com.pl\/index.php?rest_route=\/wp\/v2\/posts\/106650\/revisions"}],"predecessor-version":[{"id":106704,"href":"https:\/\/htb.com.pl\/index.php?rest_route=\/wp\/v2\/posts\/106650\/revisions\/106704"}],"wp:featuredmedia":[{"embeddable":true,"href":"https:\/\/htb.com.pl\/index.php?rest_route=\/wp\/v2\/media\/106699"}],"wp:attachment":[{"href":"https:\/\/htb.com.pl\/index.php?rest_route=%2Fwp%2Fv2%2Fmedia&parent=106650"}],"wp:term":[{"taxonomy":"category","embeddable":true,"href":"https:\/\/htb.com.pl\/index.php?rest_route=%2Fwp%2Fv2%2Fcategories&post=106650"},{"taxonomy":"post_tag","embeddable":true,"href":"https:\/\/htb.com.pl\/index.php?rest_route=%2Fwp%2Fv2%2Ftags&post=106650"}],"curies":[{"name":"wp","href":"https:\/\/api.w.org\/{rel}","templated":true}]}}