{"id":107146,"date":"2024-07-24T06:46:41","date_gmt":"2024-07-24T06:46:41","guid":{"rendered":"https:\/\/htb.com.pl\/?p=107146"},"modified":"2024-07-24T09:06:10","modified_gmt":"2024-07-24T09:06:10","slug":"jestesmy-na-zakrecie","status":"publish","type":"post","link":"https:\/\/htb.com.pl\/?p=107146","title":{"rendered":"Jeste\u015bmy na zakr\u0119cie"},"content":{"rendered":"\n<p>&nbsp; <\/p>\n\n\n\n<figure class=\"wp-block-image size-thumbnail\"><a href=\"https:\/\/htb.com.pl\/wp-content\/uploads\/2024\/07\/Jestesmy-na-zakrecie.mp3\"><img loading=\"lazy\" decoding=\"async\" width=\"150\" height=\"150\" src=\"https:\/\/htb.com.pl\/wp-content\/uploads\/2018\/04\/posluchaj-150x150.jpg\" alt=\"\" class=\"wp-image-2020\" srcset=\"https:\/\/htb.com.pl\/wp-content\/uploads\/2018\/04\/posluchaj-150x150.jpg 150w, https:\/\/htb.com.pl\/wp-content\/uploads\/2018\/04\/posluchaj-300x300.jpg 300w, https:\/\/htb.com.pl\/wp-content\/uploads\/2018\/04\/posluchaj-100x100.jpg 100w\" sizes=\"auto, (max-width: 150px) 100vw, 150px\" \/><\/a><\/figure>\n\n\n\n<p>Europa skr\u0119ca w lewo \u2013 wkr\u00f3tce zobaczymy, czy w co\u015b uderzymy, czy dalej pojedziemy i si\u0119 u\u015bmiechniemy. Na razie powod\u00f3w do zadowolenia nie mamy. W sprawie Ukrainy Putina s\u0142uchamy, <a href=\"http:\/\/radiomaria.com.pl\/wp-content\/uploads\/2024\/07\/1907SprawaUkrainy.mp3\"><img loading=\"lazy\" decoding=\"async\" width=\"150\" height=\"88\" class=\"wp-image-107157\" style=\"width: 150px;\" src=\"https:\/\/htb.com.pl\/wp-content\/uploads\/2024\/07\/WOJNAuKR.png\" alt=\"\" srcset=\"https:\/\/htb.com.pl\/wp-content\/uploads\/2024\/07\/WOJNAuKR.png 864w, https:\/\/htb.com.pl\/wp-content\/uploads\/2024\/07\/WOJNAuKR-300x177.png 300w, https:\/\/htb.com.pl\/wp-content\/uploads\/2024\/07\/WOJNAuKR-768x452.png 768w, https:\/\/htb.com.pl\/wp-content\/uploads\/2024\/07\/WOJNAuKR-600x353.png 600w\" sizes=\"auto, (max-width: 150px) 100vw, 150px\" \/><\/a> a o stosowaniu prawa poj\u0119cia nie mamy. Prokuratorzy postanowienie na zatrzymanie Marcina Romanowskiego wydali i nawet do g\u0142\u00f3w im nie przysz\u0142o, \u017ce S\u0105d to oddali. <a href=\"http:\/\/radiomaria.com.pl\/wp-content\/uploads\/2024\/07\/1707Romanowskinawolnosci.mp3\"><img loading=\"lazy\" decoding=\"async\" width=\"150\" height=\"84\" class=\"wp-image-107156\" style=\"width: 150px;\" src=\"https:\/\/htb.com.pl\/wp-content\/uploads\/2024\/07\/Romanowski.png\" alt=\"\" srcset=\"https:\/\/htb.com.pl\/wp-content\/uploads\/2024\/07\/Romanowski.png 784w, https:\/\/htb.com.pl\/wp-content\/uploads\/2024\/07\/Romanowski-300x167.png 300w, https:\/\/htb.com.pl\/wp-content\/uploads\/2024\/07\/Romanowski-768x428.png 768w, https:\/\/htb.com.pl\/wp-content\/uploads\/2024\/07\/Romanowski-600x334.png 600w\" sizes=\"auto, (max-width: 150px) 100vw, 150px\" \/><\/a><\/p>\n\n\n\n<p>&nbsp; Ostrze\u017cenie Radia Marysinego dla towarzystwa aktualnie rz\u0105dz\u0105cego. Jak ponownie mafi\u0119 do rz\u0105d\u00f3w dopu\u015bcicie, natychmiast do \u201epierdla\u201d traficie i \u017cadnego odwo\u0142ania od tego z\u0142o\u017cy\u0107 nie zd\u0105\u017cycie.<\/p>\n\n\n\n<p>&nbsp; W Stanach Zjednoczonych ci, co na prawo by skr\u0119cali, gdyby \u015bwiatem kierowali wiec Donalda Trumpa zorganizowali. Podobnie, jak nasi konserwaty\u015bci lot do Smole\u0144ska &#8211; wszelkie procedury z\u0142amali. By\u0142 zamach na Donalda Trumpa, by\u0142y ofiary, Trump cudem prze\u017cy\u0142. <a href=\"http:\/\/radiomaria.com.pl\/wp-content\/uploads\/2024\/07\/4.07.-Zamach-na-Donalda-Trumpa.mp3\"><img loading=\"lazy\" decoding=\"async\" width=\"150\" height=\"85\" class=\"wp-image-107153\" style=\"width: 150px;\" src=\"https:\/\/htb.com.pl\/wp-content\/uploads\/2024\/07\/Zamachmaly.png\" alt=\"\" srcset=\"https:\/\/htb.com.pl\/wp-content\/uploads\/2024\/07\/Zamachmaly.png 982w, https:\/\/htb.com.pl\/wp-content\/uploads\/2024\/07\/Zamachmaly-300x169.png 300w, https:\/\/htb.com.pl\/wp-content\/uploads\/2024\/07\/Zamachmaly-768x433.png 768w, https:\/\/htb.com.pl\/wp-content\/uploads\/2024\/07\/Zamachmaly-600x338.png 600w\" sizes=\"auto, (max-width: 150px) 100vw, 150px\" \/><\/a><\/p>\n\n\n\n<p>&nbsp; Gdyby Europa, po katastrofie w Czarnobylu Marysi pos\u0142ucha\u0142a i \u015brodki na likwidacj\u0119 skutk\u00f3w katastrofy uwarunkowa\u0142a \u2013 tak, jak Marysia chcia\u0142a, dzi\u015b na Polesiu unijna flaga by powiewa\u0142a, a nasza poleska rodzina do siebie by nie strzela\u0142a. <a href=\"http:\/\/radiomaria.com.pl\/wp-content\/uploads\/2024\/07\/U16.07.mp3\"><img loading=\"lazy\" decoding=\"async\" width=\"150\" height=\"79\" class=\"wp-image-45047\" style=\"width: 150px;\" src=\"https:\/\/htb.com.pl\/wp-content\/uploads\/2021\/05\/mapa-polesia-marzenie-Marysi.jpg\" alt=\"\" srcset=\"https:\/\/htb.com.pl\/wp-content\/uploads\/2021\/05\/mapa-polesia-marzenie-Marysi.jpg 501w, https:\/\/htb.com.pl\/wp-content\/uploads\/2021\/05\/mapa-polesia-marzenie-Marysi-300x158.jpg 300w\" sizes=\"auto, (max-width: 150px) 100vw, 150px\" \/><\/a><\/p>\n\n\n\n<p>&nbsp; Wydaje mi si\u0119, \u017ce ci, kt\u00f3rych ostatnio w Polsce do Parlamentu \u017ce\u015bmy wybrali, fragmenty mojego bloga DATY I FAKTY czytali. Donald Tusk ju\u017c polityki J\u00f3zefa Pi\u0142sudskiego nie chwali, <img loading=\"lazy\" decoding=\"async\" width=\"150\" height=\"85\" class=\"wp-image-107159\" style=\"width: 150px;\" src=\"https:\/\/htb.com.pl\/wp-content\/uploads\/2024\/07\/Tusk-dla-Ukrainy.jpg\" alt=\"\" srcset=\"https:\/\/htb.com.pl\/wp-content\/uploads\/2024\/07\/Tusk-dla-Ukrainy.jpg 980w, https:\/\/htb.com.pl\/wp-content\/uploads\/2024\/07\/Tusk-dla-Ukrainy-300x169.jpg 300w, https:\/\/htb.com.pl\/wp-content\/uploads\/2024\/07\/Tusk-dla-Ukrainy-768x433.jpg 768w, https:\/\/htb.com.pl\/wp-content\/uploads\/2024\/07\/Tusk-dla-Ukrainy-600x339.jpg 600w\" sizes=\"auto, (max-width: 150px) 100vw, 150px\" \/> Janusz Onyszkiewicz Putina ostrzega <a href=\"http:\/\/radiomaria.com.pl\/wp-content\/uploads\/2023\/03\/2107OnyszkiewiczopomocydlaUkrainy.mp3\"><img loading=\"lazy\" decoding=\"async\" width=\"150\" height=\"82\" class=\"wp-image-107161\" style=\"width: 150px;\" src=\"https:\/\/htb.com.pl\/wp-content\/uploads\/2024\/07\/Onyszkiewiczmalty.png\" alt=\"\" srcset=\"https:\/\/htb.com.pl\/wp-content\/uploads\/2024\/07\/Onyszkiewiczmalty.png 885w, https:\/\/htb.com.pl\/wp-content\/uploads\/2024\/07\/Onyszkiewiczmalty-300x165.png 300w, https:\/\/htb.com.pl\/wp-content\/uploads\/2024\/07\/Onyszkiewiczmalty-768x422.png 768w, https:\/\/htb.com.pl\/wp-content\/uploads\/2024\/07\/Onyszkiewiczmalty-600x329.png 600w\" sizes=\"auto, (max-width: 150px) 100vw, 150px\" \/><\/a> &#8211; i to, co mnie najbardziej cieszy, z naszego parlamentu coraz cz\u0119\u015bciej g\u0142os kobiet dobiega.<\/p>\n\n\n\n<p>&nbsp;Mo\u017cliwe, \u017ce &nbsp;Ursula von der Leyen i Marysia si\u0119 zna\u0142y, obie w tym samym czasie w Londynie studiowa\u0142y, obie&nbsp; dyskoteki kocha\u0142y\u2026 Nawet jak si\u0119 nie zna\u0142y, to na pewno podobne warto\u015bci wyznawa\u0142y \u2013 szkoda, \u017ce Marysia nie \u017cyje. Razem nikogo by si\u0119 nie ba\u0142y, a tak &#8211; ostatnio ludzie mali&nbsp; Pani\u0105 Ursul\u0119 obra\u017cali. W czasach Marysi by si\u0119 bali.<\/p>\n\n\n\n<p>&nbsp; Jest szansa, \u017ce r\u00f3wnie\u017c w Stanach Zjednoczonych kobieta b\u0119dzie rz\u0105dzi\u0142a, Joe Biden zrezygnowa\u0142 z ubiegania si\u0119 o kolejn\u0105 kadencj\u0119. <a href=\"http:\/\/radiomaria.com.pl\/wp-content\/uploads\/2024\/07\/2207JoeBidenrezygnuje.mp3\"><img loading=\"lazy\" decoding=\"async\" width=\"150\" height=\"74\" class=\"wp-image-107163\" style=\"width: 150px;\" src=\"https:\/\/htb.com.pl\/wp-content\/uploads\/2024\/07\/Bidenmaly.png\" alt=\"\" srcset=\"https:\/\/htb.com.pl\/wp-content\/uploads\/2024\/07\/Bidenmaly.png 977w, https:\/\/htb.com.pl\/wp-content\/uploads\/2024\/07\/Bidenmaly-300x148.png 300w, https:\/\/htb.com.pl\/wp-content\/uploads\/2024\/07\/Bidenmaly-768x380.png 768w, https:\/\/htb.com.pl\/wp-content\/uploads\/2024\/07\/Bidenmaly-600x297.png 600w\" sizes=\"auto, (max-width: 150px) 100vw, 150px\" \/><\/a> Kamala Harris go zast\u0105pi\u0142a. Jak si\u0119 uda b\u0119dzie tak, jakby \u015bwiatem Marysia rz\u0105dzi\u0142a. Wiem, \u017ce to b\u0119dzie dobrze, bo w kobietach jest dobro &#8211; m\u0105dro\u015b\u0107, rozwaga, si\u0142a. Dobrze by by\u0142o, jakby Polska tak\u0105 dla siebie drog\u0119 wyznaczy\u0142a, jak Marysia radzi\u0142a.<\/p>\n","protected":false},"excerpt":{"rendered":"<p>&nbsp; Europa skr\u0119ca w lewo \u2013 wkr\u00f3tce zobaczymy, czy w co\u015b uderzymy, czy dalej pojedziemy i si\u0119 u\u015bmiechniemy. Na razie powod\u00f3w do zadowolenia nie mamy. W sprawie Ukrainy Putina s\u0142uchamy, a o stosowaniu prawa poj\u0119cia nie mamy. Prokuratorzy postanowienie na zatrzymanie Marcina Romanowskiego wydali i nawet do g\u0142\u00f3w im nie przysz\u0142o, \u017ce S\u0105d to oddali. [&hellip;]<\/p>\n","protected":false},"author":1,"featured_media":107171,"comment_status":"open","ping_status":"open","sticky":false,"template":"","format":"standard","meta":{"_jetpack_memberships_contains_paid_content":false,"footnotes":""},"categories":[4],"tags":[981],"class_list":["post-107146","post","type-post","status-publish","format-standard","has-post-thumbnail","hentry","category-daty-i-fakty-blog","tag-jestesmy-na-zakrecie"],"jetpack_sharing_enabled":true,"jetpack_featured_media_url":"https:\/\/htb.com.pl\/wp-content\/uploads\/2024\/07\/Zakret.png","_links":{"self":[{"href":"https:\/\/htb.com.pl\/index.php?rest_route=\/wp\/v2\/posts\/107146","targetHints":{"allow":["GET"]}}],"collection":[{"href":"https:\/\/htb.com.pl\/index.php?rest_route=\/wp\/v2\/posts"}],"about":[{"href":"https:\/\/htb.com.pl\/index.php?rest_route=\/wp\/v2\/types\/post"}],"author":[{"embeddable":true,"href":"https:\/\/htb.com.pl\/index.php?rest_route=\/wp\/v2\/users\/1"}],"replies":[{"embeddable":true,"href":"https:\/\/htb.com.pl\/index.php?rest_route=%2Fwp%2Fv2%2Fcomments&post=107146"}],"version-history":[{"count":12,"href":"https:\/\/htb.com.pl\/index.php?rest_route=\/wp\/v2\/posts\/107146\/revisions"}],"predecessor-version":[{"id":107177,"href":"https:\/\/htb.com.pl\/index.php?rest_route=\/wp\/v2\/posts\/107146\/revisions\/107177"}],"wp:featuredmedia":[{"embeddable":true,"href":"https:\/\/htb.com.pl\/index.php?rest_route=\/wp\/v2\/media\/107171"}],"wp:attachment":[{"href":"https:\/\/htb.com.pl\/index.php?rest_route=%2Fwp%2Fv2%2Fmedia&parent=107146"}],"wp:term":[{"taxonomy":"category","embeddable":true,"href":"https:\/\/htb.com.pl\/index.php?rest_route=%2Fwp%2Fv2%2Fcategories&post=107146"},{"taxonomy":"post_tag","embeddable":true,"href":"https:\/\/htb.com.pl\/index.php?rest_route=%2Fwp%2Fv2%2Ftags&post=107146"}],"curies":[{"name":"wp","href":"https:\/\/api.w.org\/{rel}","templated":true}]}}