{"id":107178,"date":"2024-07-24T09:33:36","date_gmt":"2024-07-24T09:33:36","guid":{"rendered":"https:\/\/htb.com.pl\/?p=107178"},"modified":"2024-07-24T15:04:37","modified_gmt":"2024-07-24T15:04:37","slug":"odsloniecie-pomnika-rzez-wolynska-w-domostawie","status":"publish","type":"post","link":"https:\/\/htb.com.pl\/?p=107178","title":{"rendered":"Ods\u0142oni\u0119cie pomnika \u201eRze\u017a Wo\u0142y\u0144ska\u201d w Domostawie"},"content":{"rendered":"\n<p><\/p>\n\n\n\n<p>W niedziel\u0119 14 lipca br. w\u00a0Domostawie odby\u0142a si\u0119 uroczysto\u015b\u0107 ods\u0142oni\u0119cia Pomnika upami\u0119tniaj\u0105cego ofiary Rzezi Wo\u0142y\u0144skiej. <\/p>\n\n\n\n<p><strong>Rozmowa z Prezesem Spo\u0142ecznego Komitetu Budowy&nbsp;Pomnika Rzezi Wo\u0142y\u0144skiej, to by\u0142y W\u00f3jt Gminy Jarocin \u2013&nbsp;Zbigniew Walczak, g\u0142\u00f3wny inicjator budowy&nbsp;pomnika w Domostawie<\/strong>.<\/p>\n\n\n\n<p><\/p>\n\n\n\n<figure class=\"wp-block-audio\"><audio controls src=\"https:\/\/htb.com.pl\/wp-content\/uploads\/2024\/07\/ZbigniewWalczak.mp3\"><\/audio><\/figure>\n\n\n\n<p><br><br><br><\/p>\n","protected":false},"excerpt":{"rendered":"<p>W niedziel\u0119 14 lipca br. w\u00a0Domostawie odby\u0142a si\u0119 uroczysto\u015b\u0107 ods\u0142oni\u0119cia Pomnika upami\u0119tniaj\u0105cego ofiary Rzezi Wo\u0142y\u0144skiej. Rozmowa z Prezesem Spo\u0142ecznego Komitetu Budowy&nbsp;Pomnika Rzezi Wo\u0142y\u0144skiej, to by\u0142y W\u00f3jt Gminy Jarocin \u2013&nbsp;Zbigniew Walczak, g\u0142\u00f3wny inicjator budowy&nbsp;pomnika w Domostawie.<\/p>\n","protected":false},"author":1,"featured_media":107179,"comment_status":"open","ping_status":"open","sticky":false,"template":"","format":"standard","meta":{"_jetpack_memberships_contains_paid_content":false,"footnotes":""},"categories":[895],"tags":[],"class_list":["post-107178","post","type-post","status-publish","format-standard","has-post-thumbnail","hentry","category-projekty-audycji"],"jetpack_sharing_enabled":true,"jetpack_featured_media_url":"https:\/\/htb.com.pl\/wp-content\/uploads\/2024\/07\/Domostawapomnik.jpg","_links":{"self":[{"href":"https:\/\/htb.com.pl\/index.php?rest_route=\/wp\/v2\/posts\/107178","targetHints":{"allow":["GET"]}}],"collection":[{"href":"https:\/\/htb.com.pl\/index.php?rest_route=\/wp\/v2\/posts"}],"about":[{"href":"https:\/\/htb.com.pl\/index.php?rest_route=\/wp\/v2\/types\/post"}],"author":[{"embeddable":true,"href":"https:\/\/htb.com.pl\/index.php?rest_route=\/wp\/v2\/users\/1"}],"replies":[{"embeddable":true,"href":"https:\/\/htb.com.pl\/index.php?rest_route=%2Fwp%2Fv2%2Fcomments&post=107178"}],"version-history":[{"count":4,"href":"https:\/\/htb.com.pl\/index.php?rest_route=\/wp\/v2\/posts\/107178\/revisions"}],"predecessor-version":[{"id":107195,"href":"https:\/\/htb.com.pl\/index.php?rest_route=\/wp\/v2\/posts\/107178\/revisions\/107195"}],"wp:featuredmedia":[{"embeddable":true,"href":"https:\/\/htb.com.pl\/index.php?rest_route=\/wp\/v2\/media\/107179"}],"wp:attachment":[{"href":"https:\/\/htb.com.pl\/index.php?rest_route=%2Fwp%2Fv2%2Fmedia&parent=107178"}],"wp:term":[{"taxonomy":"category","embeddable":true,"href":"https:\/\/htb.com.pl\/index.php?rest_route=%2Fwp%2Fv2%2Fcategories&post=107178"},{"taxonomy":"post_tag","embeddable":true,"href":"https:\/\/htb.com.pl\/index.php?rest_route=%2Fwp%2Fv2%2Ftags&post=107178"}],"curies":[{"name":"wp","href":"https:\/\/api.w.org\/{rel}","templated":true}]}}