{"id":107388,"date":"2024-07-28T12:17:56","date_gmt":"2024-07-28T12:17:56","guid":{"rendered":"https:\/\/htb.com.pl\/?p=107388"},"modified":"2024-07-29T04:58:26","modified_gmt":"2024-07-29T04:58:26","slug":"wlasciwa-edukacja-to-demokracja","status":"publish","type":"post","link":"https:\/\/htb.com.pl\/?p=107388","title":{"rendered":"W\u0142a\u015bciwa edukacja to demokracja"},"content":{"rendered":"\n<figure class=\"wp-block-image size-thumbnail\"><a href=\"https:\/\/htb.com.pl\/wp-content\/uploads\/2024\/07\/Wlasciwa-edukacja-to-demokracja1.mp3\"><img loading=\"lazy\" decoding=\"async\" width=\"150\" height=\"150\" src=\"https:\/\/htb.com.pl\/wp-content\/uploads\/2018\/04\/posluchaj-150x150.jpg\" alt=\"\" class=\"wp-image-2020\" srcset=\"https:\/\/htb.com.pl\/wp-content\/uploads\/2018\/04\/posluchaj-150x150.jpg 150w, https:\/\/htb.com.pl\/wp-content\/uploads\/2018\/04\/posluchaj-300x300.jpg 300w, https:\/\/htb.com.pl\/wp-content\/uploads\/2018\/04\/posluchaj-100x100.jpg 100w\" sizes=\"auto, (max-width: 150px) 100vw, 150px\" \/><\/a><\/figure>\n\n\n\n<p><\/p>\n\n\n\n<figure class=\"wp-block-image size-full is-resized\"><a href=\"http:\/\/radiomaria.com.pl\/wp-content\/uploads\/2024\/07\/24.07.Edukacja-w-Ukrainie.mp3\"><img loading=\"lazy\" decoding=\"async\" width=\"675\" height=\"447\" src=\"https:\/\/htb.com.pl\/wp-content\/uploads\/2024\/07\/SzkolaUkr.png\" alt=\"\" class=\"wp-image-107390\" style=\"width:840px;height:auto\" srcset=\"https:\/\/htb.com.pl\/wp-content\/uploads\/2024\/07\/SzkolaUkr.png 675w, https:\/\/htb.com.pl\/wp-content\/uploads\/2024\/07\/SzkolaUkr-300x199.png 300w, https:\/\/htb.com.pl\/wp-content\/uploads\/2024\/07\/SzkolaUkr-600x397.png 600w\" sizes=\"auto, (max-width: 675px) 100vw, 675px\" \/><\/a><figcaption class=\"wp-element-caption\"><strong>Szko\u0142a w Ukrainie<\/strong><\/figcaption><\/figure>\n\n\n\n<p>Najpierw edukacja potem demokracja, inaczej wr\u00f3ci Sanacja. Tak w 1987 roku Marysia m\u00f3wi\u0142a. Po tym, jak \u201eUstaw\u0119 o wolno\u015bci gospodarczej\u201d nie jej PZPR z jej \u015brodowiskami watyka\u0144skimi uzgodni\u0142a. Solidarno\u015b\u0107 jednak si\u0119 tu nie zgodzi\u0142a i Sanacja wr\u00f3ci\u0142a.<\/p>\n\n\n\n<p>&nbsp; Dzi\u015b martwi mnie stanowisko PSL, kt\u00f3re Marysia za przyk\u0142ad dawa\u0142a \u2013 niestety tu te\u017c jej filozofia przegra\u0142a. W\u0142adys\u0142aw Kosiniak-Kamysz twierdzi, \u017ce wa\u017cniejszy jest fundamentalizm ni\u017c pluralizm.<\/p>\n\n\n\n<figure class=\"wp-block-image size-full\"><a href=\"http:\/\/radiomaria.com.pl\/wp-content\/uploads\/2024\/07\/25.07.Polityka-to-nie-targowisko.mp3\"><img loading=\"lazy\" decoding=\"async\" width=\"753\" height=\"422\" src=\"https:\/\/htb.com.pl\/wp-content\/uploads\/2024\/07\/KosiniakwPolsacie.png\" alt=\"\" class=\"wp-image-107392\" srcset=\"https:\/\/htb.com.pl\/wp-content\/uploads\/2024\/07\/KosiniakwPolsacie.png 753w, https:\/\/htb.com.pl\/wp-content\/uploads\/2024\/07\/KosiniakwPolsacie-300x168.png 300w, https:\/\/htb.com.pl\/wp-content\/uploads\/2024\/07\/KosiniakwPolsacie-600x336.png 600w\" sizes=\"auto, (max-width: 753px) 100vw, 753px\" \/><\/a><\/figure>\n\n\n\n<p>&nbsp; <\/p>\n\n\n\n<p>Dobrze, \u017ce Marysia nie tylko mnie swe przes\u0142ania dla \u015bwiata zostawi\u0142a. 25 maja, dzie\u0144 \u015bmierci rot. Witolda Pileckiego Unia Europejska jako Mi\u0119dzynarodowy Dzie\u0144 Walki z Totalitaryzmem &nbsp;uchwali\u0142a, post\u0119powa Ameryka P\u00f3\u0142nocna na Kobiet\u0119 postawi\u0142a, <a href=\"http:\/\/radiomaria.com.pl\/wp-content\/uploads\/2024\/07\/26.07.Wypowiedz-Bidena.mp3\"><img loading=\"lazy\" decoding=\"async\" width=\"150\" height=\"99\" class=\"wp-image-107394\" style=\"width: 150px;\" src=\"https:\/\/htb.com.pl\/wp-content\/uploads\/2024\/07\/Owalnymaly.png\" alt=\"\" srcset=\"https:\/\/htb.com.pl\/wp-content\/uploads\/2024\/07\/Owalnymaly.png 999w, https:\/\/htb.com.pl\/wp-content\/uploads\/2024\/07\/Owalnymaly-300x199.png 300w, https:\/\/htb.com.pl\/wp-content\/uploads\/2024\/07\/Owalnymaly-768x509.png 768w, https:\/\/htb.com.pl\/wp-content\/uploads\/2024\/07\/Owalnymaly-600x398.png 600w\" sizes=\"auto, (max-width: 150px) 100vw, 150px\" \/><\/a> a Polska kult jednostki Pi\u0142sudskiego i Kaczy\u0144skiego wyciszy\u0142a.&nbsp;<\/p>\n\n\n\n<figure class=\"wp-block-image size-large\"><a href=\"http:\/\/radiomaria.com.pl\/wp-content\/uploads\/2024\/07\/26.07.Jest-jak-po-bitwie-warszawskiej.mp3\"><img loading=\"lazy\" decoding=\"async\" width=\"1024\" height=\"318\" src=\"https:\/\/htb.com.pl\/wp-content\/uploads\/2024\/07\/Naczelnicy-1024x318.png\" alt=\"\" class=\"wp-image-107396\" srcset=\"https:\/\/htb.com.pl\/wp-content\/uploads\/2024\/07\/Naczelnicy-1024x318.png 1024w, https:\/\/htb.com.pl\/wp-content\/uploads\/2024\/07\/Naczelnicy-300x93.png 300w, https:\/\/htb.com.pl\/wp-content\/uploads\/2024\/07\/Naczelnicy-768x238.png 768w, https:\/\/htb.com.pl\/wp-content\/uploads\/2024\/07\/Naczelnicy-600x186.png 600w, https:\/\/htb.com.pl\/wp-content\/uploads\/2024\/07\/Naczelnicy.png 1050w\" sizes=\"auto, (max-width: 1024px) 100vw, 1024px\" \/><\/a><\/figure>\n\n\n\n<p>&nbsp; My\u015bl\u0119, \u017ce banda na Kremlu si\u0119 zmartwi\u0142a &#8211; oni tam wiedz\u0105, \u017ce kobiety to jest si\u0142a.<\/p>\n\n\n\n<figure class=\"wp-block-image size-large\"><a href=\"http:\/\/radiomaria.com.pl\/wp-content\/uploads\/2024\/07\/28.07.Kobiety-rzadza.mp3\"><img loading=\"lazy\" decoding=\"async\" width=\"1024\" height=\"345\" src=\"https:\/\/htb.com.pl\/wp-content\/uploads\/2024\/07\/Kobiety-1024x345.png\" alt=\"\" class=\"wp-image-107400\" srcset=\"https:\/\/htb.com.pl\/wp-content\/uploads\/2024\/07\/Kobiety-1024x345.png 1024w, https:\/\/htb.com.pl\/wp-content\/uploads\/2024\/07\/Kobiety-300x101.png 300w, https:\/\/htb.com.pl\/wp-content\/uploads\/2024\/07\/Kobiety-768x258.png 768w, https:\/\/htb.com.pl\/wp-content\/uploads\/2024\/07\/Kobiety-600x202.png 600w, https:\/\/htb.com.pl\/wp-content\/uploads\/2024\/07\/Kobiety.png 1055w\" sizes=\"auto, (max-width: 1024px) 100vw, 1024px\" \/><\/a><\/figure>\n\n\n\n<p>&nbsp; &nbsp;Jak w Ukrainie si\u0119 zaczyna\u0142o Radio Maria inne s\u0142owa Marysi przytacza\u0142o. \u201eWojna niczego nie rozwi\u0105\u017ce i tak na ko\u0144cu trzeba usi\u0105\u015b\u0107 do sto\u0142u \u2013 to po co si\u0119 zabija\u0107?\u201d. To, jak z fontu wojny domowej w Ugandzie wr\u00f3ci\u0142a m\u00f3wi\u0142a \u2013 wiedzia\u0142a, co m\u00f3wi\u0142a&#8230; <\/p>\n\n\n\n<p>&nbsp; Na blogu DATY I FAKTY jej histori\u0119, jak umia\u0142em opowiedzia\u0142em, ale \u017ce ta historia ci\u0105gle b\u0119dzie aktualna \u2013 to si\u0119 nie spodziewa\u0142em.<\/p>\n","protected":false},"excerpt":{"rendered":"<p>Najpierw edukacja potem demokracja, inaczej wr\u00f3ci Sanacja. Tak w 1987 roku Marysia m\u00f3wi\u0142a. Po tym, jak \u201eUstaw\u0119 o wolno\u015bci gospodarczej\u201d nie jej PZPR z jej \u015brodowiskami watyka\u0144skimi uzgodni\u0142a. Solidarno\u015b\u0107 jednak si\u0119 tu nie zgodzi\u0142a i Sanacja wr\u00f3ci\u0142a. &nbsp; Dzi\u015b martwi mnie stanowisko PSL, kt\u00f3re Marysia za przyk\u0142ad dawa\u0142a \u2013 niestety tu te\u017c jej filozofia przegra\u0142a. [&hellip;]<\/p>\n","protected":false},"author":1,"featured_media":107405,"comment_status":"open","ping_status":"open","sticky":false,"template":"","format":"standard","meta":{"_jetpack_memberships_contains_paid_content":false,"footnotes":""},"categories":[4],"tags":[],"class_list":["post-107388","post","type-post","status-publish","format-standard","has-post-thumbnail","hentry","category-daty-i-fakty-blog"],"jetpack_sharing_enabled":true,"jetpack_featured_media_url":"https:\/\/htb.com.pl\/wp-content\/uploads\/2024\/07\/Edukacja.png","_links":{"self":[{"href":"https:\/\/htb.com.pl\/index.php?rest_route=\/wp\/v2\/posts\/107388","targetHints":{"allow":["GET"]}}],"collection":[{"href":"https:\/\/htb.com.pl\/index.php?rest_route=\/wp\/v2\/posts"}],"about":[{"href":"https:\/\/htb.com.pl\/index.php?rest_route=\/wp\/v2\/types\/post"}],"author":[{"embeddable":true,"href":"https:\/\/htb.com.pl\/index.php?rest_route=\/wp\/v2\/users\/1"}],"replies":[{"embeddable":true,"href":"https:\/\/htb.com.pl\/index.php?rest_route=%2Fwp%2Fv2%2Fcomments&post=107388"}],"version-history":[{"count":12,"href":"https:\/\/htb.com.pl\/index.php?rest_route=\/wp\/v2\/posts\/107388\/revisions"}],"predecessor-version":[{"id":107444,"href":"https:\/\/htb.com.pl\/index.php?rest_route=\/wp\/v2\/posts\/107388\/revisions\/107444"}],"wp:featuredmedia":[{"embeddable":true,"href":"https:\/\/htb.com.pl\/index.php?rest_route=\/wp\/v2\/media\/107405"}],"wp:attachment":[{"href":"https:\/\/htb.com.pl\/index.php?rest_route=%2Fwp%2Fv2%2Fmedia&parent=107388"}],"wp:term":[{"taxonomy":"category","embeddable":true,"href":"https:\/\/htb.com.pl\/index.php?rest_route=%2Fwp%2Fv2%2Fcategories&post=107388"},{"taxonomy":"post_tag","embeddable":true,"href":"https:\/\/htb.com.pl\/index.php?rest_route=%2Fwp%2Fv2%2Ftags&post=107388"}],"curies":[{"name":"wp","href":"https:\/\/api.w.org\/{rel}","templated":true}]}}