{"id":107455,"date":"2024-07-29T10:55:10","date_gmt":"2024-07-29T10:55:10","guid":{"rendered":"https:\/\/htb.com.pl\/?p=107455"},"modified":"2024-08-13T13:23:03","modified_gmt":"2024-08-13T13:23:03","slug":"letnie-igrzyska-olimpijskie-paryz-2024","status":"publish","type":"post","link":"https:\/\/htb.com.pl\/?p=107455","title":{"rendered":"Letnie Igrzyska Olimpijskie Pary\u017c 2024"},"content":{"rendered":"\n<p>Zacz\u0119\u0142o si\u0119 od kontrowersji za spraw\u0105 Przemys\u0142awa Babiarza. To co powiedzia\u0142 podczas ceremonii otwarcia nie pierwszy raz z jego ust wybrzmia\u0142o, ale tym razem si\u0119 nie spodoba\u0142o.<\/p>\n\n\n\n<figure class=\"wp-block-image size-full\"><a href=\"http:\/\/radiomaria.com.pl\/wp-content\/uploads\/2024\/07\/A28.07.Jhon-Lennon-Imagine.mp3\"><img loading=\"lazy\" decoding=\"async\" width=\"975\" height=\"538\" src=\"https:\/\/htb.com.pl\/wp-content\/uploads\/2024\/07\/Ceremoniamaly.png\" alt=\"\" class=\"wp-image-107461\" srcset=\"https:\/\/htb.com.pl\/wp-content\/uploads\/2024\/07\/Ceremoniamaly.png 975w, https:\/\/htb.com.pl\/wp-content\/uploads\/2024\/07\/Ceremoniamaly-300x166.png 300w, https:\/\/htb.com.pl\/wp-content\/uploads\/2024\/07\/Ceremoniamaly-768x424.png 768w, https:\/\/htb.com.pl\/wp-content\/uploads\/2024\/07\/Ceremoniamaly-600x331.png 600w\" sizes=\"auto, (max-width: 975px) 100vw, 975px\" \/><\/a><\/figure>\n\n\n\n<p>Zdj\u0119cie jest aktywne<\/p>\n\n\n\n<h2 class=\"wp-block-heading\">Mamy pierwszy medal na igrzyskach w Pary\u017cu! Klaudia Zwoli\u0144ska ze srebrem w kajakarstwie g\u00f3rskim.<\/h2>\n\n\n\n<figure class=\"wp-block-image size-full is-resized\"><img loading=\"lazy\" decoding=\"async\" width=\"998\" height=\"563\" src=\"https:\/\/htb.com.pl\/wp-content\/uploads\/2024\/07\/Klaldiasrebro.jpg\" alt=\"\" class=\"wp-image-107464\" style=\"width:840px;height:auto\" srcset=\"https:\/\/htb.com.pl\/wp-content\/uploads\/2024\/07\/Klaldiasrebro.jpg 998w, https:\/\/htb.com.pl\/wp-content\/uploads\/2024\/07\/Klaldiasrebro-300x169.jpg 300w, https:\/\/htb.com.pl\/wp-content\/uploads\/2024\/07\/Klaldiasrebro-768x433.jpg 768w, https:\/\/htb.com.pl\/wp-content\/uploads\/2024\/07\/Klaldiasrebro-600x338.jpg 600w\" sizes=\"auto, (max-width: 998px) 100vw, 998px\" \/><\/figure>\n\n\n\n<h2 class=\"wp-block-heading\">Mamy drugi medal dla Polski w igrzyskach olimpijskich w Pary\u017cu! <\/h2>\n\n\n\n<p><strong>Polskie szpadzistki w sk\u0142adzie Aleksandra Jarecka, Martyna Swatowska-Wenglarczyk, Renata Knapik-Miazga oraz Alicja Klasik wywalczy\u0142y we wtorek br\u0105zowy medal w rywalizacji dru\u017cynowej. W meczu o trzecie miejsce pokona\u0142y Chinki po dogrywce.&nbsp;<\/strong><\/p>\n\n\n\n<figure class=\"wp-block-image size-full\"><img loading=\"lazy\" decoding=\"async\" width=\"726\" height=\"475\" src=\"https:\/\/htb.com.pl\/wp-content\/uploads\/2024\/07\/Szpadzistki.png\" alt=\"\" class=\"wp-image-107562\" srcset=\"https:\/\/htb.com.pl\/wp-content\/uploads\/2024\/07\/Szpadzistki.png 726w, https:\/\/htb.com.pl\/wp-content\/uploads\/2024\/07\/Szpadzistki-300x196.png 300w, https:\/\/htb.com.pl\/wp-content\/uploads\/2024\/07\/Szpadzistki-600x393.png 600w\" sizes=\"auto, (max-width: 726px) 100vw, 726px\" \/><figcaption class=\"wp-element-caption\">30.07.2024.<\/figcaption><\/figure>\n\n\n\n<h2 class=\"wp-block-heading\"><strong>Wio\u015blarze Dominik Czaja, Mateusz Biskup, Miros\u0142aw Zi\u0119tarski i Fabian Bara\u0144ski zdobyli br\u0105zowy medal Igrzysk Olimpijskich w Pary\u017cu w rywalizacji czw\u00f3rek podw\u00f3jnych. Zwyci\u0119\u017cyli Holendrzy, a drugie miejsce zaj\u0119li W\u0142osi.<\/strong><\/h2>\n\n\n\n<figure class=\"wp-block-image size-full\"><img loading=\"lazy\" decoding=\"async\" width=\"979\" height=\"641\" src=\"https:\/\/htb.com.pl\/wp-content\/uploads\/2024\/07\/Czworkamaly.png\" alt=\"\" class=\"wp-image-107568\" srcset=\"https:\/\/htb.com.pl\/wp-content\/uploads\/2024\/07\/Czworkamaly.png 979w, https:\/\/htb.com.pl\/wp-content\/uploads\/2024\/07\/Czworkamaly-300x196.png 300w, https:\/\/htb.com.pl\/wp-content\/uploads\/2024\/07\/Czworkamaly-768x503.png 768w, https:\/\/htb.com.pl\/wp-content\/uploads\/2024\/07\/Czworkamaly-600x393.png 600w\" sizes=\"auto, (max-width: 979px) 100vw, 979px\" \/><figcaption class=\"wp-element-caption\">31.07.2024.<\/figcaption><\/figure>\n\n\n\n<h2 class=\"wp-block-heading\">Mamy br\u0105zowy medal! Iga \u015awi\u0105tek nie da\u0142a szans rywalce. <\/h2>\n\n\n\n<p><strong>To by\u0142 jednostronny i b\u0142yskawiczny pojedynek. Iga \u015awi\u0105tek pewnie pokona\u0142a Ann\u0119 Karolina Schmiedlow\u0105 i zdoby\u0142a br\u0105zowy medal igrzysk olimpijskich w Pary\u017cu. Polce po meczu nie uda\u0142o si\u0119 ukry\u0107 \u0142ez wzruszenia.<\/strong><\/p>\n\n\n\n<figure class=\"wp-block-image size-full\"><img loading=\"lazy\" decoding=\"async\" width=\"985\" height=\"650\" src=\"https:\/\/htb.com.pl\/wp-content\/uploads\/2024\/07\/Brazmaly.png\" alt=\"\" class=\"wp-image-107702\" srcset=\"https:\/\/htb.com.pl\/wp-content\/uploads\/2024\/07\/Brazmaly.png 985w, https:\/\/htb.com.pl\/wp-content\/uploads\/2024\/07\/Brazmaly-300x198.png 300w, https:\/\/htb.com.pl\/wp-content\/uploads\/2024\/07\/Brazmaly-768x507.png 768w, https:\/\/htb.com.pl\/wp-content\/uploads\/2024\/07\/Brazmaly-600x396.png 600w\" sizes=\"auto, (max-width: 985px) 100vw, 985px\" \/><\/figure>\n\n\n\n<p>03.08.2024.<\/p>\n\n\n\n<h2 class=\"wp-block-heading\">Polki najlepsze! Mamy z\u0142oto i br\u0105z!<\/h2>\n\n\n\n<p><strong>Rekordzistka \u015bwiata Aleksandra Miros\u0142aw ze z\u0142otym medalem na igrzyskach we wspinaczce sportowej na czas. W p\u00f3\u0142finale jej rywalk\u0105 by\u0142a Aleksandra Ka\u0142ucka. Ka\u0142ucka ma br\u0105zowy medal<\/strong>.<\/p>\n\n\n\n<figure class=\"wp-block-image size-full\"><img loading=\"lazy\" decoding=\"async\" width=\"990\" height=\"626\" src=\"https:\/\/htb.com.pl\/wp-content\/uploads\/2024\/08\/2ba6a2390cc614f7844db7acf8a95649_xl-1024x685-1.jpg\" alt=\"\" class=\"wp-image-108227\" srcset=\"https:\/\/htb.com.pl\/wp-content\/uploads\/2024\/08\/2ba6a2390cc614f7844db7acf8a95649_xl-1024x685-1.jpg 990w, https:\/\/htb.com.pl\/wp-content\/uploads\/2024\/08\/2ba6a2390cc614f7844db7acf8a95649_xl-1024x685-1-300x190.jpg 300w, https:\/\/htb.com.pl\/wp-content\/uploads\/2024\/08\/2ba6a2390cc614f7844db7acf8a95649_xl-1024x685-1-768x486.jpg 768w, https:\/\/htb.com.pl\/wp-content\/uploads\/2024\/08\/2ba6a2390cc614f7844db7acf8a95649_xl-1024x685-1-600x379.jpg 600w\" sizes=\"auto, (max-width: 990px) 100vw, 990px\" \/><figcaption class=\"wp-element-caption\">07.08.2024.<\/figcaption><\/figure>\n\n\n\n<h2 class=\"wp-block-heading\">Natalia Kaczmarek zdoby\u0142a br\u0105zowy medal igrzysk w Pary\u017cu w biegu na 400 metr\u00f3w. To trzeci medal olimpijski w karierze naszej znakomitej lekkoatletki, rekordzistki Polski i mistrzyni Europy. Triumfowa\u0142a Marileidy Paulino z Dominikany.<\/h2>\n\n\n\n<figure class=\"wp-block-image size-full\"><img loading=\"lazy\" decoding=\"async\" width=\"989\" height=\"591\" src=\"https:\/\/htb.com.pl\/wp-content\/uploads\/2024\/07\/Kaczmarekmaly.png\" alt=\"\" class=\"wp-image-108029\" srcset=\"https:\/\/htb.com.pl\/wp-content\/uploads\/2024\/07\/Kaczmarekmaly.png 989w, https:\/\/htb.com.pl\/wp-content\/uploads\/2024\/07\/Kaczmarekmaly-300x179.png 300w, https:\/\/htb.com.pl\/wp-content\/uploads\/2024\/07\/Kaczmarekmaly-768x459.png 768w, https:\/\/htb.com.pl\/wp-content\/uploads\/2024\/07\/Kaczmarekmaly-600x359.png 600w\" sizes=\"auto, (max-width: 989px) 100vw, 989px\" \/><\/figure>\n\n\n\n<p>09.08.2024.<\/p>\n\n\n\n<h2 class=\"wp-block-heading\">Siatkarze maj\u0105 srebro igrzysk!&nbsp;<\/h2>\n\n\n\n<figure class=\"wp-block-image size-full\"><img loading=\"lazy\" decoding=\"async\" width=\"988\" height=\"556\" src=\"https:\/\/htb.com.pl\/wp-content\/uploads\/2024\/07\/Siatkamaly.png\" alt=\"\" class=\"wp-image-108066\" srcset=\"https:\/\/htb.com.pl\/wp-content\/uploads\/2024\/07\/Siatkamaly.png 988w, https:\/\/htb.com.pl\/wp-content\/uploads\/2024\/07\/Siatkamaly-300x169.png 300w, https:\/\/htb.com.pl\/wp-content\/uploads\/2024\/07\/Siatkamaly-768x432.png 768w, https:\/\/htb.com.pl\/wp-content\/uploads\/2024\/07\/Siatkamaly-600x338.png 600w\" sizes=\"auto, (max-width: 988px) 100vw, 988px\" \/><\/figure>\n\n\n\n<p>10.08.2024.<\/p>\n\n\n\n<p><strong>Srebro dla polskich siatkarzy. Bia\u0142o-Czerwoni zgarn\u0119li historyczny medal igrzysk olimpijskich. Gracze Nikoli Grbicia nie dali rady Francji, przegrali w trzsech setach&nbsp;(25:19, 25:20, 25:23).&nbsp;Zawodnikom nale\u017c\u0105 si\u0119 ogromne brawa za ca\u0142y turniej w Pary\u017cu. Drugi stopie\u0144 podium IO to du\u017cy sukces. Dzi\u0119kujemy!<\/strong><\/p>\n\n\n\n<h2 class=\"wp-block-heading\">Julia Szeremeta wywalczy\u0142a srebro w boksie. W finale przegra\u0142a z Lin Yu Ting.<\/h2>\n\n\n\n<figure class=\"wp-block-image size-full\"><img loading=\"lazy\" decoding=\"async\" width=\"625\" height=\"413\" src=\"https:\/\/htb.com.pl\/wp-content\/uploads\/2024\/07\/000JL7WP3EQJGMVH-C116-F4.jpeg\" alt=\"\" class=\"wp-image-108082\" srcset=\"https:\/\/htb.com.pl\/wp-content\/uploads\/2024\/07\/000JL7WP3EQJGMVH-C116-F4.jpeg 625w, https:\/\/htb.com.pl\/wp-content\/uploads\/2024\/07\/000JL7WP3EQJGMVH-C116-F4-300x198.jpeg 300w, https:\/\/htb.com.pl\/wp-content\/uploads\/2024\/07\/000JL7WP3EQJGMVH-C116-F4-600x396.jpeg 600w\" sizes=\"auto, (max-width: 625px) 100vw, 625px\" \/><\/figure>\n\n\n\n<p>Daria Pikulik\/LUKASZ KALINOWSKI&nbsp;\/East News<\/p>\n\n\n\n<h2 class=\"wp-block-heading\"><strong>Daria Pikulik zosta\u0142a w niedziel\u0119 w Pary\u017cu wicemistrzyni\u0105 olimpijsk\u0105 w kolarskiej konkurencji omnium na torze, czyli wieloboju kolarskim.<\/strong><\/h2>\n\n\n\n<figure class=\"wp-block-image size-full\"><img loading=\"lazy\" decoding=\"async\" width=\"735\" height=\"446\" src=\"https:\/\/htb.com.pl\/wp-content\/uploads\/2024\/07\/Wieloboj.png\" alt=\"\" class=\"wp-image-108127\" srcset=\"https:\/\/htb.com.pl\/wp-content\/uploads\/2024\/07\/Wieloboj.png 735w, https:\/\/htb.com.pl\/wp-content\/uploads\/2024\/07\/Wieloboj-300x182.png 300w, https:\/\/htb.com.pl\/wp-content\/uploads\/2024\/07\/Wieloboj-600x364.png 600w\" sizes=\"auto, (max-width: 735px) 100vw, 735px\" \/><\/figure>\n","protected":false},"excerpt":{"rendered":"<p>Zacz\u0119\u0142o si\u0119 od kontrowersji za spraw\u0105 Przemys\u0142awa Babiarza. To co powiedzia\u0142 podczas ceremonii otwarcia nie pierwszy raz z jego ust wybrzmia\u0142o, ale tym razem si\u0119 nie spodoba\u0142o. Zdj\u0119cie jest aktywne Mamy pierwszy medal na igrzyskach w Pary\u017cu! Klaudia Zwoli\u0144ska ze srebrem w kajakarstwie g\u00f3rskim. Mamy drugi medal dla Polski w igrzyskach olimpijskich w Pary\u017cu! Polskie [&hellip;]<\/p>\n","protected":false},"author":1,"featured_media":107460,"comment_status":"open","ping_status":"open","sticky":false,"template":"","format":"standard","meta":{"_jetpack_memberships_contains_paid_content":false,"footnotes":""},"categories":[528],"tags":[983],"class_list":["post-107455","post","type-post","status-publish","format-standard","has-post-thumbnail","hentry","category-rower","tag-letnie-igrzyska-olimpijskie-paryz-2024"],"jetpack_sharing_enabled":true,"jetpack_featured_media_url":"https:\/\/htb.com.pl\/wp-content\/uploads\/2024\/07\/ParyzOlimpiadamaly.png","_links":{"self":[{"href":"https:\/\/htb.com.pl\/index.php?rest_route=\/wp\/v2\/posts\/107455","targetHints":{"allow":["GET"]}}],"collection":[{"href":"https:\/\/htb.com.pl\/index.php?rest_route=\/wp\/v2\/posts"}],"about":[{"href":"https:\/\/htb.com.pl\/index.php?rest_route=\/wp\/v2\/types\/post"}],"author":[{"embeddable":true,"href":"https:\/\/htb.com.pl\/index.php?rest_route=\/wp\/v2\/users\/1"}],"replies":[{"embeddable":true,"href":"https:\/\/htb.com.pl\/index.php?rest_route=%2Fwp%2Fv2%2Fcomments&post=107455"}],"version-history":[{"count":18,"href":"https:\/\/htb.com.pl\/index.php?rest_route=\/wp\/v2\/posts\/107455\/revisions"}],"predecessor-version":[{"id":108231,"href":"https:\/\/htb.com.pl\/index.php?rest_route=\/wp\/v2\/posts\/107455\/revisions\/108231"}],"wp:featuredmedia":[{"embeddable":true,"href":"https:\/\/htb.com.pl\/index.php?rest_route=\/wp\/v2\/media\/107460"}],"wp:attachment":[{"href":"https:\/\/htb.com.pl\/index.php?rest_route=%2Fwp%2Fv2%2Fmedia&parent=107455"}],"wp:term":[{"taxonomy":"category","embeddable":true,"href":"https:\/\/htb.com.pl\/index.php?rest_route=%2Fwp%2Fv2%2Fcategories&post=107455"},{"taxonomy":"post_tag","embeddable":true,"href":"https:\/\/htb.com.pl\/index.php?rest_route=%2Fwp%2Fv2%2Ftags&post=107455"}],"curies":[{"name":"wp","href":"https:\/\/api.w.org\/{rel}","templated":true}]}}