{"id":107759,"date":"2024-08-04T10:48:41","date_gmt":"2024-08-04T10:48:41","guid":{"rendered":"https:\/\/htb.com.pl\/?p=107759"},"modified":"2024-08-04T12:13:18","modified_gmt":"2024-08-04T12:13:18","slug":"politycy-to-zlo","status":"publish","type":"post","link":"https:\/\/htb.com.pl\/?p=107759","title":{"rendered":"Politycy to z\u0142o"},"content":{"rendered":"\n<p><\/p>\n\n\n\n<figure class=\"wp-block-image size-thumbnail\"><a href=\"https:\/\/htb.com.pl\/wp-content\/uploads\/2024\/08\/Politycy-to-zlo.mp3\"><img loading=\"lazy\" decoding=\"async\" width=\"150\" height=\"150\" src=\"https:\/\/htb.com.pl\/wp-content\/uploads\/2018\/04\/posluchaj-150x150.jpg\" alt=\"\" class=\"wp-image-2020\" srcset=\"https:\/\/htb.com.pl\/wp-content\/uploads\/2018\/04\/posluchaj-150x150.jpg 150w, https:\/\/htb.com.pl\/wp-content\/uploads\/2018\/04\/posluchaj-300x300.jpg 300w, https:\/\/htb.com.pl\/wp-content\/uploads\/2018\/04\/posluchaj-100x100.jpg 100w\" sizes=\"auto, (max-width: 150px) 100vw, 150px\" \/><\/a><\/figure>\n\n\n\n<p>Zmar\u0142a moja Ciocia, siostra mojego Taty Leonarda Szabat. Pogrzeb by\u0142 w Zaklikowie \u2013 tam mieszka\u0142a. Zauwa\u017cy\u0142em, \u017ce jeden z jej syn\u00f3w, m\u00f3j kuzyn bardzo mi przypomina Dziadka Piotra z lat siedemdziesi\u0105tych \u2013 z czas\u00f3w, kt\u00f3re opisa\u0142em na blogu DATY I FAKTY. To te wspomnienia si\u0119 tak Pa\u0144stwu spodoba\u0142y. Sprawi\u0142y, \u017ce w Radiu Maria nie opowiadam niczego innego, tylko pokazuj\u0119 \u015bwiat z perspektywy Marysi.&nbsp; To wszystko zacz\u0119\u0142o si\u0119 w Zaklikowie, na \u201eKopcu\u201d. Zar\u00f3wno wtedy, jaki dzi\u015b jest tam O\u015brodek Harcerski. Zaklik\u00f3w to wspania\u0142e miejsce do wypoczynku. Moja \u017bona Dorotka te\u017c tak uwa\u017ca. Zalew z super klubem nocnym, kt\u00f3ry jest w miejscu, gdzie kiedy\u015b by\u0142o molo. Restauracja Rybka, gdzie za spraw\u0105 w\u0142a\u015bcicieli jest niezwyk\u0142y klimat, serwowane s\u0105 pierogi rybne, a w tle na tamie szumi rzeka Sanna i cz\u0119sto cichutko gra Budka Suflera \u2013 z g\u0142o\u015bnik\u00f3w.<\/p>\n\n\n\n<p>&nbsp; Marysi te\u017c si\u0119 tam podoba\u0142o. Ciekawe, co dzi\u015b by powiedzia\u0142a? My\u015bl\u0119 \u2013 \u017ce by powiedzia\u0142a, \u017ce to przewidzia\u0142a. Gdy w 1986 roku mnie \u017cegna\u0142a, tylko kilka zda\u0144 powiedzia\u0142a, ale to, co mi wtedy przekaza\u0142a do dzi\u015b pozytywnie na mnie dzia\u0142a. Bardzo \u017ca\u0142uj\u0119, \u017ce dopiero teraz to pojmuj\u0119.<\/p>\n\n\n\n<p>\u201ePolitycy to z\u0142o\u201d<\/p>\n\n\n\n<p>Tak powiedzia\u0142a \u2013 Kochani, racj\u0119 mia\u0142a. A teraz tradycyjnie, to co si\u0119 w ostatnim tygodniu dzia\u0142o i Radio Maria o tym opowiada\u0142o.<\/p>\n\n\n\n<p>&nbsp; ChRL postrzega rosyjsk\u0105 agresj\u0119 na Ukrain\u0119 jako wyraz sprzeciwu wobec USA i&nbsp;NATO oraz element budowy nowego \u0142adu mi\u0119dzynarodowego, w&nbsp;kt\u00f3rym rola Zachodu b\u0119dzie zmarginalizowana.&nbsp;<a href=\"http:\/\/radiomaria.com.pl\/wp-content\/uploads\/2024\/07\/29.07.Polska-Chiny-i-murzyny.mp3\"><img loading=\"lazy\" decoding=\"async\" width=\"150\" height=\"82\" class=\"wp-image-107772\" style=\"width: 150px;\" src=\"https:\/\/htb.com.pl\/wp-content\/uploads\/2024\/08\/PutinXsimaly.png\" alt=\"\" srcset=\"https:\/\/htb.com.pl\/wp-content\/uploads\/2024\/08\/PutinXsimaly.png 990w, https:\/\/htb.com.pl\/wp-content\/uploads\/2024\/08\/PutinXsimaly-300x164.png 300w, https:\/\/htb.com.pl\/wp-content\/uploads\/2024\/08\/PutinXsimaly-768x420.png 768w, https:\/\/htb.com.pl\/wp-content\/uploads\/2024\/08\/PutinXsimaly-600x328.png 600w\" sizes=\"auto, (max-width: 150px) 100vw, 150px\" \/><\/a> Marysia uwa\u017ca\u0142a, \u017ce tu na ziemi dla wej\u015bcia do Kr\u00f3lestwa Bo\u017cego lepiej od katolicyzmu konfucjonizm dzia\u0142a. Jako przyk\u0142ad w\u0142a\u015bnie Chiny dawa\u0142a &#8211; nale\u017c\u0105 do tego kr\u0119gu kulturowego, a jak chodzi o ich uczciwo\u015b\u0107 kupieck\u0105, pr\u00f3\u017cno szuka\u0107 kogo\u015b lepszego. Naszych polityk\u00f3w, kt\u00f3rzy dla swoich korzy\u015bci udaj\u0105 gorliwych katolik\u00f3w zwalcza\u0142a. Przyk\u0142ad z kard. Stefana Wyszy\u0144skiego bra\u0142a. Szkoda, \u017ce nasza klasa polityczna my\u015bli tego Wielkiego Polaka poprzekr\u0119ca\u0142a i to, co Wyszy\u0144ski nazywa\u0142 z\u0142em, bohaterstwem nazwa\u0142a.<\/p>\n\n\n\n<p>&nbsp; Prokurator generalny Adam Bodnar przekaza\u0142 przewodnicz\u0105cej Parlamentu Europejskiego Robercie Metsoli wnioski o wyra\u017cenie zgody na poci\u0105gni\u0119cie do odpowiedzialno\u015bci karnej pos\u0142\u00f3w do Parlamentu Europejskiego Mariusza Kami\u0144skiego i Macieja W\u0105sika. <a href=\"http:\/\/radiomaria.com.pl\/wp-content\/uploads\/2024\/07\/30.07.Wasik-i-Kaminski-wracaja.mp3\"><img loading=\"lazy\" decoding=\"async\" width=\"150\" height=\"100\" class=\"wp-image-107774\" style=\"width: 150px;\" src=\"https:\/\/htb.com.pl\/wp-content\/uploads\/2024\/08\/000JJGVGE7SGUW3M-C116-F4.jpeg\" alt=\"\" srcset=\"https:\/\/htb.com.pl\/wp-content\/uploads\/2024\/08\/000JJGVGE7SGUW3M-C116-F4.jpeg 625w, https:\/\/htb.com.pl\/wp-content\/uploads\/2024\/08\/000JJGVGE7SGUW3M-C116-F4-300x200.jpeg 300w, https:\/\/htb.com.pl\/wp-content\/uploads\/2024\/08\/000JJGVGE7SGUW3M-C116-F4-600x400.jpeg 600w\" sizes=\"auto, (max-width: 150px) 100vw, 150px\" \/><\/a><\/p>\n\n\n\n<p>&nbsp; Gdyby 13 grudnia 1986 roku pod domem Jaruzelskiego Marysia Mariusza Kami\u0144skiego wystraszy\u0142a, dzi\u015b sprawa by\u0142aby nieby\u0142a.<\/p>\n\n\n\n<p>Kamala Harris Donalda Trumpa tylko postraszy\u0142a i tym w Ameryce P\u00f3\u0142nocnej z\u0142o do odwrotu zmusi\u0142a. Cytat: <strong>\u201ePowiedz mi to prosto w twarz!\u201d <\/strong>. <a href=\"http:\/\/radiomaria.com.pl\/wp-content\/uploads\/2023\/03\/31.07.Powiedz-mi-to-prosyo-w-twarz.mp3\"><img loading=\"lazy\" decoding=\"async\" width=\"150\" height=\"99\" class=\"wp-image-107776\" style=\"width: 150px;\" src=\"https:\/\/htb.com.pl\/wp-content\/uploads\/2024\/08\/Kamala.png\" alt=\"\" srcset=\"https:\/\/htb.com.pl\/wp-content\/uploads\/2024\/08\/Kamala.png 791w, https:\/\/htb.com.pl\/wp-content\/uploads\/2024\/08\/Kamala-300x198.png 300w, https:\/\/htb.com.pl\/wp-content\/uploads\/2024\/08\/Kamala-768x507.png 768w, https:\/\/htb.com.pl\/wp-content\/uploads\/2024\/08\/Kamala-600x396.png 600w\" sizes=\"auto, (max-width: 150px) 100vw, 150px\" \/><\/a> Tymi s\u0142owami Kamala Harris rzuca wyzwanie Donaldowi Trumpowi. To wa\u017cne zdanie. Dziwi\u0119 si\u0119, \u017ce \u017caden z naszych polityk\u00f3w nigdy wobec swoich krytyk\u00f3w go nie wypowiedzia\u0142. Ja w imieniu opluwanych zadam to pytanie, wykorzystam Radio Maria. Sprawdz\u0119, co na te s\u0142owa taki internetowy hejter by powiedzia\u0142 jak ju\u017c, \u017ce nie jest anonimowy b\u0119dzie wiedzia\u0142.<\/p>\n\n\n\n<p>&nbsp; Z kobietami w polityce Marysia raczej by si\u0119 zgadza\u0142a. Ministra zdrowia Izabela Leszczyna powiedzia\u0142a, <a href=\"http:\/\/radiomaria.com.pl\/wp-content\/uploads\/2023\/03\/31.07.Szczepienia-HPV.mp3\"><img loading=\"lazy\" decoding=\"async\" width=\"150\" height=\"100\" class=\"wp-image-107778\" style=\"width: 150px;\" src=\"https:\/\/htb.com.pl\/wp-content\/uploads\/2024\/08\/pap_20240410_0P7.jpg\" alt=\"\" srcset=\"https:\/\/htb.com.pl\/wp-content\/uploads\/2024\/08\/pap_20240410_0P7.jpg 817w, https:\/\/htb.com.pl\/wp-content\/uploads\/2024\/08\/pap_20240410_0P7-300x200.jpg 300w, https:\/\/htb.com.pl\/wp-content\/uploads\/2024\/08\/pap_20240410_0P7-768x511.jpg 768w, https:\/\/htb.com.pl\/wp-content\/uploads\/2024\/08\/pap_20240410_0P7-600x400.jpg 600w\" sizes=\"auto, (max-width: 150px) 100vw, 150px\" \/><\/a> \u017ce chce, by od wrze\u015bnia szczepienia dzieci przeciw HPV by\u0142y w szko\u0142ach i jest to uzgodnione z ministr\u0105 edukacji Barbar\u0105 Nowack\u0105. Zapowiedzia\u0142a te\u017c wprowadzenie tych szczepie\u0144 w aptekach. Radio Maria te\u017c w tym temacie dzia\u0142a.<\/p>\n\n\n\n<p>&nbsp; Wymian\u0119 wi\u0119\u017ani\u00f3w Rosji z Zachodem Marysia by popiera\u0142a, ale o tym by nie gada\u0142a. <a href=\"http:\/\/radiomaria.com.pl\/wp-content\/uploads\/2024\/08\/02.08.Wymiana-wiezniow.mp3\"><img loading=\"lazy\" decoding=\"async\" width=\"150\" height=\"106\" class=\"wp-image-107780\" style=\"width: 150px;\" src=\"https:\/\/htb.com.pl\/wp-content\/uploads\/2024\/08\/Wymianamaly.png\" alt=\"\" srcset=\"https:\/\/htb.com.pl\/wp-content\/uploads\/2024\/08\/Wymianamaly.png 973w, https:\/\/htb.com.pl\/wp-content\/uploads\/2024\/08\/Wymianamaly-300x212.png 300w, https:\/\/htb.com.pl\/wp-content\/uploads\/2024\/08\/Wymianamaly-768x544.png 768w, https:\/\/htb.com.pl\/wp-content\/uploads\/2024\/08\/Wymianamaly-600x425.png 600w\" sizes=\"auto, (max-width: 150px) 100vw, 150px\" \/><\/a> A jak chodzi o prezydenta Andrzeja Dud\u0119, <a href=\"http:\/\/radiomaria.com.pl\/wp-content\/uploads\/2024\/08\/03.08-Trzeba-zmienic-prezydenta.mp3\"><img loading=\"lazy\" decoding=\"async\" width=\"150\" height=\"97\" class=\"wp-image-107782\" style=\"width: 150px;\" src=\"https:\/\/htb.com.pl\/wp-content\/uploads\/2024\/08\/Skierowal.png\" alt=\"\" srcset=\"https:\/\/htb.com.pl\/wp-content\/uploads\/2024\/08\/Skierowal.png 998w, https:\/\/htb.com.pl\/wp-content\/uploads\/2024\/08\/Skierowal-300x194.png 300w, https:\/\/htb.com.pl\/wp-content\/uploads\/2024\/08\/Skierowal-768x496.png 768w, https:\/\/htb.com.pl\/wp-content\/uploads\/2024\/08\/Skierowal-600x388.png 600w\" sizes=\"auto, (max-width: 150px) 100vw, 150px\" \/><\/a> to gdyby Marysia \u017cy\u0142a, na powszechne wybory g\u0142owy pa\u0144stwa by si\u0119 nie zgodzi\u0142a. Koalicja, kt\u00f3r\u0105 Ona budowa\u0142a wybory prezydenta przez parlament proponowa\u0142a. Tak, jak w dwudziestoleciu mi\u0119dzywojennym. Krytykom, kt\u00f3rzy przyk\u0142ad Narutowicza wskazywali odpowiada\u0142a, \u017ce to by\u0142 w\u0142a\u015bciwy wyb\u00f3r, tylko \u017ce\u015bmy go zamordowali. I w\u0142a\u015bnie dlatego w Jej Radiu Maria audycj\u0119 \u201eHejt Brake\u201d (wyhamowa\u0107 mow\u0119 nienawi\u015bci) zawsze b\u0119dziemy nadawali.<\/p>\n\n\n\n<h2 class=\"wp-block-heading\"><strong>&nbsp;<\/strong><\/h2>\n\n\n\n<h2 class=\"wp-block-heading\"><strong>&nbsp;<\/strong><\/h2>\n\n\n\n<h2 class=\"wp-block-heading\">&nbsp;<\/h2>\n","protected":false},"excerpt":{"rendered":"<p>Zmar\u0142a moja Ciocia, siostra mojego Taty Leonarda Szabat. Pogrzeb by\u0142 w Zaklikowie \u2013 tam mieszka\u0142a. Zauwa\u017cy\u0142em, \u017ce jeden z jej syn\u00f3w, m\u00f3j kuzyn bardzo mi przypomina Dziadka Piotra z lat siedemdziesi\u0105tych \u2013 z czas\u00f3w, kt\u00f3re opisa\u0142em na blogu DATY I FAKTY. To te wspomnienia si\u0119 tak Pa\u0144stwu spodoba\u0142y. Sprawi\u0142y, \u017ce w Radiu Maria nie opowiadam [&hellip;]<\/p>\n","protected":false},"author":1,"featured_media":107784,"comment_status":"open","ping_status":"open","sticky":false,"template":"","format":"standard","meta":{"_jetpack_memberships_contains_paid_content":false,"footnotes":""},"categories":[4],"tags":[984],"class_list":["post-107759","post","type-post","status-publish","format-standard","has-post-thumbnail","hentry","category-daty-i-fakty-blog","tag-politycy-to-zlo"],"jetpack_sharing_enabled":true,"jetpack_featured_media_url":"https:\/\/htb.com.pl\/wp-content\/uploads\/2024\/08\/Zlojednoduzy.png","_links":{"self":[{"href":"https:\/\/htb.com.pl\/index.php?rest_route=\/wp\/v2\/posts\/107759","targetHints":{"allow":["GET"]}}],"collection":[{"href":"https:\/\/htb.com.pl\/index.php?rest_route=\/wp\/v2\/posts"}],"about":[{"href":"https:\/\/htb.com.pl\/index.php?rest_route=\/wp\/v2\/types\/post"}],"author":[{"embeddable":true,"href":"https:\/\/htb.com.pl\/index.php?rest_route=\/wp\/v2\/users\/1"}],"replies":[{"embeddable":true,"href":"https:\/\/htb.com.pl\/index.php?rest_route=%2Fwp%2Fv2%2Fcomments&post=107759"}],"version-history":[{"count":17,"href":"https:\/\/htb.com.pl\/index.php?rest_route=\/wp\/v2\/posts\/107759\/revisions"}],"predecessor-version":[{"id":107791,"href":"https:\/\/htb.com.pl\/index.php?rest_route=\/wp\/v2\/posts\/107759\/revisions\/107791"}],"wp:featuredmedia":[{"embeddable":true,"href":"https:\/\/htb.com.pl\/index.php?rest_route=\/wp\/v2\/media\/107784"}],"wp:attachment":[{"href":"https:\/\/htb.com.pl\/index.php?rest_route=%2Fwp%2Fv2%2Fmedia&parent=107759"}],"wp:term":[{"taxonomy":"category","embeddable":true,"href":"https:\/\/htb.com.pl\/index.php?rest_route=%2Fwp%2Fv2%2Fcategories&post=107759"},{"taxonomy":"post_tag","embeddable":true,"href":"https:\/\/htb.com.pl\/index.php?rest_route=%2Fwp%2Fv2%2Ftags&post=107759"}],"curies":[{"name":"wp","href":"https:\/\/api.w.org\/{rel}","templated":true}]}}