{"id":108453,"date":"2024-08-18T09:34:54","date_gmt":"2024-08-18T09:34:54","guid":{"rendered":"https:\/\/htb.com.pl\/?p=108453"},"modified":"2024-08-18T10:28:45","modified_gmt":"2024-08-18T10:28:45","slug":"swieto-wojska-polskiego-2024","status":"publish","type":"post","link":"https:\/\/htb.com.pl\/?p=108453","title":{"rendered":"\u015aWI\u0118TO WOJSKA POLSKIEGO 2024"},"content":{"rendered":"\n<p>\u00a0\u00a0 <\/p>\n\n\n\n<figure class=\"wp-block-image size-thumbnail\"><a href=\"https:\/\/htb.com.pl\/wp-content\/uploads\/2024\/08\/SWIETO-WOJSKA-POLSKIEGO-2024.mp3\"><img loading=\"lazy\" decoding=\"async\" width=\"150\" height=\"150\" src=\"https:\/\/htb.com.pl\/wp-content\/uploads\/2018\/04\/posluchaj-150x150.jpg\" alt=\"\" class=\"wp-image-2020\" srcset=\"https:\/\/htb.com.pl\/wp-content\/uploads\/2018\/04\/posluchaj-150x150.jpg 150w, https:\/\/htb.com.pl\/wp-content\/uploads\/2018\/04\/posluchaj-300x300.jpg 300w, https:\/\/htb.com.pl\/wp-content\/uploads\/2018\/04\/posluchaj-100x100.jpg 100w\" sizes=\"auto, (max-width: 150px) 100vw, 150px\" \/><\/a><\/figure>\n\n\n\n<p>W Radiu Maria obchodzimy \u015awi\u0119to Wojska Polskiego, wed\u0142ug Radia Marysinego. Zak\u0142adamy, \u017ce tak jak u nas b\u0119dzie dopiero oko\u0142o roku 2028. Zniknie kult J\u00f3zefa Pi\u0142sudskiego i wr\u00f3ci ho\u0142du dla LWP.<\/p>\n\n\n\n<figure class=\"wp-block-image size-full\"><a href=\"http:\/\/radiomaria.com.pl\/wp-content\/uploads\/2024\/08\/A14.08.Swieto-Wojska-Polskiego.mp3\"><img loading=\"lazy\" decoding=\"async\" width=\"979\" height=\"516\" src=\"https:\/\/htb.com.pl\/wp-content\/uploads\/2024\/08\/Szaramaly.png\" alt=\"\" class=\"wp-image-108457\" srcset=\"https:\/\/htb.com.pl\/wp-content\/uploads\/2024\/08\/Szaramaly.png 979w, https:\/\/htb.com.pl\/wp-content\/uploads\/2024\/08\/Szaramaly-300x158.png 300w, https:\/\/htb.com.pl\/wp-content\/uploads\/2024\/08\/Szaramaly-768x405.png 768w, https:\/\/htb.com.pl\/wp-content\/uploads\/2024\/08\/Szaramaly-600x316.png 600w\" sizes=\"auto, (max-width: 979px) 100vw, 979px\" \/><\/a><\/figure>\n\n\n\n<p>&nbsp; To ju\u017c si\u0119 dzieje. Ogl\u0105da\u0142em uroczysto\u015bci Pa\u0144stwowe przy Grobie Nieznanego \u017bo\u0142nierza w Warszawie. Po tym, jak Prezydent Andrzej Duda z\u0142o\u017cy\u0142 wieniec, &nbsp;wybrzmia\u0142a melodia \u201eSzarej Piechoty\u201d i dopiero potem \u017co\u0142nierze od\u015bpiewali \u201eMy Pierwsza Brygada\u201d \u2013 fa\u0142szowali, mo\u017ce Radia Maria s\u0142uchali? Zawsze b\u0119dziemy przekonywali,&nbsp; \u017ceby \u017co\u0142nierze \u201eSzar\u0105 Piechot\u0119\u201d, jako swoj\u0105 reprezentacyjn\u0105 pie\u015b\u0144 wybrali.<\/p>\n\n\n\n<p>&nbsp; Na razie tyle pozytywnych zmian \u017ce\u015bmy zaobserwowali. O szturmie Berlinga na pomoc powsta\u0144czej Warszawie tylko w Radiu Maria \u017ce\u015bmy wspominali, jest okr\u0105g\u0142a 80-ta rocznica. Oni tam prawie wszyscy zgin\u0119li \u2013 trzeba, \u017ceby\u015bmy o tym pami\u0119tali.<\/p>\n\n\n\n<figure class=\"wp-block-image size-full\"><a href=\"http:\/\/radiomaria.com.pl\/wp-content\/uploads\/2024\/08\/Swieto-Wojska-Polskiego-2024C.mp3\"><img loading=\"lazy\" decoding=\"async\" width=\"807\" height=\"412\" src=\"https:\/\/htb.com.pl\/wp-content\/uploads\/2021\/09\/Desant.png\" alt=\"\" class=\"wp-image-55558\" srcset=\"https:\/\/htb.com.pl\/wp-content\/uploads\/2021\/09\/Desant.png 807w, https:\/\/htb.com.pl\/wp-content\/uploads\/2021\/09\/Desant-300x153.png 300w, https:\/\/htb.com.pl\/wp-content\/uploads\/2021\/09\/Desant-768x392.png 768w, https:\/\/htb.com.pl\/wp-content\/uploads\/2021\/09\/Desant-600x306.png 600w\" sizes=\"auto, (max-width: 807px) 100vw, 807px\" \/><\/a><\/figure>\n\n\n\n<p><strong>\u201eKTO NIE SZANUJE I NIE CENI SWEJ PRZESZ\u0141O\u015aCI, NIE JEST GODZIEN SZACUNKU TERA\u0179NIEJSZO\u015aCI ANI PRAWA DO PRZYSZ\u0141O\u015aCI\u201d<\/strong><\/p>\n\n\n\n<p>J\u00f3zef Pi\u0142sudski<\/p>\n\n\n\n<p>&nbsp; Przed defilad\u0105 przemawiali politycy.&nbsp; &nbsp;Minister Obrony W\u0142adys\u0142aw Kosiniak-Kamysz zadeklarowa\u0142 stworzenie nowego rodzaju si\u0142 zbrojnych, wojsk bezza\u0142ogowych. To drony dzia\u0142aj\u0105ce na l\u0105dzie, wodzie i w powietrzu. Wojna w Ukrainie pokaza\u0142a, jak wa\u017cne s\u0105 drony. Premier Donald Tusk m\u00f3wi\u0142 o finansowaniu tych dzia\u0142a\u0144. Zapewnia\u0142, i\u017c b\u0119dzie to sprawa ponadpartyjna. W przem\u00f3wieniu prezydenta Andrzeja Dudy najbardziej mi si\u0119 podoba\u0142o, jak powiedzia\u0142, \u017ce w przededniu Bitwy Warszawskiej wielu polityk\u00f3w zw\u0105tpi\u0142o w sens walki. Wprawdzie nie wymieni\u0142 g\u0142\u00f3wnego w\u0105tpi\u0105cego J\u00f3zefa Pi\u0142sudskiego, ale ju\u017c to, co powiedzia\u0142, r\u00f3\u017cni si\u0119 od jego przem\u00f3wienia z roku poprzedniego. To idzie w dobr\u0105 stron\u0119\u2026 Poczekamy do&nbsp; tego naszego roku 2028. Mo\u017ce rzeczywi\u015bcie obchody \u015awi\u0119ta Wojska Polskiego uda si\u0119 zorganizowa\u0107 wed\u0142ug dzisiejszego scenariusza Radia Marysinego. Nie zabraknie upami\u0119tnienia LWP.<\/p>\n\n\n\n<p>&nbsp; Na stulecie naszej niepodleg\u0142o\u015bci, nasze radio co\u015b podobnego proponowa\u0142o \u2013 ale si\u0119 nie uda\u0142o. Dobrze by by\u0142o, jakby 110-lecie Odzyskanie Niepodleg\u0142o\u015bci, tysi\u0105clecie naszej polsko\u015bci z 1966 roku \u2013 przynajmniej przypomina\u0142o.<\/p>\n","protected":false},"excerpt":{"rendered":"<p>\u00a0\u00a0 W Radiu Maria obchodzimy \u015awi\u0119to Wojska Polskiego, wed\u0142ug Radia Marysinego. Zak\u0142adamy, \u017ce tak jak u nas b\u0119dzie dopiero oko\u0142o roku 2028. Zniknie kult J\u00f3zefa Pi\u0142sudskiego i wr\u00f3ci ho\u0142du dla LWP. &nbsp; To ju\u017c si\u0119 dzieje. Ogl\u0105da\u0142em uroczysto\u015bci Pa\u0144stwowe przy Grobie Nieznanego \u017bo\u0142nierza w Warszawie. Po tym, jak Prezydent Andrzej Duda z\u0142o\u017cy\u0142 wieniec, &nbsp;wybrzmia\u0142a melodia [&hellip;]<\/p>\n","protected":false},"author":1,"featured_media":108455,"comment_status":"open","ping_status":"open","sticky":false,"template":"","format":"standard","meta":{"_jetpack_memberships_contains_paid_content":false,"footnotes":""},"categories":[4],"tags":[986],"class_list":["post-108453","post","type-post","status-publish","format-standard","has-post-thumbnail","hentry","category-daty-i-fakty-blog","tag-swieto-wojska-polskiego-2024"],"jetpack_sharing_enabled":true,"jetpack_featured_media_url":"https:\/\/htb.com.pl\/wp-content\/uploads\/2024\/08\/Plakat-SWP2024.png","_links":{"self":[{"href":"https:\/\/htb.com.pl\/index.php?rest_route=\/wp\/v2\/posts\/108453","targetHints":{"allow":["GET"]}}],"collection":[{"href":"https:\/\/htb.com.pl\/index.php?rest_route=\/wp\/v2\/posts"}],"about":[{"href":"https:\/\/htb.com.pl\/index.php?rest_route=\/wp\/v2\/types\/post"}],"author":[{"embeddable":true,"href":"https:\/\/htb.com.pl\/index.php?rest_route=\/wp\/v2\/users\/1"}],"replies":[{"embeddable":true,"href":"https:\/\/htb.com.pl\/index.php?rest_route=%2Fwp%2Fv2%2Fcomments&post=108453"}],"version-history":[{"count":8,"href":"https:\/\/htb.com.pl\/index.php?rest_route=\/wp\/v2\/posts\/108453\/revisions"}],"predecessor-version":[{"id":108467,"href":"https:\/\/htb.com.pl\/index.php?rest_route=\/wp\/v2\/posts\/108453\/revisions\/108467"}],"wp:featuredmedia":[{"embeddable":true,"href":"https:\/\/htb.com.pl\/index.php?rest_route=\/wp\/v2\/media\/108455"}],"wp:attachment":[{"href":"https:\/\/htb.com.pl\/index.php?rest_route=%2Fwp%2Fv2%2Fmedia&parent=108453"}],"wp:term":[{"taxonomy":"category","embeddable":true,"href":"https:\/\/htb.com.pl\/index.php?rest_route=%2Fwp%2Fv2%2Fcategories&post=108453"},{"taxonomy":"post_tag","embeddable":true,"href":"https:\/\/htb.com.pl\/index.php?rest_route=%2Fwp%2Fv2%2Ftags&post=108453"}],"curies":[{"name":"wp","href":"https:\/\/api.w.org\/{rel}","templated":true}]}}