{"id":109144,"date":"2024-09-01T15:17:12","date_gmt":"2024-09-01T15:17:12","guid":{"rendered":"https:\/\/htb.com.pl\/?p=109144"},"modified":"2024-09-02T04:38:46","modified_gmt":"2024-09-02T04:38:46","slug":"nigdy-wiecej-samotnosci","status":"publish","type":"post","link":"https:\/\/htb.com.pl\/?p=109144","title":{"rendered":"Nigdy wi\u0119cej samotno\u015bci"},"content":{"rendered":"\n<p><\/p>\n\n\n\n<figure class=\"wp-block-image size-thumbnail\"><a href=\"https:\/\/htb.com.pl\/wp-content\/uploads\/2024\/09\/Nigdy-wiecej-samotnosci.mp3\"><img loading=\"lazy\" decoding=\"async\" width=\"150\" height=\"150\" src=\"https:\/\/htb.com.pl\/wp-content\/uploads\/2018\/04\/posluchaj-150x150.jpg\" alt=\"\" class=\"wp-image-2020\" srcset=\"https:\/\/htb.com.pl\/wp-content\/uploads\/2018\/04\/posluchaj-150x150.jpg 150w, https:\/\/htb.com.pl\/wp-content\/uploads\/2018\/04\/posluchaj-300x300.jpg 300w, https:\/\/htb.com.pl\/wp-content\/uploads\/2018\/04\/posluchaj-100x100.jpg 100w\" sizes=\"auto, (max-width: 150px) 100vw, 150px\" \/><\/a><\/figure>\n\n\n\n<p><\/p>\n\n\n\n<figure class=\"wp-block-image size-full\"><a href=\"http:\/\/radiomaria.com.pl\/wp-content\/uploads\/2024\/09\/U01.09.901-dzien-walk-w-Ukrainie1.mp3\"><img loading=\"lazy\" decoding=\"async\" width=\"845\" height=\"613\" src=\"https:\/\/htb.com.pl\/wp-content\/uploads\/2024\/09\/Uroczystosci-na-Westerplatte.png\" alt=\"\" class=\"wp-image-109156\" srcset=\"https:\/\/htb.com.pl\/wp-content\/uploads\/2024\/09\/Uroczystosci-na-Westerplatte.png 845w, https:\/\/htb.com.pl\/wp-content\/uploads\/2024\/09\/Uroczystosci-na-Westerplatte-300x218.png 300w, https:\/\/htb.com.pl\/wp-content\/uploads\/2024\/09\/Uroczystosci-na-Westerplatte-768x557.png 768w, https:\/\/htb.com.pl\/wp-content\/uploads\/2024\/09\/Uroczystosci-na-Westerplatte-600x435.png 600w\" sizes=\"auto, (max-width: 845px) 100vw, 845px\" \/><\/a><\/figure>\n\n\n\n<p>Tytu\u0142 to s\u0142owa Donalda Tuska wypowiedziane na Westerplatte, podczas uroczysto\u015bci upami\u0119tniaj\u0105cych 85 rocznic\u0119 wybuchu II Wojny \u015awiatowej. Sparafrazowa\u0142 napis, kt\u00f3ry znajduje si\u0119 w cieniu Pomnika Westerplatte &#8220;NIGDY WI\u0118CEJ WOJNY&#8221;.<\/p>\n\n\n\n<p>   Wtedy, we wrze\u015bniu 1939 roku Polska by\u0142a samotna, byli\u015bmy sk\u0142\u00f3ceni ze wszystkimi s\u0105siadami, a ci, z kt\u00f3rymi rok wcze\u015bniej Czechos\u0142owacj\u0119 \u017ce\u015bmy zdobywali, teraz nas zaatakowali.<\/p>\n\n\n\n<p>&nbsp; W 1986 roku Marysia, kt\u00f3ra Radio MARIA wymy\u015bli\u0142a m\u00f3wi\u0142a, \u017ceby\u015bmy demokratyczn\u0105 Polsk\u0119 na dobrych fundamentach budowali. Gdy jej adwersarze o przyk\u0142ady takich polityk\u00f3w pytali, na kt\u00f3rych t\u0105 now\u0105 Polsk\u0119 by\u015bmy budowali, odpowiada\u0142a: \u201eWtedy, we wrze\u015bniu 1939 roku nie wszyscy pouciekali. Byli tacy, co ju\u017c od lat w sanacyjnych realiach si\u0119 nie odnajdywali, Front Morges si\u0119 nazywali. Ignacy Jan Paderewski, gen. W\u0142adys\u0142aw Sikorski, Wincenty Witos \u2013 i wielu takich, co kiedy\u015b z J\u00f3zefem Pi\u0142sudskim si\u0119 nie zgadzali, a po jego \u015bmierci z tymi, co jego polityk\u0119 kontynuowali\u201d.<\/p>\n\n\n\n<p>&nbsp; Marysia uwa\u017ca\u0142a, \u017ce teraz, gdy demokracj\u0119 b\u0119dziemy przywracali i r\u00f3wnie\u017c zwolennik\u00f3w Pi\u0142sudskiego \u2013 teoretycznie na listy wyborcze b\u0119dziemy wpisywali, trzeba pami\u0119ta\u0107, \u017ceby\u015bmy jak kiedy\u015b sami nie zostali. Polacy w wi\u0119kszo\u015bci jej nie pos\u0142uchali <a href=\"http:\/\/radiomaria.com.pl\/wp-content\/uploads\/2024\/08\/27.08.Nasze-odsetki.mp3\"><img loading=\"lazy\" decoding=\"async\" width=\"150\" height=\"84\" class=\"wp-image-109148\" style=\"width: 150px;\" src=\"https:\/\/htb.com.pl\/wp-content\/uploads\/2024\/09\/Dlug.png\" alt=\"\" srcset=\"https:\/\/htb.com.pl\/wp-content\/uploads\/2024\/09\/Dlug.png 976w, https:\/\/htb.com.pl\/wp-content\/uploads\/2024\/09\/Dlug-300x168.png 300w, https:\/\/htb.com.pl\/wp-content\/uploads\/2024\/09\/Dlug-768x429.png 768w, https:\/\/htb.com.pl\/wp-content\/uploads\/2024\/09\/Dlug-600x335.png 600w\" sizes=\"auto, (max-width: 150px) 100vw, 150px\" \/><\/a> \u2013 a Rosjanie to wykorzystali. Religi\u0119 Naszych Ojc\u00f3w nam podmienili, afer\u0119 Rywina zmontowali i tym resztki tych, co Marysi pos\u0142uchali z polityki wyeliminowali.<\/p>\n\n\n\n<p>Teraz cz\u0119\u015b\u0107, jakby\u015bmy kiedy\u015b powiedzieli Pi\u0142sudczyk\u00f3w oddzieli\u0142a si\u0119 od Jaros\u0142awa Kaczy\u0144skiego, takiego dzisiejszego Pi\u0142sudskiego. <a href=\"http:\/\/radiomaria.com.pl\/wp-content\/uploads\/2024\/08\/28.08.Ocalic-zwyciestwo-nad-populizmem.mp3\"><img loading=\"lazy\" decoding=\"async\" width=\"150\" height=\"78\" class=\"wp-image-109152\" style=\"width: 150px;\" src=\"https:\/\/htb.com.pl\/wp-content\/uploads\/2024\/09\/Populisci.png\" alt=\"\" srcset=\"https:\/\/htb.com.pl\/wp-content\/uploads\/2024\/09\/Populisci.png 665w, https:\/\/htb.com.pl\/wp-content\/uploads\/2024\/09\/Populisci-300x156.png 300w, https:\/\/htb.com.pl\/wp-content\/uploads\/2024\/09\/Populisci-600x311.png 600w\" sizes=\"auto, (max-width: 150px) 100vw, 150px\" \/><\/a> I musz\u0119 przyzna\u0107 &#8211; pr\u00f3buj\u0105 budowa\u0107 demokracj\u0119 wed\u0142ug planu Marysinego. Ma\u0142o tego \u2013 elektrowni\u0119 j\u0105drow\u0105 b\u0119d\u0105 budowali. My w Radiu MARIA zawsze b\u0119dziemy przypominali, \u017ce t\u0105 w \u017barnowcu ich protopla\u015bci zlikwidowali.<\/p>\n\n\n\n<p>&nbsp;Je\u017celi przeciwko z\u0142u sami b\u0119dziemy stawali, zawsze b\u0119dziemy przegrywali.&nbsp; Ukraina &nbsp;w walce z Putinem sama zosta\u0142a&#8230; <a href=\"http:\/\/radiomaria.com.pl\/wp-content\/uploads\/2024\/08\/26.08.Polska-poderwala-mysliwce.mp3\"><img loading=\"lazy\" decoding=\"async\" width=\"150\" height=\"99\" class=\"wp-image-109146\" style=\"width: 150px;\" src=\"https:\/\/htb.com.pl\/wp-content\/uploads\/2024\/09\/Poderwano.png\" alt=\"\" srcset=\"https:\/\/htb.com.pl\/wp-content\/uploads\/2024\/09\/Poderwano.png 797w, https:\/\/htb.com.pl\/wp-content\/uploads\/2024\/09\/Poderwano-300x198.png 300w, https:\/\/htb.com.pl\/wp-content\/uploads\/2024\/09\/Poderwano-768x508.png 768w, https:\/\/htb.com.pl\/wp-content\/uploads\/2024\/09\/Poderwano-600x397.png 600w\" sizes=\"auto, (max-width: 150px) 100vw, 150px\" \/><\/a>&nbsp; W Polsce dawni Pi\u0142sudczycy ju\u017c tylko przy prezydencie Andrzeju Dudzie zostali. <a href=\"http:\/\/radiomaria.com.pl\/wp-content\/uploads\/2024\/09\/U01.09.901-dzien-walk-w-Ukrainie1.mp3\"><img loading=\"lazy\" decoding=\"async\" width=\"150\" height=\"101\" class=\"wp-image-109157\" style=\"width: 150px;\" src=\"https:\/\/htb.com.pl\/wp-content\/uploads\/2024\/09\/85Wielun.png\" alt=\"\" srcset=\"https:\/\/htb.com.pl\/wp-content\/uploads\/2024\/09\/85Wielun.png 793w, https:\/\/htb.com.pl\/wp-content\/uploads\/2024\/09\/85Wielun-300x201.png 300w, https:\/\/htb.com.pl\/wp-content\/uploads\/2024\/09\/85Wielun-768x515.png 768w, https:\/\/htb.com.pl\/wp-content\/uploads\/2024\/09\/85Wielun-600x403.png 600w\" sizes=\"auto, (max-width: 150px) 100vw, 150px\" \/><\/a> Bo ci ,co na Jaros\u0142awa Kaczy\u0144skiego stawiali pieni\u0119dzy za kampani\u0119 wyborcz\u0105 nie dostali <a href=\"http:\/\/radiomaria.com.pl\/wp-content\/uploads\/2024\/08\/29.08.Komunikay-PKW.mp3\"><img loading=\"lazy\" decoding=\"async\" width=\"150\" height=\"92\" class=\"wp-image-109154\" style=\"width: 150px;\" src=\"https:\/\/htb.com.pl\/wp-content\/uploads\/2024\/09\/Wyborymaly.png\" alt=\"\" srcset=\"https:\/\/htb.com.pl\/wp-content\/uploads\/2024\/09\/Wyborymaly.png 985w, https:\/\/htb.com.pl\/wp-content\/uploads\/2024\/09\/Wyborymaly-300x183.png 300w, https:\/\/htb.com.pl\/wp-content\/uploads\/2024\/09\/Wyborymaly-768x469.png 768w, https:\/\/htb.com.pl\/wp-content\/uploads\/2024\/09\/Wyborymaly-600x367.png 600w\" sizes=\"auto, (max-width: 150px) 100vw, 150px\" \/><\/a> i teraz podobnie jak ci, co nasz\u0105 wiar\u0119 likwidowali b\u0119d\u0105 pieni\u0105dze zbierali.<\/p>\n\n\n\n<p>&nbsp;&nbsp;&nbsp; Ciekawe, czy Ruscy b\u0119d\u0105 im pomagali? Bo teraz to i oni sami zostali.<\/p>\n","protected":false},"excerpt":{"rendered":"<p>Tytu\u0142 to s\u0142owa Donalda Tuska wypowiedziane na Westerplatte, podczas uroczysto\u015bci upami\u0119tniaj\u0105cych 85 rocznic\u0119 wybuchu II Wojny \u015awiatowej. Sparafrazowa\u0142 napis, kt\u00f3ry znajduje si\u0119 w cieniu Pomnika Westerplatte &#8220;NIGDY WI\u0118CEJ WOJNY&#8221;. Wtedy, we wrze\u015bniu 1939 roku Polska by\u0142a samotna, byli\u015bmy sk\u0142\u00f3ceni ze wszystkimi s\u0105siadami, a ci, z kt\u00f3rymi rok wcze\u015bniej Czechos\u0142owacj\u0119 \u017ce\u015bmy zdobywali, teraz nas zaatakowali. &nbsp; [&hellip;]<\/p>\n","protected":false},"author":1,"featured_media":109187,"comment_status":"open","ping_status":"open","sticky":false,"template":"","format":"standard","meta":{"_jetpack_memberships_contains_paid_content":false,"footnotes":""},"categories":[1],"tags":[],"class_list":["post-109144","post","type-post","status-publish","format-standard","has-post-thumbnail","hentry","category-uncategorized"],"jetpack_sharing_enabled":true,"jetpack_featured_media_url":"https:\/\/htb.com.pl\/wp-content\/uploads\/2024\/09\/Nigdy-wiecej.png","_links":{"self":[{"href":"https:\/\/htb.com.pl\/index.php?rest_route=\/wp\/v2\/posts\/109144","targetHints":{"allow":["GET"]}}],"collection":[{"href":"https:\/\/htb.com.pl\/index.php?rest_route=\/wp\/v2\/posts"}],"about":[{"href":"https:\/\/htb.com.pl\/index.php?rest_route=\/wp\/v2\/types\/post"}],"author":[{"embeddable":true,"href":"https:\/\/htb.com.pl\/index.php?rest_route=\/wp\/v2\/users\/1"}],"replies":[{"embeddable":true,"href":"https:\/\/htb.com.pl\/index.php?rest_route=%2Fwp%2Fv2%2Fcomments&post=109144"}],"version-history":[{"count":13,"href":"https:\/\/htb.com.pl\/index.php?rest_route=\/wp\/v2\/posts\/109144\/revisions"}],"predecessor-version":[{"id":109196,"href":"https:\/\/htb.com.pl\/index.php?rest_route=\/wp\/v2\/posts\/109144\/revisions\/109196"}],"wp:featuredmedia":[{"embeddable":true,"href":"https:\/\/htb.com.pl\/index.php?rest_route=\/wp\/v2\/media\/109187"}],"wp:attachment":[{"href":"https:\/\/htb.com.pl\/index.php?rest_route=%2Fwp%2Fv2%2Fmedia&parent=109144"}],"wp:term":[{"taxonomy":"category","embeddable":true,"href":"https:\/\/htb.com.pl\/index.php?rest_route=%2Fwp%2Fv2%2Fcategories&post=109144"},{"taxonomy":"post_tag","embeddable":true,"href":"https:\/\/htb.com.pl\/index.php?rest_route=%2Fwp%2Fv2%2Ftags&post=109144"}],"curies":[{"name":"wp","href":"https:\/\/api.w.org\/{rel}","templated":true}]}}