{"id":109486,"date":"2024-09-08T17:23:53","date_gmt":"2024-09-08T17:23:53","guid":{"rendered":"https:\/\/htb.com.pl\/?p=109486"},"modified":"2024-09-09T06:25:30","modified_gmt":"2024-09-09T06:25:30","slug":"inauguracja-roku-szkolnego-2024-2025","status":"publish","type":"post","link":"https:\/\/htb.com.pl\/?p=109486","title":{"rendered":"Inauguracja roku szkolnego 2024\/2025"},"content":{"rendered":"\n<p><\/p>\n\n\n\n<figure class=\"wp-block-image size-thumbnail\"><a href=\"https:\/\/htb.com.pl\/wp-content\/uploads\/2024\/09\/Inauguracja-roku-szkolnego-2024.2025D.mp3\"><img loading=\"lazy\" decoding=\"async\" width=\"150\" height=\"150\" src=\"https:\/\/htb.com.pl\/wp-content\/uploads\/2018\/04\/posluchaj-150x150.jpg\" alt=\"\" class=\"wp-image-2020\" srcset=\"https:\/\/htb.com.pl\/wp-content\/uploads\/2018\/04\/posluchaj-150x150.jpg 150w, https:\/\/htb.com.pl\/wp-content\/uploads\/2018\/04\/posluchaj-300x300.jpg 300w, https:\/\/htb.com.pl\/wp-content\/uploads\/2018\/04\/posluchaj-100x100.jpg 100w\" sizes=\"auto, (max-width: 150px) 100vw, 150px\" \/><\/a><\/figure>\n\n\n\n<p>W 2017 roku Prezydent USA Donald Trump w Warszawie przypomnia\u0142 nam Polakom pielgrzymk\u0119 \u015bw. Jana Paw\u0142a II do Polski z 1979 roku. Przypomnia\u0142 nam r\u00f3wnie\u017c s\u0142owa pie\u015bni, kt\u00f3re s\u0105 manifestem naszej wiary. Tak wa\u017cne i odwa\u017cne, gdy Polska by\u0142a pod zaborami, a tak\u017ce za \u201ekomuny\u201d. <em>(w czasach o kt\u00f3rych mowa w Polsce nie by\u0142o partii komunistycznej red.) <\/em>Trump m\u00f3wi\u0142 o pie\u015bni &nbsp;\u201eMy chcemy Boga\u201d. Wers z tej pie\u015bni pojawi\u0142 si\u0119 na transparencie ludzi demonstruj\u0105cych przeciwko Donaldowi &#8211; ale Tuskowi nie Trumpowi przed Zespo\u0142em Szk\u00f3\u0142 Technicznych w Mielcu, gdzie odbywa\u0142a si\u0119 Og\u00f3lnopolska Inauguracja roku szkolnego 2024\/2025 z udzia\u0142em Minister Edukacji Barbary Nowackiej. <a href=\"http:\/\/radiomaria.com.pl\/wp-content\/uploads\/2023\/03\/A02.09.-Inauguracja-Roku-Roku-Szkolnego.mp3\"><img loading=\"lazy\" decoding=\"async\" width=\"150\" height=\"100\" class=\"wp-image-109488\" style=\"width: 150px;\" src=\"https:\/\/htb.com.pl\/wp-content\/uploads\/2024\/09\/Barbara-Nowackamaly.jpg\" alt=\"\" srcset=\"https:\/\/htb.com.pl\/wp-content\/uploads\/2024\/09\/Barbara-Nowackamaly.jpg 973w, https:\/\/htb.com.pl\/wp-content\/uploads\/2024\/09\/Barbara-Nowackamaly-300x200.jpg 300w, https:\/\/htb.com.pl\/wp-content\/uploads\/2024\/09\/Barbara-Nowackamaly-768x511.jpg 768w, https:\/\/htb.com.pl\/wp-content\/uploads\/2024\/09\/Barbara-Nowackamaly-600x400.jpg 600w\" sizes=\"auto, (max-width: 150px) 100vw, 150px\" \/><\/a><\/p>\n\n\n\n<p>&nbsp; Skoro z\u0142o t\u0105 pie\u015b\u0144 wybra\u0142o \u2013 mo\u017ce dobro Katolick\u0105 Rot\u0119 by przypomnia\u0142o. I s\u0142owa; \u201eNiech \u017cyje Maria! Zagrzmi r\u00f3g. Tak nam dopom\u00f3\u017c B\u00f3g\u201d. Te s\u0142owa napisa\u0142 Aleksander Piotrowski &#8211; redemptorysta. To by\u0142o w dwudziestoleciu mi\u0119dzywojennym. Wtedy dobro ze z\u0142em przegra\u0142o. Dopiero Ludowe Wojsko Polskie, co nad Ok\u0105 powsta\u0142o i a\u017c do Berlina z\u0142o pogna\u0142o sprawi\u0142o, \u017ce na jaki\u015b czas w Polsce dobro ca\u0142kiem dobrze si\u0119 mia\u0142o \u2013 demokracji podobno brakowa\u0142o. Za jej budowanie pod koniec lat 80-tych wzi\u0119li si\u0119 ci, co pouciekali, jak nas 1939 roku Niemcy i Rosjanie zaatakowali. Teraz pomagali. Niemcy w wej\u015bciu do Unii Europejskiej, a Rosjanie toru\u0144sk\u0105 rozg\u0142o\u015bni\u0119 zorganizowali. Mari\u0119 t\u0105 z Roty Maryj\u0105 nazwali &#8211; nomen omen w\u0142a\u015bnie redemptoryst\u0119 do tego wykorzystali.<\/p>\n\n\n\n<p>&nbsp;&nbsp;&nbsp; Teraz w demokratycznych wyborach przegrali \u2013 wygl\u0105da na to, \u017ce znowu sami si\u0119 b\u0119d\u0105 finansowali. To problem, bo ci, co dzi\u0119ki nim kolejne wybory wygrywali na kasie oszukiwali i pa\u0144stwowych subwencji na dzia\u0142alno\u015b\u0107 partyjn\u0105 nie b\u0119d\u0105 dostawali. Na dzi\u015b to wygl\u0105da tak, \u017ce jeszcze si\u0119 nie dogadali, jak te pieni\u0105dze b\u0119d\u0105 zbierali \u2013 patent Rydzyka na dw\u00f3ch nie wypali.<\/p>\n\n\n\n<p>&nbsp; Mam nadziej\u0119, \u017ce nauczyciele si\u0119 w tym wszystkim wreszcie zorientowali i ju\u017c teraz tak b\u0119d\u0105 nauczali, \u017ce b\u0119dzie niemo\u017cliwe, aby\u015bmy kogo\u015b podobnego do ministra edukacji \u2013 poprzedniego, czy prezydenta obecnego wybrali. <a href=\"http:\/\/radiomaria.com.pl\/wp-content\/uploads\/2023\/03\/08.09-Prezydwenta-nam-wkrecili.mp3\"><img loading=\"lazy\" decoding=\"async\" width=\"150\" height=\"80\" class=\"wp-image-109492\" style=\"width: 150px;\" src=\"https:\/\/htb.com.pl\/wp-content\/uploads\/2024\/09\/Podpisy.png\" alt=\"\" srcset=\"https:\/\/htb.com.pl\/wp-content\/uploads\/2024\/09\/Podpisy.png 774w, https:\/\/htb.com.pl\/wp-content\/uploads\/2024\/09\/Podpisy-300x160.png 300w, https:\/\/htb.com.pl\/wp-content\/uploads\/2024\/09\/Podpisy-768x409.png 768w, https:\/\/htb.com.pl\/wp-content\/uploads\/2024\/09\/Podpisy-600x319.png 600w\" sizes=\"auto, (max-width: 150px) 100vw, 150px\" \/><\/a> I jeszcze prosz\u0119, aby na ten rok szkolny pedagodzy do planu pracy dwa zagadnienia dodali; \u017ceby Polacy las\u00f3w nie wycinali <a href=\"http:\/\/radiomaria.com.pl\/wp-content\/uploads\/2024\/09\/A07.09.Co-z-naszymu-lasami.mp3\"><img loading=\"lazy\" decoding=\"async\" width=\"150\" height=\"83\" class=\"wp-image-109490\" style=\"width: 150px;\" src=\"https:\/\/htb.com.pl\/wp-content\/uploads\/2024\/09\/Wycinka.png\" alt=\"\" srcset=\"https:\/\/htb.com.pl\/wp-content\/uploads\/2024\/09\/Wycinka.png 635w, https:\/\/htb.com.pl\/wp-content\/uploads\/2024\/09\/Wycinka-300x167.png 300w, https:\/\/htb.com.pl\/wp-content\/uploads\/2024\/09\/Wycinka-600x334.png 600w\" sizes=\"auto, (max-width: 150px) 100vw, 150px\" \/><\/a> i szczepienia HPV zaakceptowali.<\/p>\n","protected":false},"excerpt":{"rendered":"<p>W 2017 roku Prezydent USA Donald Trump w Warszawie przypomnia\u0142 nam Polakom pielgrzymk\u0119 \u015bw. Jana Paw\u0142a II do Polski z 1979 roku. Przypomnia\u0142 nam r\u00f3wnie\u017c s\u0142owa pie\u015bni, kt\u00f3re s\u0105 manifestem naszej wiary. Tak wa\u017cne i odwa\u017cne, gdy Polska by\u0142a pod zaborami, a tak\u017ce za \u201ekomuny\u201d. (w czasach o kt\u00f3rych mowa w Polsce nie by\u0142o partii [&hellip;]<\/p>\n","protected":false},"author":1,"featured_media":109496,"comment_status":"open","ping_status":"open","sticky":false,"template":"","format":"standard","meta":{"_jetpack_memberships_contains_paid_content":false,"footnotes":""},"categories":[4],"tags":[987],"class_list":["post-109486","post","type-post","status-publish","format-standard","has-post-thumbnail","hentry","category-daty-i-fakty-blog","tag-inauguracja-roku-szkolnego-2024-2025"],"jetpack_sharing_enabled":true,"jetpack_featured_media_url":"https:\/\/htb.com.pl\/wp-content\/uploads\/2024\/09\/Protest-w-Mielcu.jpg","_links":{"self":[{"href":"https:\/\/htb.com.pl\/index.php?rest_route=\/wp\/v2\/posts\/109486","targetHints":{"allow":["GET"]}}],"collection":[{"href":"https:\/\/htb.com.pl\/index.php?rest_route=\/wp\/v2\/posts"}],"about":[{"href":"https:\/\/htb.com.pl\/index.php?rest_route=\/wp\/v2\/types\/post"}],"author":[{"embeddable":true,"href":"https:\/\/htb.com.pl\/index.php?rest_route=\/wp\/v2\/users\/1"}],"replies":[{"embeddable":true,"href":"https:\/\/htb.com.pl\/index.php?rest_route=%2Fwp%2Fv2%2Fcomments&post=109486"}],"version-history":[{"count":5,"href":"https:\/\/htb.com.pl\/index.php?rest_route=\/wp\/v2\/posts\/109486\/revisions"}],"predecessor-version":[{"id":109523,"href":"https:\/\/htb.com.pl\/index.php?rest_route=\/wp\/v2\/posts\/109486\/revisions\/109523"}],"wp:featuredmedia":[{"embeddable":true,"href":"https:\/\/htb.com.pl\/index.php?rest_route=\/wp\/v2\/media\/109496"}],"wp:attachment":[{"href":"https:\/\/htb.com.pl\/index.php?rest_route=%2Fwp%2Fv2%2Fmedia&parent=109486"}],"wp:term":[{"taxonomy":"category","embeddable":true,"href":"https:\/\/htb.com.pl\/index.php?rest_route=%2Fwp%2Fv2%2Fcategories&post=109486"},{"taxonomy":"post_tag","embeddable":true,"href":"https:\/\/htb.com.pl\/index.php?rest_route=%2Fwp%2Fv2%2Ftags&post=109486"}],"curies":[{"name":"wp","href":"https:\/\/api.w.org\/{rel}","templated":true}]}}