{"id":109676,"date":"2024-09-12T13:38:08","date_gmt":"2024-09-12T13:38:08","guid":{"rendered":"https:\/\/htb.com.pl\/?p=109676"},"modified":"2024-09-12T13:38:35","modified_gmt":"2024-09-12T13:38:35","slug":"35-rocznica-powolania-rzadu-tadeusza-mazowieckiego","status":"publish","type":"post","link":"https:\/\/htb.com.pl\/?p=109676","title":{"rendered":"35 rocznica powo\u0142ania Rz\u0105du Tadeusza Mazowieckiego"},"content":{"rendered":"\n<p><\/p>\n\n\n\n<p>12 wrze\u015bnia 1989 r. zosta\u0142 powo\u0142any gabinet na czele z premierem Tadeuszem Mazowieckim \u2013 pierwszy &#8220;niekomunistyczny&#8221; rz\u0105d we wschodniej Europie po II wojnie \u015bwiatowej.&nbsp;<\/p>\n\n\n\n<figure class=\"wp-block-audio\"><audio controls src=\"https:\/\/htb.com.pl\/wp-content\/uploads\/2024\/09\/Hejt-Brake-Rzad-Mazowiieckiego.mp3\"><\/audio><\/figure>\n","protected":false},"excerpt":{"rendered":"<p>12 wrze\u015bnia 1989 r. zosta\u0142 powo\u0142any gabinet na czele z premierem Tadeuszem Mazowieckim \u2013 pierwszy &#8220;niekomunistyczny&#8221; rz\u0105d we wschodniej Europie po II wojnie \u015bwiatowej.&nbsp;<\/p>\n","protected":false},"author":1,"featured_media":109678,"comment_status":"open","ping_status":"open","sticky":false,"template":"","format":"standard","meta":{"_jetpack_memberships_contains_paid_content":false,"footnotes":""},"categories":[547],"tags":[988],"class_list":["post-109676","post","type-post","status-publish","format-standard","has-post-thumbnail","hentry","category-prezenty","tag-35-rocznica-powolania-rzadu-tadeusza-mazowieckiego"],"jetpack_sharing_enabled":true,"jetpack_featured_media_url":"https:\/\/htb.com.pl\/wp-content\/uploads\/2024\/09\/Mazowiecki.png","_links":{"self":[{"href":"https:\/\/htb.com.pl\/index.php?rest_route=\/wp\/v2\/posts\/109676","targetHints":{"allow":["GET"]}}],"collection":[{"href":"https:\/\/htb.com.pl\/index.php?rest_route=\/wp\/v2\/posts"}],"about":[{"href":"https:\/\/htb.com.pl\/index.php?rest_route=\/wp\/v2\/types\/post"}],"author":[{"embeddable":true,"href":"https:\/\/htb.com.pl\/index.php?rest_route=\/wp\/v2\/users\/1"}],"replies":[{"embeddable":true,"href":"https:\/\/htb.com.pl\/index.php?rest_route=%2Fwp%2Fv2%2Fcomments&post=109676"}],"version-history":[{"count":2,"href":"https:\/\/htb.com.pl\/index.php?rest_route=\/wp\/v2\/posts\/109676\/revisions"}],"predecessor-version":[{"id":109680,"href":"https:\/\/htb.com.pl\/index.php?rest_route=\/wp\/v2\/posts\/109676\/revisions\/109680"}],"wp:featuredmedia":[{"embeddable":true,"href":"https:\/\/htb.com.pl\/index.php?rest_route=\/wp\/v2\/media\/109678"}],"wp:attachment":[{"href":"https:\/\/htb.com.pl\/index.php?rest_route=%2Fwp%2Fv2%2Fmedia&parent=109676"}],"wp:term":[{"taxonomy":"category","embeddable":true,"href":"https:\/\/htb.com.pl\/index.php?rest_route=%2Fwp%2Fv2%2Fcategories&post=109676"},{"taxonomy":"post_tag","embeddable":true,"href":"https:\/\/htb.com.pl\/index.php?rest_route=%2Fwp%2Fv2%2Ftags&post=109676"}],"curies":[{"name":"wp","href":"https:\/\/api.w.org\/{rel}","templated":true}]}}