{"id":110763,"date":"2024-10-06T11:36:10","date_gmt":"2024-10-06T11:36:10","guid":{"rendered":"https:\/\/htb.com.pl\/?p=110763"},"modified":"2024-10-06T12:57:19","modified_gmt":"2024-10-06T12:57:19","slug":"bezholowie-2","status":"publish","type":"post","link":"https:\/\/htb.com.pl\/?p=110763","title":{"rendered":"Bezho\u0142owie"},"content":{"rendered":"\n<p><\/p>\n\n\n\n<figure class=\"wp-block-image size-thumbnail\"><a href=\"https:\/\/htb.com.pl\/wp-content\/uploads\/2024\/10\/Bezholowie.mp3\"><img loading=\"lazy\" decoding=\"async\" width=\"150\" height=\"150\" src=\"https:\/\/htb.com.pl\/wp-content\/uploads\/2018\/04\/posluchaj-150x150.jpg\" alt=\"\" class=\"wp-image-2020\" srcset=\"https:\/\/htb.com.pl\/wp-content\/uploads\/2018\/04\/posluchaj-150x150.jpg 150w, https:\/\/htb.com.pl\/wp-content\/uploads\/2018\/04\/posluchaj-300x300.jpg 300w, https:\/\/htb.com.pl\/wp-content\/uploads\/2018\/04\/posluchaj-100x100.jpg 100w\" sizes=\"auto, (max-width: 150px) 100vw, 150px\" \/><\/a><\/figure>\n\n\n\n<p>Tak nowy wpis na moim blogu DATY I FAKTY zatytu\u0142owa\u0142em \u2013 <a href=\"https:\/\/htb.com.pl\/?p=13414\">anarchi\u0105<\/a> ju\u017c to nazywa\u0142am, jak wydarzenie z innego tygodnia opisywa\u0142em.<\/p>\n\n\n\n<p>&nbsp; Na tym blogu od lat pokazuj\u0119 \u015bwiat z perspektywy Marysi, dziewczyny, kt\u00f3ra Radio MARIA wymy\u015bli\u0142a \u2013 nie \u017cyje. Ale gdyby \u017cy\u0142a \u2013 my\u015bl\u0119, \u017ce te\u017c tego zwrotu by u\u017cy\u0142a. &nbsp;<\/p>\n\n\n\n<p>&nbsp;&nbsp;&nbsp;&nbsp;Bezho\u0142owie to staropolskie bez g\u0142owy. W Polsce tak mamy, \u017ce nigdy si\u0119 nie zgadzamy. Jan Kochanowski poeta epoki renesansu pisa\u0142 \u201cCieszy mi\u0119 ten rym: \u201ePolak m\u0105dry po szkodzie\u201d;<br>Lecz je\u015bli prawda i z tego nas zbodzie,<br>Now\u0105 przypowie\u015b\u0107 Polak sobie kupi,<br>\u017be i przed szkod\u0105, i po szkodzie g\u0142upi.\u201d<\/p>\n\n\n\n<p>1772 rok I rozbi\u00f3r Polski, 1793 II rozbi\u00f3r Polski, 1795 III rozbi\u00f3r Polski \u2013 z mapy znikamy. 1918, po 123 latach powracamy, ale dalej si\u0119 ze sob\u0105 nie zgadzamy. 1939 \u2013 kl\u0119ska wrze\u015bniowa. Politycy, kt\u00f3rzy rz\u0105dzili kraj opu\u015bcili <a href=\"http:\/\/radiomaria.com.pl\/wp-content\/uploads\/2024\/09\/26.09.NOC-17-na-18-wrzesnie-1939-rok.mp3\"><img loading=\"lazy\" decoding=\"async\" width=\"150\" height=\"96\" class=\"wp-image-60533\" style=\"width: 150px;\" src=\"https:\/\/htb.com.pl\/wp-content\/uploads\/2021\/12\/Ucieczka.jpg\" alt=\"\" srcset=\"https:\/\/htb.com.pl\/wp-content\/uploads\/2021\/12\/Ucieczka.jpg 637w, https:\/\/htb.com.pl\/wp-content\/uploads\/2021\/12\/Ucieczka-300x191.jpg 300w, https:\/\/htb.com.pl\/wp-content\/uploads\/2021\/12\/Ucieczka-600x382.jpg 600w\" sizes=\"auto, (max-width: 150px) 100vw, 150px\" \/><\/a> i jako\u015b \u017ce\u015bmy sobie poradzili. 1989 \u2013 uciekinierzy z 1939 roku &nbsp;po 50-ciu latach powr\u00f3cili i znowu nas sk\u0142\u00f3cili.<\/p>\n\n\n\n<p>&nbsp; A mo\u017ce by\u015bmy polityk\u00f3w nie s\u0142uchali \u2013 mo\u017ce wtedy by\u015bmy si\u0119 do siebie u\u015bmiechali \u2013 tak, jak w czasach, kt\u00f3re komun\u0105 \u017ce\u015bmy nazwali. Cho\u0107 nigdy &nbsp;\u2013 (tu jako nieliczni) w naszej historii komunist\u00f3w do rz\u0105du \u017ce\u015bmy nie wybrali. <a href=\"http:\/\/radiomaria.com.pl\/wp-content\/uploads\/2023\/03\/31.09.Nigdy-sie-nie-zgadzamy.mp3\"><img loading=\"lazy\" decoding=\"async\" width=\"150\" height=\"112\" class=\"wp-image-110802\" style=\"width: 150px;\" src=\"https:\/\/htb.com.pl\/wp-content\/uploads\/2024\/10\/Norblin_maly.png\" alt=\"\" srcset=\"https:\/\/htb.com.pl\/wp-content\/uploads\/2024\/10\/Norblin_maly.png 972w, https:\/\/htb.com.pl\/wp-content\/uploads\/2024\/10\/Norblin_maly-300x224.png 300w, https:\/\/htb.com.pl\/wp-content\/uploads\/2024\/10\/Norblin_maly-768x574.png 768w, https:\/\/htb.com.pl\/wp-content\/uploads\/2024\/10\/Norblin_maly-600x448.png 600w\" sizes=\"auto, (max-width: 150px) 100vw, 150px\" \/><\/a> <audio src=\"http:\/\/radiomaria.com.pl\/wp-content\/uploads\/2023\/03\/31.09.Nigdy-sie-nie-zgadzamy.mp3\"><\/audio><\/p>\n\n\n\n<p>Dzi\u015b mamy Ho\u0142owni\u0119 &#8211; Szymona, Marsza\u0142ka Sejmu. Teoretycznie g\u0142ow\u0105 naszego pa\u0144stwa powinien by\u0107 prezydent. Jednak w&nbsp; wyborach powszechnych, to my nie prezydenta, ale super-premiera wybieramy. Marysia uwa\u017ca\u0142a, \u017ce tak to so\u0142tysa mo\u017cna wybiera\u0107. Ka\u017cda rada poza so\u0142eck\u0105 swego szefa sama, w tajnym g\u0142osowaniu powinna wybiera\u0107, a kontrowersje w dyskusjach i koalicjach powinny si\u0119 dociera\u0107. Tak prezydenta Gabriela Narutowicza w 1922 roku wybrano, cho\u0107 na pocz\u0105tku wcale na niego nie stawiano. Szkoda, \u017ce potem go zamordowano i ju\u017c do ko\u0144ca, czyli do kl\u0119ski wrze\u015bniowej kult jednostki stosowano. <\/p>\n\n\n\n<p>\u00a0 <a href=\"https:\/\/htb.com.pl\/?p=25560\">Przed ostatnimi wyborami prezydenckimi naszych parlamentarzyst\u00f3w zapyta\u0142em, na kogo by zag\u0142osowali, jakby to oni prezydenta wybierali, a kandydat na kt\u00f3rego g\u0142osowali odpad\u0142. <\/a>W\u0142a\u015bnie Szymona Ho\u0142owni\u0119 wybrali. \u00a0Konstytucji, jak chodzi o wyb\u00f3r prezydenta na razie nie zmienimy i kolejny raz z tym, co w 1990 roku &#8220;namiesza\u0142&#8221; genera\u0142 Wojciech Jaruzelski si\u0119 zmierzymy. <a href=\"http:\/\/radiomaria.com.pl\/wp-content\/uploads\/2023\/03\/01.10.Anarchia.mp3\"><img loading=\"lazy\" decoding=\"async\" width=\"150\" height=\"93\" class=\"wp-image-110804\" style=\"width: 150px;\" src=\"https:\/\/htb.com.pl\/wp-content\/uploads\/2024\/10\/Bakiewicz.png\" alt=\"\" srcset=\"https:\/\/htb.com.pl\/wp-content\/uploads\/2024\/10\/Bakiewicz.png 988w, https:\/\/htb.com.pl\/wp-content\/uploads\/2024\/10\/Bakiewicz-300x186.png 300w, https:\/\/htb.com.pl\/wp-content\/uploads\/2024\/10\/Bakiewicz-768x476.png 768w, https:\/\/htb.com.pl\/wp-content\/uploads\/2024\/10\/Bakiewicz-600x372.png 600w\" sizes=\"auto, (max-width: 150px) 100vw, 150px\" \/><\/a> Tylko raz si\u0119 uda\u0142o &#8211; Aleksandra Kwa\u015bniewskiego si\u0119 wybra\u0142o. Potem ju\u017c z przedwojennego klucza si\u0119 korzysta\u0142o, jak g\u0142ow\u0119 pa\u0144stwa si\u0119 wybiera\u0142o i \u201eniepi\u0142sudczyk\u00f3w\u201d z kampanii eliminowa\u0142o. <a href=\"http:\/\/radiomaria.com.pl\/wp-content\/uploads\/2023\/03\/31.09.Powodz-stulecia-przechodzi-do-historii.mp3\"><img loading=\"lazy\" decoding=\"async\" width=\"150\" height=\"185\" class=\"wp-image-110800\" style=\"width: 150px;\" src=\"https:\/\/htb.com.pl\/wp-content\/uploads\/2024\/10\/Dachy.png\" alt=\"\" srcset=\"https:\/\/htb.com.pl\/wp-content\/uploads\/2024\/10\/Dachy.png 590w, https:\/\/htb.com.pl\/wp-content\/uploads\/2024\/10\/Dachy-244x300.png 244w\" sizes=\"auto, (max-width: 150px) 100vw, 150px\" \/><\/a><\/p>\n\n\n\n<figure class=\"wp-block-image size-full\"><a href=\"http:\/\/radiomaria.com.pl\/wp-content\/uploads\/2024\/09\/15.09.katopatologia.mp3\"><img loading=\"lazy\" decoding=\"async\" width=\"831\" height=\"340\" src=\"https:\/\/htb.com.pl\/wp-content\/uploads\/2024\/10\/TuskKaczynski1.png\" alt=\"\" class=\"wp-image-110797\" srcset=\"https:\/\/htb.com.pl\/wp-content\/uploads\/2024\/10\/TuskKaczynski1.png 831w, https:\/\/htb.com.pl\/wp-content\/uploads\/2024\/10\/TuskKaczynski1-300x123.png 300w, https:\/\/htb.com.pl\/wp-content\/uploads\/2024\/10\/TuskKaczynski1-768x314.png 768w, https:\/\/htb.com.pl\/wp-content\/uploads\/2024\/10\/TuskKaczynski1-600x245.png 600w\" sizes=\"auto, (max-width: 831px) 100vw, 831px\" \/><\/a><\/figure>\n\n\n\n<p>&nbsp; Za Lecha Kaczy\u0144skiego wymiar sprawiedliwo\u015bci si\u0119 poki\u0107ka\u0142o, bo spo\u0142ecze\u0144stwo na mafie narzeka\u0142o. Wi\u0119c niewinnych si\u0119 wrabia\u0142o i sukces og\u0142asza\u0142o. Takich jak Tomasz Komenda by\u0142o i jeszcze b\u0119dzie niema\u0142o. Jak towarzystwo, co na polityce si\u0119 dorabia\u0142o S\u0105du ba\u0107 si\u0119 przesta\u0142o wszystko si\u0119 poki\u0107ka\u0142o. Teraz to towarzystwo wybory parlamentarne przegra\u0142o, ale wi\u0119kszo\u015b\u0107 struktur pa\u0144stwa &#8220;zabetonowa\u0142o&#8221;, wi\u0119c to z\u0142o jeszcze jaki\u015b czas b\u0119dzie trwa\u0142o<\/p>\n\n\n\n<p>&nbsp; \u017beby nasze pa\u0144stwo przetrwa\u0142o trzeba, \u017ceby spo\u0142ecze\u0144stwo &nbsp;to co napisa\u0142em zrozumia\u0142o.<\/p>\n\n\n\n<p><\/p>\n","protected":false},"excerpt":{"rendered":"<p>Tak nowy wpis na moim blogu DATY I FAKTY zatytu\u0142owa\u0142em \u2013 anarchi\u0105 ju\u017c to nazywa\u0142am, jak wydarzenie z innego tygodnia opisywa\u0142em. &nbsp; Na tym blogu od lat pokazuj\u0119 \u015bwiat z perspektywy Marysi, dziewczyny, kt\u00f3ra Radio MARIA wymy\u015bli\u0142a \u2013 nie \u017cyje. Ale gdyby \u017cy\u0142a \u2013 my\u015bl\u0119, \u017ce te\u017c tego zwrotu by u\u017cy\u0142a. &nbsp; &nbsp;&nbsp;&nbsp;&nbsp;Bezho\u0142owie to staropolskie [&hellip;]<\/p>\n","protected":false},"author":1,"featured_media":110802,"comment_status":"open","ping_status":"open","sticky":false,"template":"","format":"standard","meta":{"_jetpack_memberships_contains_paid_content":false,"footnotes":""},"categories":[4],"tags":[992],"class_list":["post-110763","post","type-post","status-publish","format-standard","has-post-thumbnail","hentry","category-daty-i-fakty-blog","tag-bezholowie"],"jetpack_sharing_enabled":true,"jetpack_featured_media_url":"https:\/\/htb.com.pl\/wp-content\/uploads\/2024\/10\/Norblin_maly.png","_links":{"self":[{"href":"https:\/\/htb.com.pl\/index.php?rest_route=\/wp\/v2\/posts\/110763","targetHints":{"allow":["GET"]}}],"collection":[{"href":"https:\/\/htb.com.pl\/index.php?rest_route=\/wp\/v2\/posts"}],"about":[{"href":"https:\/\/htb.com.pl\/index.php?rest_route=\/wp\/v2\/types\/post"}],"author":[{"embeddable":true,"href":"https:\/\/htb.com.pl\/index.php?rest_route=\/wp\/v2\/users\/1"}],"replies":[{"embeddable":true,"href":"https:\/\/htb.com.pl\/index.php?rest_route=%2Fwp%2Fv2%2Fcomments&post=110763"}],"version-history":[{"count":13,"href":"https:\/\/htb.com.pl\/index.php?rest_route=\/wp\/v2\/posts\/110763\/revisions"}],"predecessor-version":[{"id":110817,"href":"https:\/\/htb.com.pl\/index.php?rest_route=\/wp\/v2\/posts\/110763\/revisions\/110817"}],"wp:featuredmedia":[{"embeddable":true,"href":"https:\/\/htb.com.pl\/index.php?rest_route=\/wp\/v2\/media\/110802"}],"wp:attachment":[{"href":"https:\/\/htb.com.pl\/index.php?rest_route=%2Fwp%2Fv2%2Fmedia&parent=110763"}],"wp:term":[{"taxonomy":"category","embeddable":true,"href":"https:\/\/htb.com.pl\/index.php?rest_route=%2Fwp%2Fv2%2Fcategories&post=110763"},{"taxonomy":"post_tag","embeddable":true,"href":"https:\/\/htb.com.pl\/index.php?rest_route=%2Fwp%2Fv2%2Ftags&post=110763"}],"curies":[{"name":"wp","href":"https:\/\/api.w.org\/{rel}","templated":true}]}}