{"id":112512,"date":"2024-11-11T15:20:34","date_gmt":"2024-11-11T15:20:34","guid":{"rendered":"https:\/\/htb.com.pl\/?p=112512"},"modified":"2024-11-11T16:34:44","modified_gmt":"2024-11-11T16:34:44","slug":"do-trzech-razy-sztuka","status":"publish","type":"post","link":"https:\/\/htb.com.pl\/?p=112512","title":{"rendered":"Do trzech razy sztuka"},"content":{"rendered":"\n<p><\/p>\n\n\n\n<p><\/p>\n\n\n\n<figure class=\"wp-block-image size-thumbnail\"><a href=\"https:\/\/htb.com.pl\/wp-content\/uploads\/2024\/11\/Do-trzech-razy-sztuka.mp3\"><img loading=\"lazy\" decoding=\"async\" width=\"150\" height=\"150\" src=\"https:\/\/htb.com.pl\/wp-content\/uploads\/2018\/04\/posluchaj-150x150.jpg\" alt=\"\" class=\"wp-image-2020\" srcset=\"https:\/\/htb.com.pl\/wp-content\/uploads\/2018\/04\/posluchaj-150x150.jpg 150w, https:\/\/htb.com.pl\/wp-content\/uploads\/2018\/04\/posluchaj-300x300.jpg 300w, https:\/\/htb.com.pl\/wp-content\/uploads\/2018\/04\/posluchaj-100x100.jpg 100w\" sizes=\"auto, (max-width: 150px) 100vw, 150px\" \/><\/a><\/figure>\n\n\n\n<p>Ten wpis pisz\u0119 11 listopada 2024 roku, to Narodowe \u015awi\u0119to Niepodleg\u0142o\u015bci. Tego dnia w 1918 roku w wagonie sztabowym w Compiegne, gdzie mie\u015bci\u0142a si\u0119 kwatera marsza\u0142ka Francji Ferdynanda Focha, podpisano zawieszenie broni pomi\u0119dzy aliantami a Niemcami, ko\u0144cz\u0105ce I wojn\u0119 \u015bwiatow\u0105, co nam Polakom da\u0142o wolno\u015b\u0107. Ale nie od razu, nie z automatu.<\/p>\n\n\n\n<p>&nbsp; T\u0119 wolno\u015b\u0107, to tak naprawd\u0119 wygra\u0142 nam Ignacy Jan Paderewski na fortepianie. W tamtych czasach by\u0142 celebryt\u0105, jakby\u015bmy dzi\u015b powiedzieli. Znali si\u0119 z prezydentem Stan\u00f3w Zjednoczonych Woodrow Wilsonem &#8211; podziwia\u0142 Paderewskiego.&nbsp; I to on 8 stycznia 1918 roku przedstawiaj\u0105c sw\u00f3j program pokojowy, tzw. czterna\u015bcie punkt\u00f3w Wilsona sprawi\u0142, \u017ce Polska by\u0142a. Trzynasty punkt m\u00f3wi\u0142 o utworzeniu niepodleg\u0142ego pa\u0144stwa polskiego.<\/p>\n\n\n\n<p>&nbsp; Paderewski urodzi\u0142 si\u0119 w Kury\u0142\u00f3wce na Podolu. Dzi\u015b to Ukraina. Ale wtedy by\u0142a Polska. Jak to si\u0119 sta\u0142o, \u017ce wszystko si\u0119 tak poki\u0107ka\u0142o, \u017ce dzi\u015b Ukraina walczy o to, co nam w 1918 roku dzi\u0119ki Paderewskiemu si\u0119 uda\u0142o?<\/p>\n\n\n\n<p>\u00a0 Carycy Katarzynie II zwanej Wielk\u0105 ju\u017c w 1775 roku Sicz Zaporosk\u0105 zlikwidowa\u0107 si\u0119 uda\u0142o. Z Polsk\u0105 troch\u0119 to trwa\u0142o, dopiero za trzecim razem \u00a0zlikwidowa\u0107 Polsk\u0119 si\u0119 uda\u0142o. 1772 rok &#8211; I rozbi\u00f3r Polski, 1793 &#8211; II rozbi\u00f3r Polski, 1795 &#8211; III rozbi\u00f3r Polski. Z mapy znikamy i w\u0142a\u015bnie w 1918 roku, po 123 latach powracamy. Niestety, Paderewskiego i podobnych do niego odsuwamy i na J\u00f3zefa Pi\u0142sudskiego stawiamy. Po jego \u015bmierci w 1935 roku nieco bardziej na dobro w polityce stawiamy. Podobnie jak dzi\u015b. Armi\u0119 uzbrajamy &#8211; pierwszy polski pistolet, haubica nosz\u0105 wz\u00f3r 35. Niestety, politycznie i tu te\u017c podobnie jak dzi\u015b w sanacji trwamy. We wrze\u015bniu 1939 roku ponownie prawie z mapy znikamy. I wtedy o Ignacym Janie Paderewskim sobie przypominamy. Ludzie z jego Front Morges z Sikorskim, Witosem spowodowali, \u017ce po tym, jak Niemcy i Rosjanie nas zaatakowali i sanacyjni rz\u0105dz\u0105cy pouciekali &#8211; jako Polaka na mapie \u017ce\u015bmy zostali. Niestety, 4 lipca 1943 roku sanacyjni z Niemcami i Rosjanami Sikorskiego w Gibraltarze zamordowali. Ale Ko\u015bciuszkowcy, co dzi\u0119ki Sikorskiemu i Paderewskiemu, (za\u0142atwi\u0142 kas\u0119) nad Ok\u0105 powstali, w bitwie pod Lenino 12-13 pa\u017adziernika 1943 roku Niemcom si\u0119 nie poddali i a\u017c do Berlina ich pognali.<\/p>\n\n\n\n<p>Drugi raz Polsk\u0119 uratowali. Niestety, ci co we wrze\u015bniu 1939 roku pouciekali, si\u0119 nie poddali i&nbsp;pod koniec lat 80-tych tych, co nas wtedy uratowali komunistami nazwali i ponownie do w\u0142adzy si\u0119 dorwali. Tu trzeba przyzna\u0107, \u017ce sami \u017ce\u015bmy ich wybrali.<\/p>\n\n\n\n<p>\u00a0 Z energetyki j\u0105drowej zrezygnowali, finanse zrujnowali i armi\u0119 &#8211; prawie zlikwidowali. Trzeba przyzna\u0107, \u017ce ostatnio w wyborach parlamentarnych nieco m\u0105drzejszych zwolennik\u00f3w dawnej sanacji \u017ce\u015bmy wybrali, ale teraz prezydenta b\u0119dziemy wybierali. Dos\u0142ownie my b\u0119dziemy wybierali &#8211; my, kt\u00f3rzy prawd\u0119, o kt\u00f3rej tu czytamy, w wi\u0119kszo\u015bci k\u0142amstwem nazywamy.<\/p>\n\n\n\n<p>&nbsp;Do trzech razy sztuka. Carycy za trzecim razem si\u0119 uda\u0142o. Zobaczymy, w USA dobro ze z\u0142em przegra\u0142o. Wybory prezydenta Polski to dla nas trzeci raz. <a href=\"http:\/\/radiomaria.com.pl\/wp-content\/uploads\/2024\/11\/08.11.Wiatr-z-zachodu.mp3\"><img loading=\"lazy\" decoding=\"async\" width=\"150\" height=\"97\" class=\"wp-image-112514\" style=\"width: 150px;\" src=\"https:\/\/htb.com.pl\/wp-content\/uploads\/2024\/11\/DudaTrump2018.png\" alt=\"\" srcset=\"https:\/\/htb.com.pl\/wp-content\/uploads\/2024\/11\/DudaTrump2018.png 973w, https:\/\/htb.com.pl\/wp-content\/uploads\/2024\/11\/DudaTrump2018-300x195.png 300w, https:\/\/htb.com.pl\/wp-content\/uploads\/2024\/11\/DudaTrump2018-768x498.png 768w, https:\/\/htb.com.pl\/wp-content\/uploads\/2024\/11\/DudaTrump2018-600x389.png 600w\" sizes=\"auto, (max-width: 150px) 100vw, 150px\" \/><\/a><\/p>\n\n\n\n<p>W wyborach powszechnych tylko raz si\u0119 uda\u0142o, jak Aleksandra Kwa\u015bniewskiego si\u0119 wybra\u0142o. Tylko dlatego do NATO&nbsp; i Unii Europejskiej wst\u0105pi\u0107 si\u0119 uda\u0142o. <\/p>\n\n\n\n<p><\/p>\n\n\n\n<figure class=\"wp-block-image size-full\"><a href=\"http:\/\/radiomaria.com.pl\/wp-content\/uploads\/2024\/11\/08.11.Wiatr-z-zachodu.mp3\"><img loading=\"lazy\" decoding=\"async\" width=\"971\" height=\"760\" src=\"https:\/\/htb.com.pl\/wp-content\/uploads\/2024\/11\/ZarobkiwUE.png\" alt=\"\" class=\"wp-image-112516\" srcset=\"https:\/\/htb.com.pl\/wp-content\/uploads\/2024\/11\/ZarobkiwUE.png 971w, https:\/\/htb.com.pl\/wp-content\/uploads\/2024\/11\/ZarobkiwUE-300x235.png 300w, https:\/\/htb.com.pl\/wp-content\/uploads\/2024\/11\/ZarobkiwUE-768x601.png 768w, https:\/\/htb.com.pl\/wp-content\/uploads\/2024\/11\/ZarobkiwUE-600x470.png 600w\" sizes=\"auto, (max-width: 971px) 100vw, 971px\" \/><\/a><figcaption class=\"wp-element-caption\">\u015arednia roczna pensja skorygowana na pewnym etapie, 2023 r.<\/figcaption><\/figure>\n\n\n\n<p> Niestety w Konstytucji, jak chodzi o wyb\u00f3r prezydenta, to co by\u0142o w ustawie konstytucyjnej Jaruzelskiego, gdy rezygnowa\u0142 z urz\u0119du prezydenckiego zosta\u0142o. &nbsp;<\/p>\n\n\n\n<p>\u017bycz\u0119 Polsce, aby prezydenta, tak jak na pocz\u0105tku naszej pa\u0144stwowo\u015bci Zgromadzenie Narodowe wybiera\u0142o. Marysia, co Radio MARIA wymy\u015bli\u0142a m\u00f3wi\u0142a, \u017ce to jeden z warunk\u00f3w, aby Pa\u0144stwo Polskie na mapach zosta\u0142o.<\/p>\n","protected":false},"excerpt":{"rendered":"<p>Ten wpis pisz\u0119 11 listopada 2024 roku, to Narodowe \u015awi\u0119to Niepodleg\u0142o\u015bci. Tego dnia w 1918 roku w wagonie sztabowym w Compiegne, gdzie mie\u015bci\u0142a si\u0119 kwatera marsza\u0142ka Francji Ferdynanda Focha, podpisano zawieszenie broni pomi\u0119dzy aliantami a Niemcami, ko\u0144cz\u0105ce I wojn\u0119 \u015bwiatow\u0105, co nam Polakom da\u0142o wolno\u015b\u0107. Ale nie od razu, nie z automatu. &nbsp; T\u0119 wolno\u015b\u0107, [&hellip;]<\/p>\n","protected":false},"author":1,"featured_media":112524,"comment_status":"open","ping_status":"open","sticky":false,"template":"","format":"standard","meta":{"_jetpack_memberships_contains_paid_content":false,"footnotes":""},"categories":[4],"tags":[],"class_list":["post-112512","post","type-post","status-publish","format-standard","has-post-thumbnail","hentry","category-daty-i-fakty-blog"],"jetpack_sharing_enabled":true,"jetpack_featured_media_url":"https:\/\/htb.com.pl\/wp-content\/uploads\/2024\/11\/OrzelKosciuszkowcow.jpg","_links":{"self":[{"href":"https:\/\/htb.com.pl\/index.php?rest_route=\/wp\/v2\/posts\/112512","targetHints":{"allow":["GET"]}}],"collection":[{"href":"https:\/\/htb.com.pl\/index.php?rest_route=\/wp\/v2\/posts"}],"about":[{"href":"https:\/\/htb.com.pl\/index.php?rest_route=\/wp\/v2\/types\/post"}],"author":[{"embeddable":true,"href":"https:\/\/htb.com.pl\/index.php?rest_route=\/wp\/v2\/users\/1"}],"replies":[{"embeddable":true,"href":"https:\/\/htb.com.pl\/index.php?rest_route=%2Fwp%2Fv2%2Fcomments&post=112512"}],"version-history":[{"count":4,"href":"https:\/\/htb.com.pl\/index.php?rest_route=\/wp\/v2\/posts\/112512\/revisions"}],"predecessor-version":[{"id":112529,"href":"https:\/\/htb.com.pl\/index.php?rest_route=\/wp\/v2\/posts\/112512\/revisions\/112529"}],"wp:featuredmedia":[{"embeddable":true,"href":"https:\/\/htb.com.pl\/index.php?rest_route=\/wp\/v2\/media\/112524"}],"wp:attachment":[{"href":"https:\/\/htb.com.pl\/index.php?rest_route=%2Fwp%2Fv2%2Fmedia&parent=112512"}],"wp:term":[{"taxonomy":"category","embeddable":true,"href":"https:\/\/htb.com.pl\/index.php?rest_route=%2Fwp%2Fv2%2Fcategories&post=112512"},{"taxonomy":"post_tag","embeddable":true,"href":"https:\/\/htb.com.pl\/index.php?rest_route=%2Fwp%2Fv2%2Ftags&post=112512"}],"curies":[{"name":"wp","href":"https:\/\/api.w.org\/{rel}","templated":true}]}}