{"id":112801,"date":"2024-11-17T16:47:54","date_gmt":"2024-11-17T16:47:54","guid":{"rendered":"https:\/\/htb.com.pl\/?p=112801"},"modified":"2024-11-25T13:43:38","modified_gmt":"2024-11-25T13:43:38","slug":"prezydent-ma-byc-jak-dobry-krol-2","status":"publish","type":"post","link":"https:\/\/htb.com.pl\/?p=112801","title":{"rendered":"Prezydent ma by\u0107 jak dobry kr\u00f3l"},"content":{"rendered":"\n<figure class=\"wp-block-image size-thumbnail\"><a href=\"https:\/\/htb.com.pl\/wp-content\/uploads\/2024\/11\/Prezydent-ma-byc-jak-dobry-krol.mp3\"><img loading=\"lazy\" decoding=\"async\" width=\"150\" height=\"150\" src=\"https:\/\/htb.com.pl\/wp-content\/uploads\/2018\/04\/posluchaj-150x150.jpg\" alt=\"\" class=\"wp-image-2020\" srcset=\"https:\/\/htb.com.pl\/wp-content\/uploads\/2018\/04\/posluchaj-150x150.jpg 150w, https:\/\/htb.com.pl\/wp-content\/uploads\/2018\/04\/posluchaj-300x300.jpg 300w, https:\/\/htb.com.pl\/wp-content\/uploads\/2018\/04\/posluchaj-100x100.jpg 100w\" sizes=\"auto, (max-width: 150px) 100vw, 150px\" \/><\/a><\/figure>\n\n\n\n<p><\/p>\n\n\n\n<p><\/p>\n\n\n\n<p>Prezydenta b\u0119dziemy wybierali. Politycy w wi\u0119kszo\u015bci jeszcze nie zdecydowali, kogo do tej roli ze swych ugrupowa\u0144 b\u0119d\u0105 desygnowali. W Platformie Obywatelskiej prawybory b\u0119d\u0105 organizowali, b\u0119dziemy o tym pisali. W PiS ze stanowiskiem Kremla, czyli \u015brodowiska toru\u0144skiego jeszcze si\u0119 nie dogadali i nazwiska kandydata nie podali. Natomiast z Marsza\u0142ka Sejmu Szymona Ho\u0142owni, <a href=\"http:\/\/radiomaria.com.pl\/wp-content\/uploads\/2023\/03\/15.11.Holownia-na-prezydenta.mp3\"><img loading=\"lazy\" decoding=\"async\" width=\"150\" height=\"83\" class=\"wp-image-112807\" style=\"width: 150px;\" src=\"https:\/\/htb.com.pl\/wp-content\/uploads\/2024\/11\/Szymon.png\" alt=\"\" srcset=\"https:\/\/htb.com.pl\/wp-content\/uploads\/2024\/11\/Szymon.png 983w, https:\/\/htb.com.pl\/wp-content\/uploads\/2024\/11\/Szymon-300x166.png 300w, https:\/\/htb.com.pl\/wp-content\/uploads\/2024\/11\/Szymon-768x424.png 768w, https:\/\/htb.com.pl\/wp-content\/uploads\/2024\/11\/Szymon-600x331.png 600w\" sizes=\"auto, (max-width: 150px) 100vw, 150px\" \/><\/a> kt\u00f3ry og\u0142osi\u0142, \u017ce wystartuje jako kandydat niezale\u017cny wszyscy si\u0119 \u015bmiali.<\/p>\n\n\n\n<p>&nbsp; Gdyby to prezydenta parlamentarzy\u015bci wybierali, to by si\u0119 nie \u015bmiali, ale skoro obywatele wybieraj\u0105, niezale\u017cni zwykle odpadaj\u0105. &nbsp;O roli prezydenta w naszej polityce poj\u0119cia nie mamy, wi\u0119c wybieramy kogo\u015b, kogo z czym\u015b uto\u017csamiamy. Najgorsze, \u017ce r\u00f3wnie\u017c dobra od z\u0142a nie odr\u00f3\u017cniamy i dlatego teraz Andrzeja Dud\u0119, <a href=\"http:\/\/radiomaria.com.pl\/wp-content\/uploads\/2024\/11\/1311.Andrzej-Duda-na-COP29.mp3\"><img loading=\"lazy\" decoding=\"async\" width=\"150\" height=\"102\" class=\"wp-image-112803\" style=\"width: 150px;\" src=\"https:\/\/htb.com.pl\/wp-content\/uploads\/2024\/11\/Andrzej-Duda-podczas-szczytu-klimatyc.jpg\" alt=\"\" srcset=\"https:\/\/htb.com.pl\/wp-content\/uploads\/2024\/11\/Andrzej-Duda-podczas-szczytu-klimatyc.jpg 972w, https:\/\/htb.com.pl\/wp-content\/uploads\/2024\/11\/Andrzej-Duda-podczas-szczytu-klimatyc-300x204.jpg 300w, https:\/\/htb.com.pl\/wp-content\/uploads\/2024\/11\/Andrzej-Duda-podczas-szczytu-klimatyc-768x521.jpg 768w, https:\/\/htb.com.pl\/wp-content\/uploads\/2024\/11\/Andrzej-Duda-podczas-szczytu-klimatyc-600x407.jpg 600w\" sizes=\"auto, (max-width: 150px) 100vw, 150px\" \/><\/a> a nie Rafa\u0142a Trzaskowskiego mamy.<\/p>\n\n\n\n<p>&nbsp;Tytu\u0142 to s\u0142owa Marysi, dziewczyny, kt\u00f3ra Radio MARIA wymy\u015bli\u0142a. Z terroryzmem z broni\u0105 w r\u0119ku walczy\u0142a. Nie \u017cyje, ale gdyby \u017cy\u0142a, Polska inna by by\u0142a. Ona jak co\u015b postanowi\u0142a, a jaka\u015b osoba si\u0119 z ni\u0105 nie zgodzi\u0142a, najpierw na argumenty walczy\u0142a. To zwykle wystarcza\u0142o, ale czasem si\u0119 zdarza\u0142o, \u017ce strona przeciwna argument si\u0142y wytoczy\u0142a. I tu Marysia u siebie by\u0142a. Najpierw straszy\u0142a \u2013 zdj\u0119cia pokazywa\u0142a, na kt\u00f3rych sw\u0105 walk\u0119 z terrorystami IRA i ETA dokumentowa\u0142a. Jak to nie wystarcza\u0142o nos rozwala\u0142a i przy kieliszku ugody szuka\u0142a. Ja to widzia\u0142am &#8211; i wiem, \u017ce to dzia\u0142a.<\/p>\n\n\n\n<p>Wiem te\u017c, \u017ce Marysia dzi\u015b by si\u0119 przyda\u0142a. Wtedy Polska prezydenta poprzez Zgromadzenie Narodowe by wybra\u0142a i kogo\u015b niezale\u017cnego, takiego jak kiedy\u015b Gabriel Narutowicz, <a href=\"http:\/\/radiomaria.com.pl\/wp-content\/uploads\/2024\/11\/17.11.-Prezydenta-bedziemy-wybierali1.mp3\"><img loading=\"lazy\" decoding=\"async\" width=\"150\" height=\"207\" class=\"wp-image-112809\" style=\"width: 150px;\" src=\"https:\/\/htb.com.pl\/wp-content\/uploads\/2024\/11\/Gabriel_Narutowicz.jpg\" alt=\"\" srcset=\"https:\/\/htb.com.pl\/wp-content\/uploads\/2024\/11\/Gabriel_Narutowicz.jpg 480w, https:\/\/htb.com.pl\/wp-content\/uploads\/2024\/11\/Gabriel_Narutowicz-218x300.jpg 218w\" sizes=\"auto, (max-width: 150px) 100vw, 150px\" \/><\/a> czy dzi\u015b Szymon Ho\u0142ownia by wybra\u0142a. Wtedy w 1922 roku elita polityczna te\u017c na Narutowicza nie stawia\u0142a.<\/p>\n\n\n\n<h2 class=\"wp-block-heading\">Karol Nawrocki<\/h2>\n\n\n\n<figure class=\"wp-block-image size-full\"><a href=\"http:\/\/radiomaria.com.pl\/wp-content\/uploads\/2024\/11\/25.11.Karol-Nawrocki.mp3\"><img loading=\"lazy\" decoding=\"async\" width=\"577\" height=\"321\" src=\"https:\/\/htb.com.pl\/wp-content\/uploads\/2024\/11\/Nawrocki.png\" alt=\"\" class=\"wp-image-113191\" srcset=\"https:\/\/htb.com.pl\/wp-content\/uploads\/2024\/11\/Nawrocki.png 577w, https:\/\/htb.com.pl\/wp-content\/uploads\/2024\/11\/Nawrocki-300x167.png 300w\" sizes=\"auto, (max-width: 577px) 100vw, 577px\" \/><\/a><\/figure>\n\n\n\n<p>Pojawi\u0142 si\u0119 kolejny kandydat na prezydenta Polski. To Karol Nawrocki. Jak przysta\u0142o na t\u0119 gorsz\u0105 cz\u0119\u015b\u0107 zwolennik\u00f3w J\u00f3zefa Pi\u0142sudskiego, kt\u00f3r\u0105 reprezentuje, od pocz\u0105tku sw\u0105 kampani\u0119 na k\u0142amstwie buduje. IPN kt\u00f3rego jest prezesem, w Radiu MARIA, jako &#8221; instytut niepami\u0119ci narodowej&#8221; wyst\u0119puje. Bo Ignacego Jana Paderewskiego, gen. W\u0142adys\u0142awa Sikorskiego, Wincentego Witosa, Armi\u0119 LWP i wielu bohater\u00f3w Pa\u0144stwa Polskiego z naszej historii wymazuje. Najgorsze  jednak jest to, \u017ce jako cz\u0142owiek inteligentny na populist\u0119 pozuje. To niew\u0105tpliwie znaczn\u0105 cz\u0119\u015b\u0107 zwolennik\u00f3w PiS do niego przekonuje, ale autorytetu nie buduje. A to w\u0142a\u015bnie autorytet Urz\u0105d Prezydenta Polski  cechuje si\u0119 rymuje. No nie &#8211; ju\u017c od dawna nie. To czy si\u0119 zrymuje od nas zale\u017cy. Musimy zrozumie\u0107, \u017ce na k\u0142amstwie niczego budowa\u0107 nie nale\u017cy.<\/p>\n","protected":false},"excerpt":{"rendered":"<p>Prezydenta b\u0119dziemy wybierali. Politycy w wi\u0119kszo\u015bci jeszcze nie zdecydowali, kogo do tej roli ze swych ugrupowa\u0144 b\u0119d\u0105 desygnowali. W Platformie Obywatelskiej prawybory b\u0119d\u0105 organizowali, b\u0119dziemy o tym pisali. W PiS ze stanowiskiem Kremla, czyli \u015brodowiska toru\u0144skiego jeszcze si\u0119 nie dogadali i nazwiska kandydata nie podali. Natomiast z Marsza\u0142ka Sejmu Szymona Ho\u0142owni, kt\u00f3ry og\u0142osi\u0142, \u017ce wystartuje [&hellip;]<\/p>\n","protected":false},"author":1,"featured_media":112815,"comment_status":"open","ping_status":"open","sticky":false,"template":"","format":"standard","meta":{"_jetpack_memberships_contains_paid_content":false,"footnotes":""},"categories":[4],"tags":[],"class_list":["post-112801","post","type-post","status-publish","format-standard","has-post-thumbnail","hentry","category-daty-i-fakty-blog"],"jetpack_sharing_enabled":true,"jetpack_featured_media_url":"https:\/\/htb.com.pl\/wp-content\/uploads\/2024\/11\/3W-13-kopia-5-768x433-1.jpg","_links":{"self":[{"href":"https:\/\/htb.com.pl\/index.php?rest_route=\/wp\/v2\/posts\/112801","targetHints":{"allow":["GET"]}}],"collection":[{"href":"https:\/\/htb.com.pl\/index.php?rest_route=\/wp\/v2\/posts"}],"about":[{"href":"https:\/\/htb.com.pl\/index.php?rest_route=\/wp\/v2\/types\/post"}],"author":[{"embeddable":true,"href":"https:\/\/htb.com.pl\/index.php?rest_route=\/wp\/v2\/users\/1"}],"replies":[{"embeddable":true,"href":"https:\/\/htb.com.pl\/index.php?rest_route=%2Fwp%2Fv2%2Fcomments&post=112801"}],"version-history":[{"count":11,"href":"https:\/\/htb.com.pl\/index.php?rest_route=\/wp\/v2\/posts\/112801\/revisions"}],"predecessor-version":[{"id":113198,"href":"https:\/\/htb.com.pl\/index.php?rest_route=\/wp\/v2\/posts\/112801\/revisions\/113198"}],"wp:featuredmedia":[{"embeddable":true,"href":"https:\/\/htb.com.pl\/index.php?rest_route=\/wp\/v2\/media\/112815"}],"wp:attachment":[{"href":"https:\/\/htb.com.pl\/index.php?rest_route=%2Fwp%2Fv2%2Fmedia&parent=112801"}],"wp:term":[{"taxonomy":"category","embeddable":true,"href":"https:\/\/htb.com.pl\/index.php?rest_route=%2Fwp%2Fv2%2Fcategories&post=112801"},{"taxonomy":"post_tag","embeddable":true,"href":"https:\/\/htb.com.pl\/index.php?rest_route=%2Fwp%2Fv2%2Ftags&post=112801"}],"curies":[{"name":"wp","href":"https:\/\/api.w.org\/{rel}","templated":true}]}}