{"id":113131,"date":"2024-11-24T13:10:48","date_gmt":"2024-11-24T13:10:48","guid":{"rendered":"https:\/\/htb.com.pl\/?p=113131"},"modified":"2024-11-24T14:07:58","modified_gmt":"2024-11-24T14:07:58","slug":"instytut-niepamieci-narodowej","status":"publish","type":"post","link":"https:\/\/htb.com.pl\/?p=113131","title":{"rendered":"Instytut Niepami\u0119ci Narodowej"},"content":{"rendered":"\n<figure class=\"wp-block-image size-thumbnail\"><a href=\"https:\/\/htb.com.pl\/wp-content\/uploads\/2024\/11\/Instytut-Niepamieci-Narodowej.mp3\"><img loading=\"lazy\" decoding=\"async\" width=\"150\" height=\"150\" src=\"https:\/\/htb.com.pl\/wp-content\/uploads\/2018\/04\/posluchaj-150x150.jpg\" alt=\"\" class=\"wp-image-2020\" srcset=\"https:\/\/htb.com.pl\/wp-content\/uploads\/2018\/04\/posluchaj-150x150.jpg 150w, https:\/\/htb.com.pl\/wp-content\/uploads\/2018\/04\/posluchaj-300x300.jpg 300w, https:\/\/htb.com.pl\/wp-content\/uploads\/2018\/04\/posluchaj-100x100.jpg 100w\" sizes=\"auto, (max-width: 150px) 100vw, 150px\" \/><\/a><\/figure>\n\n\n\n<p><\/p>\n\n\n\n<figure class=\"wp-block-image size-full\"><img loading=\"lazy\" decoding=\"async\" width=\"640\" height=\"480\" src=\"https:\/\/htb.com.pl\/wp-content\/uploads\/2021\/04\/Mord.jpg\" alt=\"\" class=\"wp-image-43451\" srcset=\"https:\/\/htb.com.pl\/wp-content\/uploads\/2021\/04\/Mord.jpg 640w, https:\/\/htb.com.pl\/wp-content\/uploads\/2021\/04\/Mord-300x225.jpg 300w, https:\/\/htb.com.pl\/wp-content\/uploads\/2021\/04\/Mord-600x450.jpg 600w\" sizes=\"auto, (max-width: 640px) 100vw, 640px\" \/><\/figure>\n\n\n\n<p><em>Mogi\u0142a partyzant\u00f3w pod Borowem nie jest nawet grobem wojennym, a zamach w Gibraltarze nazywa si\u0119 katastrof\u0105. IPN opowiada, \u017ce dowod\u00f3w, i\u017c to by\u0142 zamach nie posiada. Wiem, \u017ce je mieli\u015bcie i wiem, \u017ce zniszczyli\u015bcie. Chc\u0119 \u017ceby\u015bcie wiedzieli, \u017ce tylko kopie \u017ce\u015bcie mieli.<\/em><\/p>\n\n\n\n<p>  28 maja 2021 Sejm stosunkiem g\u0142os\u00f3w 248 za, 198 przeciw i 4 wstrzymuj\u0105cych, wybra\u0142 Karola Nawrockiego na prezesa IPN, za\u015b 23 lipca 2021 stosunkiem g\u0142os\u00f3w 52 za, 47 przeciw i 1 wstrzymuj\u0105cy si\u0119 Senat zgodzi\u0142 si\u0119 na ten wyb\u00f3r.<\/p>\n\n\n\n<p>Jak to si\u0119 sta\u0142o, \u017ce r\u00f3wnie\u017c w Senacie Nawrockiego si\u0119 wybra\u0142o &#8211; pomimo, \u017ce tam PiS wi\u0119kszo\u015bci nie mia\u0142o?<\/p>\n\n\n\n<p>&nbsp;&nbsp;<strong> <\/strong>52 senator\u00f3w&nbsp;\u2013 w tym 48 z PiS i dw\u00f3ch z PSL (Ryszard Bober, Jan Filip Libicki) oraz jeden z KO (dyscyplin\u0119 partyjn\u0105 z\u0142ama\u0142 Antoni M\u0119\u017cyd\u0142o) i senatorka niezale\u017cna (Lidia Staro\u0144) \u2013 popar\u0142o podczas &nbsp;g\u0142osowania dr. Karola Nawrockiego, kandydata koalicji rz\u0105dz\u0105cej na urz\u0105d Prezesa Instytutu Pami\u0119ci Narodowej. 47 by\u0142o przeciw, wstrzyma\u0142 si\u0119 Kazimierz Micha\u0142 Ujazdowski (potem PSL). Od pi\u0105tkowego po\u0142udnia, a wi\u0119c z\u0142o\u017cenia \u015blubowania w Sejmie, IPN mia\u0142 nowego szefa.&nbsp;<a href=\"https:\/\/oko.press\/szarek-odchodzi-z-ipn-pis-wciska-tam-nawrockiego\" target=\"_blank\" rel=\"noreferrer noopener\">Z instytucj\u0105 po\u017cegna\u0142 si\u0119 dr Jaros\u0142aw Szarek<\/a>.<\/p>\n\n\n\n<p>Czy wyb\u00f3r prezesa IPN by\u0142 elementem umowy mi\u0119dzy PiS a PSL, o kt\u00f3rym spekulowa\u0142o si\u0119 w przestrzeni medialnej? Wtedy w \u015brod\u0119 Senat opowiedzia\u0142 si\u0119 za zg\u0142oszonym po raz drugi przez ludowc\u00f3w kandydatem na urz\u0105d Rzecznika Praw Obywatelskich \u2013&nbsp;<a href=\"https:\/\/oko.press\/to-juz-pewne-marcin-wiacek-bedzie-nowym-rzecznikiem-praw-obywatelskich\" target=\"_blank\" rel=\"noreferrer noopener\">dr hab. Marcinem Wi\u0105ckiem<\/a>. &#8221; Za by\u0142a wi\u0119kszo\u015b\u0107 senator\u00f3w PiS.<\/p>\n\n\n\n<p>To mo\u017cliwe \u2013 ale moim zdaniem elementem umowy by\u0142o co\u015b jeszcze.<\/p>\n\n\n\n<p>Na wniosek Polskiego Stronnictwa Ludowego w 2020 r. Rzecznik Praw Obywatelskich&nbsp;<a href=\"https:\/\/pl.wikipedia.org\/wiki\/Adam_Bodnar\">Adam Bodnar<\/a>&nbsp;wni\u00f3s\u0142 do S\u0105du Najwy\u017cszego kasacj\u0119 w sprawie Wincentego Witosa i pozosta\u0142ych skazanych w Procesie Brzeskim. Ale dopiero 25 maja 2023 roku, kiedy Rzecznikiem Praw Obywatelskich by\u0142 ju\u017c <strong>&nbsp;<a href=\"https:\/\/oko.press\/to-juz-pewne-marcin-wiacek-bedzie-nowym-rzecznikiem-praw-obywatelskich\" target=\"_blank\" rel=\"noreferrer noopener\">dr hab. Marcin Wi\u0105cek <\/a><\/strong>, w najwi\u0119kszej sali S\u0105du Najwy\u017cszego odby\u0142a si\u0119 rozprawa kasacyjna ws. \u201eProcesu Brzeskiego\u201d z lat 30 XX wieku, w kt\u00f3rym skazano sze\u015bciu pos\u0142\u00f3w Polskiej Partii Socjalistycznej, dw\u00f3ch pos\u0142\u00f3w Polskiego Stronnictwa Ludowego \u201ePiast\u201d (w tym Witosa) i dw\u00f3ch pos\u0142\u00f3w PSL \u201eWyzwolenie\u201d. Po ponad 90 latach od orzeczenia warszawskiego S\u0105du Apelacyjnego S\u0105d Najwy\u017cszy uwzgl\u0119dni\u0142 w ca\u0142o\u015bci kasacj\u0119 Rzecznika Praw Obywatelskich i uchyli\u0142 obydwa wyroki s\u0105d\u00f3w warszawskich \u2013 okr\u0119gowego z 1932 roku i apelacyjnego z 1932 roku. S\u0105d uniewinni\u0142 wszystkich oskar\u017conych, w\u00f3wczas polityk\u00f3w Centrolewu (w tym Witosa), od postawianych im w 1930 roku zarzut\u00f3w udzia\u0142u w spisku maj\u0105cym na celu obalenie przemoc\u0105 rz\u0105du.<\/p>\n\n\n\n<p> Wtedy mi si\u0119 to podoba\u0142o, dzi\u015b wiem, \u017ce PSL i IPN, kt\u00f3ry teraz w Radiu Maria&#8221; instytutem niepami\u0119ci narodowej&#8221; b\u0119dzie si\u0119 nazywa\u0142o &#8211; nas nabra\u0142o.&nbsp; Towarzystwo bowiem tak podzia\u0142a\u0142o, \u017ce o krzywdzie, jakiej dozna\u0142 Wincenty Witos i inni skazani w Procesie Brzeskim, polskie spo\u0142ecze\u0144stwo zapomnia\u0142o.<\/p>\n\n\n\n<p><\/p>\n","protected":false},"excerpt":{"rendered":"<p>Mogi\u0142a partyzant\u00f3w pod Borowem nie jest nawet grobem wojennym, a zamach w Gibraltarze nazywa si\u0119 katastrof\u0105. IPN opowiada, \u017ce dowod\u00f3w, i\u017c to by\u0142 zamach nie posiada. Wiem, \u017ce je mieli\u015bcie i wiem, \u017ce zniszczyli\u015bcie. Chc\u0119 \u017ceby\u015bcie wiedzieli, \u017ce tylko kopie \u017ce\u015bcie mieli. 28 maja 2021 Sejm stosunkiem g\u0142os\u00f3w 248 za, 198 przeciw i 4 wstrzymuj\u0105cych, [&hellip;]<\/p>\n","protected":false},"author":1,"featured_media":43451,"comment_status":"open","ping_status":"open","sticky":false,"template":"","format":"standard","meta":{"_jetpack_memberships_contains_paid_content":false,"footnotes":""},"categories":[528],"tags":[997],"class_list":["post-113131","post","type-post","status-publish","format-standard","has-post-thumbnail","hentry","category-rower","tag-instytut-niepamieci-narodowej"],"jetpack_sharing_enabled":true,"jetpack_featured_media_url":"https:\/\/htb.com.pl\/wp-content\/uploads\/2021\/04\/Mord.jpg","_links":{"self":[{"href":"https:\/\/htb.com.pl\/index.php?rest_route=\/wp\/v2\/posts\/113131","targetHints":{"allow":["GET"]}}],"collection":[{"href":"https:\/\/htb.com.pl\/index.php?rest_route=\/wp\/v2\/posts"}],"about":[{"href":"https:\/\/htb.com.pl\/index.php?rest_route=\/wp\/v2\/types\/post"}],"author":[{"embeddable":true,"href":"https:\/\/htb.com.pl\/index.php?rest_route=\/wp\/v2\/users\/1"}],"replies":[{"embeddable":true,"href":"https:\/\/htb.com.pl\/index.php?rest_route=%2Fwp%2Fv2%2Fcomments&post=113131"}],"version-history":[{"count":7,"href":"https:\/\/htb.com.pl\/index.php?rest_route=\/wp\/v2\/posts\/113131\/revisions"}],"predecessor-version":[{"id":113144,"href":"https:\/\/htb.com.pl\/index.php?rest_route=\/wp\/v2\/posts\/113131\/revisions\/113144"}],"wp:featuredmedia":[{"embeddable":true,"href":"https:\/\/htb.com.pl\/index.php?rest_route=\/wp\/v2\/media\/43451"}],"wp:attachment":[{"href":"https:\/\/htb.com.pl\/index.php?rest_route=%2Fwp%2Fv2%2Fmedia&parent=113131"}],"wp:term":[{"taxonomy":"category","embeddable":true,"href":"https:\/\/htb.com.pl\/index.php?rest_route=%2Fwp%2Fv2%2Fcategories&post=113131"},{"taxonomy":"post_tag","embeddable":true,"href":"https:\/\/htb.com.pl\/index.php?rest_route=%2Fwp%2Fv2%2Ftags&post=113131"}],"curies":[{"name":"wp","href":"https:\/\/api.w.org\/{rel}","templated":true}]}}