{"id":113450,"date":"2024-12-01T12:31:45","date_gmt":"2024-12-01T12:31:45","guid":{"rendered":"https:\/\/htb.com.pl\/?p=113450"},"modified":"2024-12-01T13:11:43","modified_gmt":"2024-12-01T13:11:43","slug":"prawo-i-sprawiedliwosc","status":"publish","type":"post","link":"https:\/\/htb.com.pl\/?p=113450","title":{"rendered":"Prawo i sprawiedliwo\u015b\u0107"},"content":{"rendered":"\n<p><\/p>\n\n\n\n<figure class=\"wp-block-image size-thumbnail\"><a href=\"https:\/\/htb.com.pl\/wp-content\/uploads\/2024\/12\/Prawo-i-sprawiedliwosc.mp3\"><img loading=\"lazy\" decoding=\"async\" width=\"150\" height=\"150\" src=\"https:\/\/htb.com.pl\/wp-content\/uploads\/2018\/04\/posluchaj-150x150.jpg\" alt=\"\" class=\"wp-image-2020\" srcset=\"https:\/\/htb.com.pl\/wp-content\/uploads\/2018\/04\/posluchaj-150x150.jpg 150w, https:\/\/htb.com.pl\/wp-content\/uploads\/2018\/04\/posluchaj-300x300.jpg 300w, https:\/\/htb.com.pl\/wp-content\/uploads\/2018\/04\/posluchaj-100x100.jpg 100w\" sizes=\"auto, (max-width: 150px) 100vw, 150px\" \/><\/a><\/figure>\n\n\n\n<p>Tytu\u0142 to kolejne okre\u015blenie, kt\u00f3re si\u0119 zu\u017cy\u0142o \u2013 nazw\u0105 partii by\u0142o. Nie pierwszy raz w Polsce ludzie, kt\u00f3rzy do niczego si\u0119 nie nadawali, dzi\u0119ki pi\u0119knej nazwie nas nabrali i politykami zostali. Po odzyskaniu przez Polsk\u0119 niepodleg\u0142o\u015bci, jako sanacja, czyli uzdrowienie wyst\u0119powali. Jak przegrali jako Solidarno\u015b\u0107, ale du\u017c\u0105 liter\u0105 pisana w\u0142adz\u0119 odzyskali. Gdy kraj zrujnowali, <a href=\"http:\/\/radiomaria.com.pl\/wp-content\/uploads\/2023\/03\/19.11.Ubostwo-w-Polsce.mp3\"><img loading=\"lazy\" decoding=\"async\" width=\"150\" height=\"100\" class=\"wp-image-113457\" style=\"width: 150px;\" src=\"https:\/\/htb.com.pl\/wp-content\/uploads\/2024\/12\/Bieda.png\" alt=\"\" srcset=\"https:\/\/htb.com.pl\/wp-content\/uploads\/2024\/12\/Bieda.png 670w, https:\/\/htb.com.pl\/wp-content\/uploads\/2024\/12\/Bieda-300x199.png 300w, https:\/\/htb.com.pl\/wp-content\/uploads\/2024\/12\/Bieda-600x399.png 600w\" sizes=\"auto, (max-width: 150px) 100vw, 150px\" \/><\/a> <a href=\"http:\/\/radiomaria.com.pl\/wp-content\/uploads\/2024\/11\/22.11.Zmiany.mp3\"><img loading=\"lazy\" decoding=\"async\" width=\"150\" height=\"84\" class=\"wp-image-113459\" style=\"width: 150px;\" src=\"https:\/\/htb.com.pl\/wp-content\/uploads\/2024\/12\/Tuskzmiany.png\" alt=\"\" srcset=\"https:\/\/htb.com.pl\/wp-content\/uploads\/2024\/12\/Tuskzmiany.png 1000w, https:\/\/htb.com.pl\/wp-content\/uploads\/2024\/12\/Tuskzmiany-300x168.png 300w, https:\/\/htb.com.pl\/wp-content\/uploads\/2024\/12\/Tuskzmiany-768x431.png 768w, https:\/\/htb.com.pl\/wp-content\/uploads\/2024\/12\/Tuskzmiany-600x337.png 600w\" sizes=\"auto, (max-width: 150px) 100vw, 150px\" \/><\/a> w\u0142a\u015bnie Prawo i Sprawiedliwo\u015b\u0107 si\u0119 nazwali \u2013 ale &nbsp;ku swemu zaskoczeniu ostatnio w wyborach parlamentarnych przegrali. I teraz zdecydowali, \u017ce do swego kandydata na prezydenta Karola Nawrockiego <a href=\"http:\/\/radiomaria.com.pl\/wp-content\/uploads\/2024\/11\/25.11.Karol-Nawrocki.mp3\"><img loading=\"lazy\" decoding=\"async\" width=\"150\" height=\"83\" class=\"wp-image-113191\" style=\"width: 150px;\" src=\"https:\/\/htb.com.pl\/wp-content\/uploads\/2024\/11\/Nawrocki.png\" alt=\"\" srcset=\"https:\/\/htb.com.pl\/wp-content\/uploads\/2024\/11\/Nawrocki.png 577w, https:\/\/htb.com.pl\/wp-content\/uploads\/2024\/11\/Nawrocki-300x167.png 300w\" sizes=\"auto, (max-width: 150px) 100vw, 150px\" \/><\/a> nie b\u0119d\u0105 si\u0119 przyznawali, ale b\u0119d\u0105 go popierali. Lepiej, \u017ceby\u015bmy tu uwa\u017cali, \u017ceby nam tego co jest udzia\u0142em Narodu Ukrai\u0144skiego nie zgotowali. <a href=\"http:\/\/radiomaria.com.pl\/wp-content\/uploads\/2024\/11\/18.11.JEST-POZWOLENIE-NA-UDERZENIE.mp3\"><img loading=\"lazy\" decoding=\"async\" width=\"150\" height=\"85\" class=\"wp-image-113455\" style=\"width: 150px;\" src=\"https:\/\/htb.com.pl\/wp-content\/uploads\/2024\/12\/Mapa-ISW.png\" alt=\"\" srcset=\"https:\/\/htb.com.pl\/wp-content\/uploads\/2024\/12\/Mapa-ISW.png 982w, https:\/\/htb.com.pl\/wp-content\/uploads\/2024\/12\/Mapa-ISW-300x170.png 300w, https:\/\/htb.com.pl\/wp-content\/uploads\/2024\/12\/Mapa-ISW-768x436.png 768w, https:\/\/htb.com.pl\/wp-content\/uploads\/2024\/12\/Mapa-ISW-600x340.png 600w\" sizes=\"auto, (max-width: 150px) 100vw, 150px\" \/><\/a> Ukrai\u0144cy si\u0119 w tym k\u0142amstwie polityk\u00f3w zorientowali i zupe\u0142nie inaczej zag\u0142osowali. <a href=\"http:\/\/radiomaria.com.pl\/wp-content\/uploads\/2024\/12\/01.12.-To-moze-byc-poczatek.mp3\"><img loading=\"lazy\" decoding=\"async\" width=\"150\" height=\"83\" class=\"wp-image-113471\" style=\"width: 150px;\" src=\"https:\/\/htb.com.pl\/wp-content\/uploads\/2024\/12\/Wolodymyrmaly.png\" alt=\"\" srcset=\"https:\/\/htb.com.pl\/wp-content\/uploads\/2024\/12\/Wolodymyrmaly.png 979w, https:\/\/htb.com.pl\/wp-content\/uploads\/2024\/12\/Wolodymyrmaly-300x166.png 300w, https:\/\/htb.com.pl\/wp-content\/uploads\/2024\/12\/Wolodymyrmaly-768x426.png 768w, https:\/\/htb.com.pl\/wp-content\/uploads\/2024\/12\/Wolodymyrmaly-600x333.png 600w\" sizes=\"auto, (max-width: 150px) 100vw, 150px\" \/><\/a> My ci\u0105gle jeszcze takich wybieramy, co za sw\u00f3j wz\u00f3r uznali tych, co w 1939 roku pouciekali, jak nas Niemcy i Rosjanie zaatakowali.<\/p>\n\n\n\n<p>&nbsp; Odnosz\u0119 wra\u017cenie, \u017ce nasi \u201epolitycy\u201d <a href=\"http:\/\/radiomaria.com.pl\/wp-content\/uploads\/2024\/11\/23.11.Prawybory.mp3\"><img loading=\"lazy\" decoding=\"async\" width=\"150\" height=\"101\" class=\"wp-image-113461\" style=\"width: 150px;\" src=\"https:\/\/htb.com.pl\/wp-content\/uploads\/2024\/12\/Prawybory.png\" alt=\"\" srcset=\"https:\/\/htb.com.pl\/wp-content\/uploads\/2024\/12\/Prawybory.png 798w, https:\/\/htb.com.pl\/wp-content\/uploads\/2024\/12\/Prawybory-300x201.png 300w, https:\/\/htb.com.pl\/wp-content\/uploads\/2024\/12\/Prawybory-768x515.png 768w, https:\/\/htb.com.pl\/wp-content\/uploads\/2024\/12\/Prawybory-600x402.png 600w\" sizes=\"auto, (max-width: 150px) 100vw, 150px\" \/><\/a> <a href=\"http:\/\/radiomaria.com.pl\/wp-content\/uploads\/2024\/11\/24.11.Woja-w-Ukrainie-to-tez-nasza-wojna.mp3\"><img loading=\"lazy\" decoding=\"async\" width=\"150\" height=\"84\" class=\"wp-image-113464\" style=\"width: 150px;\" src=\"https:\/\/htb.com.pl\/wp-content\/uploads\/2024\/12\/Kandydaci.png\" alt=\"\" srcset=\"https:\/\/htb.com.pl\/wp-content\/uploads\/2024\/12\/Kandydaci.png 932w, https:\/\/htb.com.pl\/wp-content\/uploads\/2024\/12\/Kandydaci-300x168.png 300w, https:\/\/htb.com.pl\/wp-content\/uploads\/2024\/12\/Kandydaci-768x430.png 768w, https:\/\/htb.com.pl\/wp-content\/uploads\/2024\/12\/Kandydaci-600x336.png 600w\" sizes=\"auto, (max-width: 150px) 100vw, 150px\" \/><\/a> <a href=\"http:\/\/radiomaria.com.pl\/wp-content\/uploads\/2024\/11\/29.11.Pamietajmy-o-obietnicach-politykow.mp3\"><img loading=\"lazy\" decoding=\"async\" width=\"150\" height=\"91\" class=\"wp-image-113469\" style=\"width: 150px;\" src=\"https:\/\/htb.com.pl\/wp-content\/uploads\/2024\/12\/EkshumacjeWolynmaly.png\" alt=\"\" srcset=\"https:\/\/htb.com.pl\/wp-content\/uploads\/2024\/12\/EkshumacjeWolynmaly.png 985w, https:\/\/htb.com.pl\/wp-content\/uploads\/2024\/12\/EkshumacjeWolynmaly-300x181.png 300w, https:\/\/htb.com.pl\/wp-content\/uploads\/2024\/12\/EkshumacjeWolynmaly-768x464.png 768w, https:\/\/htb.com.pl\/wp-content\/uploads\/2024\/12\/EkshumacjeWolynmaly-600x362.png 600w\" sizes=\"auto, (max-width: 150px) 100vw, 150px\" \/><\/a> bardzo si\u0119 postarali, aby\u015bmy o naszych Narodowych Bohaterach, takich jak: Paderewski, Sikorski, Witos, Armia Ludowego Wojska Polskiego i ci, co po II wojnie \u015bwiatowej Polsk\u0119 odbudowali pozapominali. Na prezesa Instytutu Pami\u0119ci Narodowej, kt\u00f3ry w Radiu MARIA\u201d instytutem niepami\u0119ci\u201d \u017ce\u015bmy nazwali, w\u0142a\u015bnie Karola Nawrockiego, obecnego kandydata do urz\u0119du prezydenckiego wybrali \u2013 po prostu si\u0119 dogadali.<\/p>\n\n\n\n<p>&nbsp;&nbsp; Czas by\u015bmy ten chocholi taniec przerwali i naprawd\u0119 niezale\u017cnego, a nie tylko tak nazwanego prezydenta wybrali.<\/p>\n\n\n\n<p>W wyborach powszechnych, to si\u0119 raczej nie uda. Trzeba \u017ceby\u015bmy tu Marysi pos\u0142uchali (wcze\u015bniejsze wpisy) i takich zmian w Konstytucji dokonali, \u017ceby prezydenta Polski parlamentarzy\u015bci wybierali. Zawsze tak by\u0142o, nie zawsze dobrze si\u0119 ko\u0144czy\u0142o, ale przez decyzj\u0119 gen. <a href=\"https:\/\/pl.wikipedia.org\/wiki\/Kalendarium_prezydentury_Wojciecha_Jaruzelskiego\">Wojciecha Jaruzelskiego z roku 1990 <\/a>definitywnie si\u0119 zmieni\u0142o. Dzi\u015b, jak na to wszystko patrz\u0119 \u2013 wiem, \u017ce tamto lepsze by\u0142o. Przyznaj\u0119, \u017ce mnie te\u017c to, co Marysia m\u00f3wi\u0142a dziwi\u0142o \u2013 ale jak wszystko r\u00f3wnie\u017c i to si\u0119 zmieni\u0142o. Wspomn\u0119 jedynie to, \u017ce gdyby si\u0119 Marysi pos\u0142ucha\u0142o i prawie sko\u0144czonej Elektrowni J\u0105drowej w \u017barnowcu nie zlikwidowa\u0142o, dzi\u015b wszystko mniej by kosztowa\u0142o. Najdro\u017cszy pr\u0105d na \u015bwiecie mamy i dalej tych, co do tego doprowadzili wybieramy. Natomiast Szymona Ho\u0142owni\u0119, S\u0142awomira Mentzena, czyli kandydat\u00f3w wzgl\u0119dnie niezale\u017cnych w wi\u0119kszo\u015bci oczerniamy \u2013 propagandzie ulegamy.<\/p>\n\n\n\n<figure class=\"wp-block-image size-full\"><a href=\"http:\/\/radiomaria.com.pl\/wp-content\/uploads\/2024\/11\/26.11.Dobre-wyniki-produkcji.mp3\"><img loading=\"lazy\" decoding=\"async\" width=\"972\" height=\"580\" src=\"https:\/\/htb.com.pl\/wp-content\/uploads\/2024\/12\/Produkcja-sprzedanamaly.png\" alt=\"\" class=\"wp-image-113467\" srcset=\"https:\/\/htb.com.pl\/wp-content\/uploads\/2024\/12\/Produkcja-sprzedanamaly.png 972w, https:\/\/htb.com.pl\/wp-content\/uploads\/2024\/12\/Produkcja-sprzedanamaly-300x179.png 300w, https:\/\/htb.com.pl\/wp-content\/uploads\/2024\/12\/Produkcja-sprzedanamaly-768x458.png 768w, https:\/\/htb.com.pl\/wp-content\/uploads\/2024\/12\/Produkcja-sprzedanamaly-600x358.png 600w\" sizes=\"auto, (max-width: 972px) 100vw, 972px\" \/><\/a><\/figure>\n","protected":false},"excerpt":{"rendered":"<p>Tytu\u0142 to kolejne okre\u015blenie, kt\u00f3re si\u0119 zu\u017cy\u0142o \u2013 nazw\u0105 partii by\u0142o. Nie pierwszy raz w Polsce ludzie, kt\u00f3rzy do niczego si\u0119 nie nadawali, dzi\u0119ki pi\u0119knej nazwie nas nabrali i politykami zostali. Po odzyskaniu przez Polsk\u0119 niepodleg\u0142o\u015bci, jako sanacja, czyli uzdrowienie wyst\u0119powali. Jak przegrali jako Solidarno\u015b\u0107, ale du\u017c\u0105 liter\u0105 pisana w\u0142adz\u0119 odzyskali. Gdy kraj zrujnowali, w\u0142a\u015bnie [&hellip;]<\/p>\n","protected":false},"author":1,"featured_media":113473,"comment_status":"open","ping_status":"open","sticky":false,"template":"","format":"standard","meta":{"_jetpack_memberships_contains_paid_content":false,"footnotes":""},"categories":[4],"tags":[998],"class_list":["post-113450","post","type-post","status-publish","format-standard","has-post-thumbnail","hentry","category-daty-i-fakty-blog","tag-prawo-i-sprawiedliwosc"],"jetpack_sharing_enabled":true,"jetpack_featured_media_url":"https:\/\/htb.com.pl\/wp-content\/uploads\/2024\/12\/LogoPiS.png","_links":{"self":[{"href":"https:\/\/htb.com.pl\/index.php?rest_route=\/wp\/v2\/posts\/113450","targetHints":{"allow":["GET"]}}],"collection":[{"href":"https:\/\/htb.com.pl\/index.php?rest_route=\/wp\/v2\/posts"}],"about":[{"href":"https:\/\/htb.com.pl\/index.php?rest_route=\/wp\/v2\/types\/post"}],"author":[{"embeddable":true,"href":"https:\/\/htb.com.pl\/index.php?rest_route=\/wp\/v2\/users\/1"}],"replies":[{"embeddable":true,"href":"https:\/\/htb.com.pl\/index.php?rest_route=%2Fwp%2Fv2%2Fcomments&post=113450"}],"version-history":[{"count":14,"href":"https:\/\/htb.com.pl\/index.php?rest_route=\/wp\/v2\/posts\/113450\/revisions"}],"predecessor-version":[{"id":113479,"href":"https:\/\/htb.com.pl\/index.php?rest_route=\/wp\/v2\/posts\/113450\/revisions\/113479"}],"wp:featuredmedia":[{"embeddable":true,"href":"https:\/\/htb.com.pl\/index.php?rest_route=\/wp\/v2\/media\/113473"}],"wp:attachment":[{"href":"https:\/\/htb.com.pl\/index.php?rest_route=%2Fwp%2Fv2%2Fmedia&parent=113450"}],"wp:term":[{"taxonomy":"category","embeddable":true,"href":"https:\/\/htb.com.pl\/index.php?rest_route=%2Fwp%2Fv2%2Fcategories&post=113450"},{"taxonomy":"post_tag","embeddable":true,"href":"https:\/\/htb.com.pl\/index.php?rest_route=%2Fwp%2Fv2%2Ftags&post=113450"}],"curies":[{"name":"wp","href":"https:\/\/api.w.org\/{rel}","templated":true}]}}