{"id":114111,"date":"2024-12-15T15:45:45","date_gmt":"2024-12-15T15:45:45","guid":{"rendered":"https:\/\/htb.com.pl\/?p=114111"},"modified":"2024-12-15T16:39:15","modified_gmt":"2024-12-15T16:39:15","slug":"tik-tok","status":"publish","type":"post","link":"https:\/\/htb.com.pl\/?p=114111","title":{"rendered":"Tik Tok"},"content":{"rendered":"\n<p><\/p>\n\n\n\n<p><\/p>\n\n\n\n<figure class=\"wp-block-image size-thumbnail\"><a href=\"https:\/\/htb.com.pl\/wp-content\/uploads\/2024\/12\/TikTok.mp3\"><img loading=\"lazy\" decoding=\"async\" width=\"150\" height=\"150\" src=\"https:\/\/htb.com.pl\/wp-content\/uploads\/2018\/04\/posluchaj-150x150.jpg\" alt=\"\" class=\"wp-image-2020\" srcset=\"https:\/\/htb.com.pl\/wp-content\/uploads\/2018\/04\/posluchaj-150x150.jpg 150w, https:\/\/htb.com.pl\/wp-content\/uploads\/2018\/04\/posluchaj-300x300.jpg 300w, https:\/\/htb.com.pl\/wp-content\/uploads\/2018\/04\/posluchaj-100x100.jpg 100w\" sizes=\"auto, (max-width: 150px) 100vw, 150px\" \/><\/a><\/figure>\n\n\n\n<p>Ostatnio Radio Maria nieco si\u0119 zaniedba\u0142o w tym, co Marysi obieca\u0142o i przed dezinformacj\u0105, jak\u0105 z\u0142o za po\u015brednictwem Tik Toka rozsiewa\u0142o nie do\u015b\u0107 dobrze ostrzega\u0142o. Ale teraz, jak w Polsce prezydenta b\u0119dzie si\u0119 wybiera\u0142o, Radio Marysi si\u0119 zreflektowa\u0142o. Prosz\u0119 pos\u0142ucha\u0107 (poczyta\u0107), jak z perspektywy dziewczyny, kt\u00f3ra nasze radio wymy\u015bli\u0142a b\u0119dzie brzmia\u0142o to, co w ostatnim tygodniu w Polsce si\u0119 sta\u0142o:<\/p>\n\n\n\n<p>\u00a0 Prezydentowi Andrzejowi Dudzie kolejnego&#8221; nies\u0119dziego&#8221; i to na prezesa trybuna\u0142u konstytucyjnego mianowa\u0107 si\u0119 uda\u0142o. Bogdana\u00a0 \u015awi\u0119czkowskiego, by\u0142ego polityka pa\u0144stwa mafijnego. <a href=\"http:\/\/radiomaria.com.pl\/wp-content\/uploads\/2024\/12\/11.12.Zdazamy-w-zla-strone.mp3\"><img loading=\"lazy\" decoding=\"async\" width=\"150\" height=\"82\" class=\"wp-image-114113\" style=\"width: 150px;\" src=\"https:\/\/htb.com.pl\/wp-content\/uploads\/2024\/12\/Powolanie-TK.png\" alt=\"\" srcset=\"https:\/\/htb.com.pl\/wp-content\/uploads\/2024\/12\/Powolanie-TK.png 945w, https:\/\/htb.com.pl\/wp-content\/uploads\/2024\/12\/Powolanie-TK-300x164.png 300w, https:\/\/htb.com.pl\/wp-content\/uploads\/2024\/12\/Powolanie-TK-768x421.png 768w, https:\/\/htb.com.pl\/wp-content\/uploads\/2024\/12\/Powolanie-TK-600x329.png 600w\" sizes=\"auto, (max-width: 150px) 100vw, 150px\" \/><\/a><\/p>\n\n\n\n<p>\u00a0 Izba Kontroli Nadzwyczajnej i Spraw Publicznych SN, kt\u00f3r\u0105 pa\u0144stwo mafijne zorganizowa\u0142o, uwzgl\u0119dni\u0142a skarg\u0119 PiS na decyzj\u0119 PKW o odrzuceniu sprawozdania komitetu tej partii za wybory z 2023 r.\u00a0To nadziej\u0119 w te z\u0142e kr\u0119gi wla\u0142o. Pa\u0144stwo Polskie kasy jednak nie przela\u0142o \u2013 bo pa\u0144stwo pisowskie kas\u0119 \u201eprzepulta\u0142o\u201d. <a href=\"http:\/\/radiomaria.com.pl\/wp-content\/uploads\/2024\/12\/12.12.Sad-Najwyzszy.mp3\"><img loading=\"lazy\" decoding=\"async\" width=\"150\" height=\"85\" class=\"wp-image-114115\" style=\"width: 150px;\" src=\"https:\/\/htb.com.pl\/wp-content\/uploads\/2024\/12\/Sukces-PiS.png\" alt=\"\" srcset=\"https:\/\/htb.com.pl\/wp-content\/uploads\/2024\/12\/Sukces-PiS.png 977w, https:\/\/htb.com.pl\/wp-content\/uploads\/2024\/12\/Sukces-PiS-300x169.png 300w, https:\/\/htb.com.pl\/wp-content\/uploads\/2024\/12\/Sukces-PiS-768x434.png 768w, https:\/\/htb.com.pl\/wp-content\/uploads\/2024\/12\/Sukces-PiS-600x339.png 600w\" sizes=\"auto, (max-width: 150px) 100vw, 150px\" \/><\/a><\/p>\n\n\n\n<p>\u00a0 Obchodzili\u015bmy 43 rocznic\u0119 wprowadzenia stanu wojennego. <a href=\"http:\/\/radiomaria.com.pl\/wp-content\/uploads\/2024\/12\/131243rocznicawprowadzeniastanuwojennego.mp3\"><img loading=\"lazy\" decoding=\"async\" width=\"150\" height=\"102\" class=\"wp-image-114117\" style=\"width: 150px;\" src=\"https:\/\/htb.com.pl\/wp-content\/uploads\/2024\/12\/czas_apokalipsy.jpg\" alt=\"\" srcset=\"https:\/\/htb.com.pl\/wp-content\/uploads\/2024\/12\/czas_apokalipsy.jpg 1000w, https:\/\/htb.com.pl\/wp-content\/uploads\/2024\/12\/czas_apokalipsy-300x204.jpg 300w, https:\/\/htb.com.pl\/wp-content\/uploads\/2024\/12\/czas_apokalipsy-768x522.jpg 768w, https:\/\/htb.com.pl\/wp-content\/uploads\/2024\/12\/czas_apokalipsy-600x408.jpg 600w\" sizes=\"auto, (max-width: 150px) 100vw, 150px\" \/><\/a> Ci, co wtedy przegrali i anarchii wprowadzi\u0107 rady nie dali, dzi\u015b \u2013 gdy wreszcie dzie\u0142a dokonali, tych z kt\u00f3rymi wtedy przegrali komunistami nazwali. A oni przecie\u017c socjalizm budowali \u2013 jak Pi\u0142sudski, kt\u00f3rego\u00a0 dzisiejsi rz\u0105dz\u0105cy <a href=\"http:\/\/radiomaria.com.pl\/wp-content\/uploads\/2024\/12\/14.12.Rokr-rzadow-Tuska.mp3\"><img loading=\"lazy\" decoding=\"async\" width=\"150\" height=\"87\" class=\"wp-image-114121\" style=\"width: 150px;\" src=\"https:\/\/htb.com.pl\/wp-content\/uploads\/2024\/12\/RokTuskamaly.png\" alt=\"\" srcset=\"https:\/\/htb.com.pl\/wp-content\/uploads\/2024\/12\/RokTuskamaly.png 979w, https:\/\/htb.com.pl\/wp-content\/uploads\/2024\/12\/RokTuskamaly-300x175.png 300w, https:\/\/htb.com.pl\/wp-content\/uploads\/2024\/12\/RokTuskamaly-768x447.png 768w, https:\/\/htb.com.pl\/wp-content\/uploads\/2024\/12\/RokTuskamaly-600x349.png 600w\" sizes=\"auto, (max-width: 150px) 100vw, 150px\" \/><\/a> i ich poprzednicy, co anarchi\u0119 wprowadzali za sw\u00f3j wz\u00f3r uznali. I teraz, jak w 1939 roku, gdy nas Niemcy i Rosjanie zaatakowali b\u0119d\u0105 z kraju uciekali. Za Marcinem Romanowskim w\u0142a\u015bnie list go\u0144czy wys\u0142ali. Ci, co rok temu z tymi, co kraj zanarchizowali wybory parlamentarne wygrali.\u00a0<\/p>\n\n\n\n<figure class=\"wp-block-image size-full\"><a href=\"http:\/\/radiomaria.com.pl\/wp-content\/uploads\/2024\/12\/15.12.Gdzie-jest-Romanowski.mp3\"><img loading=\"lazy\" decoding=\"async\" width=\"976\" height=\"525\" src=\"https:\/\/htb.com.pl\/wp-content\/uploads\/2024\/12\/List-gonczymaly.png\" alt=\"\" class=\"wp-image-114123\" srcset=\"https:\/\/htb.com.pl\/wp-content\/uploads\/2024\/12\/List-gonczymaly.png 976w, https:\/\/htb.com.pl\/wp-content\/uploads\/2024\/12\/List-gonczymaly-300x161.png 300w, https:\/\/htb.com.pl\/wp-content\/uploads\/2024\/12\/List-gonczymaly-768x413.png 768w, https:\/\/htb.com.pl\/wp-content\/uploads\/2024\/12\/List-gonczymaly-600x323.png 600w\" sizes=\"auto, (max-width: 976px) 100vw, 976px\" \/><\/a><\/figure>\n\n\n\n<p><\/p>\n\n\n\n<p>Trzeba przyzna\u0107, \u017ce przez ten rok sporo ponaprawiali:<\/p>\n\n\n\n<ol class=\"wp-block-list\">\n<li>800+.<\/li>\n\n\n\n<li>Babciowe.<\/li>\n\n\n\n<li>Iin vitro,<\/li>\n\n\n\n<li>Waloryzacj\u0105 emerytur oraz rent\u0105 wdowi\u0105.<\/li>\n\n\n\n<li>Inwestycje &nbsp;w transport.<\/li>\n\n\n\n<li>Obni\u017cenie sk\u0142adki zdrowotnej.<\/li>\n\n\n\n<li>Urlop dla przedsi\u0119biorc\u00f3w oraz kasowy PiT.<\/li>\n\n\n\n<li>Tarcz\u0119 Wsch\u00f3d i tworzenie nowocze\u015bniej armii w&nbsp;<a href=\"https:\/\/wydarzenia.interia.pl\/tematy-europa,gsbi,4992\">Europie<\/a>. ( Tu osi\u0105gni\u0119ciem jest kontynuacja programu zbroje\u0144).<\/li>\n<\/ol>\n\n\n\n<p>Opozycja, kt\u00f3ra wybory przegra\u0142a b\u0119dzie wykazywa\u0142a, \u017ce za Tuska dro\u017cyzna nasta\u0142a. Chc\u0119, aby opozycja wiedzia\u0142a, \u017ce to tak nie dzia\u0142a. Premier cen nie ustala. Owszem opozycja, kt\u00f3ra przegra\u0142a o cenach decydowa\u0142a np. paliw i m.in. dlatego przegra\u0142a. A jak ju\u017c paliwo wspominamy, to teraz benzyn\u0119 ta\u0144sz\u0105 mamy. Koalicja, kt\u00f3ra po ostatnich wyborach si\u0119 ukszta\u0142towa\u0142a \u015brodki z KPO odblokowa\u0142a &#8211; dlatego to wszystko jeszcze jako\u015b dzia\u0142a.<\/p>\n\n\n\n<p>\u00a0 Teraz, kiedy Polska prezydenta b\u0119dzie wybiera\u0142a, trzeba \u017ceby rozumu, a nie Tik Toka s\u0142ucha\u0142a. To ostatnia szansa jaka nam zosta\u0142a, \u017ceby Polska istnia\u0142a.<\/p>\n\n\n\n<p><\/p>\n","protected":false},"excerpt":{"rendered":"<p>Ostatnio Radio Maria nieco si\u0119 zaniedba\u0142o w tym, co Marysi obieca\u0142o i przed dezinformacj\u0105, jak\u0105 z\u0142o za po\u015brednictwem Tik Toka rozsiewa\u0142o nie do\u015b\u0107 dobrze ostrzega\u0142o. Ale teraz, jak w Polsce prezydenta b\u0119dzie si\u0119 wybiera\u0142o, Radio Marysi si\u0119 zreflektowa\u0142o. Prosz\u0119 pos\u0142ucha\u0107 (poczyta\u0107), jak z perspektywy dziewczyny, kt\u00f3ra nasze radio wymy\u015bli\u0142a b\u0119dzie brzmia\u0142o to, co w ostatnim [&hellip;]<\/p>\n","protected":false},"author":1,"featured_media":114127,"comment_status":"open","ping_status":"open","sticky":false,"template":"","format":"standard","meta":{"_jetpack_memberships_contains_paid_content":false,"footnotes":""},"categories":[4],"tags":[999],"class_list":["post-114111","post","type-post","status-publish","format-standard","has-post-thumbnail","hentry","category-daty-i-fakty-blog","tag-tik-tok"],"jetpack_sharing_enabled":true,"jetpack_featured_media_url":"https:\/\/htb.com.pl\/wp-content\/uploads\/2024\/12\/LogoTikTok.png","_links":{"self":[{"href":"https:\/\/htb.com.pl\/index.php?rest_route=\/wp\/v2\/posts\/114111","targetHints":{"allow":["GET"]}}],"collection":[{"href":"https:\/\/htb.com.pl\/index.php?rest_route=\/wp\/v2\/posts"}],"about":[{"href":"https:\/\/htb.com.pl\/index.php?rest_route=\/wp\/v2\/types\/post"}],"author":[{"embeddable":true,"href":"https:\/\/htb.com.pl\/index.php?rest_route=\/wp\/v2\/users\/1"}],"replies":[{"embeddable":true,"href":"https:\/\/htb.com.pl\/index.php?rest_route=%2Fwp%2Fv2%2Fcomments&post=114111"}],"version-history":[{"count":12,"href":"https:\/\/htb.com.pl\/index.php?rest_route=\/wp\/v2\/posts\/114111\/revisions"}],"predecessor-version":[{"id":114134,"href":"https:\/\/htb.com.pl\/index.php?rest_route=\/wp\/v2\/posts\/114111\/revisions\/114134"}],"wp:featuredmedia":[{"embeddable":true,"href":"https:\/\/htb.com.pl\/index.php?rest_route=\/wp\/v2\/media\/114127"}],"wp:attachment":[{"href":"https:\/\/htb.com.pl\/index.php?rest_route=%2Fwp%2Fv2%2Fmedia&parent=114111"}],"wp:term":[{"taxonomy":"category","embeddable":true,"href":"https:\/\/htb.com.pl\/index.php?rest_route=%2Fwp%2Fv2%2Fcategories&post=114111"},{"taxonomy":"post_tag","embeddable":true,"href":"https:\/\/htb.com.pl\/index.php?rest_route=%2Fwp%2Fv2%2Ftags&post=114111"}],"curies":[{"name":"wp","href":"https:\/\/api.w.org\/{rel}","templated":true}]}}