{"id":114751,"date":"2024-12-29T12:47:42","date_gmt":"2024-12-29T12:47:42","guid":{"rendered":"https:\/\/htb.com.pl\/?p=114751"},"modified":"2024-12-29T13:15:49","modified_gmt":"2024-12-29T13:15:49","slug":"atesz","status":"publish","type":"post","link":"https:\/\/htb.com.pl\/?p=114751","title":{"rendered":"Atesz"},"content":{"rendered":"\n<p><\/p>\n\n\n\n<p><\/p>\n\n\n\n<figure class=\"wp-block-image size-thumbnail\"><a href=\"https:\/\/htb.com.pl\/wp-content\/uploads\/2024\/12\/Atesz.mp3\"><img loading=\"lazy\" decoding=\"async\" width=\"150\" height=\"150\" src=\"https:\/\/htb.com.pl\/wp-content\/uploads\/2018\/04\/posluchaj-150x150.jpg\" alt=\"\" class=\"wp-image-2020\" srcset=\"https:\/\/htb.com.pl\/wp-content\/uploads\/2018\/04\/posluchaj-150x150.jpg 150w, https:\/\/htb.com.pl\/wp-content\/uploads\/2018\/04\/posluchaj-300x300.jpg 300w, https:\/\/htb.com.pl\/wp-content\/uploads\/2018\/04\/posluchaj-100x100.jpg 100w\" sizes=\"auto, (max-width: 150px) 100vw, 150px\" \/><\/a><\/figure>\n\n\n\n<p>Tytu\u0142 to wojskowy ruch partyzancki na okupowanych terytoriach Ukrainy, a tak\u017ce na terytorium Rosji, utworzony przez Ukrai\u0144c\u00f3w i \u201eKrym\u00f3w\u201d. Przepraszam Tatar\u00f3w Krymskich za to moje okre\u015blenie, ale tak m\u00f3wi\u0142a o ludno\u015bci Krymu Marysia (wcze\u015bniejsze wpisy). W 1986 roku mi opowiada\u0142a, jak caryca Katarzyna II w 1775 roku Sicz Zaporosk\u0105 zlikwidowa\u0142a i Ukraina istnie\u0107 przesta\u0142a. Polska jeszcze dwie dekady pod zaborami istnia\u0142a, ale w ko\u0144cu 1795 roku te\u017c istnie\u0107 przesta\u0142a i tylko Turcja oraz Szwajcaria tego nie uzna\u0142a.<\/p>\n\n\n\n<p>&nbsp; Jak to si\u0119 sta\u0142o, \u017ce po I wojnie \u015bwiatowej Polska si\u0119 odrodzi\u0142a, a Ukraina dalej by\u0142a nieby\u0142a?<\/p>\n\n\n\n<p>Kury\u0142\u00f3wka &#8211; miejscowo\u015b\u0107 na Podolu w 1860 roku na terytoriom Polski by\u0142a (dzi\u015b to Ukraina) i Ignacy Jan Paderewski, kt\u00f3ry si\u0119 tam wtedy urodzi\u0142 zawsze m\u00f3wi\u0142, \u017ce jest Polakiem. Ten \u015bwiatowej s\u0142awy pianista, kompozytor, celebryta &#8211; jakby\u015bmy dzi\u015b powiedzieli by\u0142 podziwiany przez prezydenta Stan\u00f3w Zjednoczonych Woodrow Wilsona i ten powiedzia\u0142; <strong>\u201eTraktat Wersalski podpisz\u0119, jak b\u0119dzie Polska\u201d<\/strong>. Ukraina takiego mecenasa nie mia\u0142a i dopiero w 1990 roku na nowo powsta\u0142a.<\/p>\n\n\n\n<p>&nbsp; Niestety, w\u0142a\u015bnie wtedy funkcjonariuszowi KGB W\u0142adymirowi Putinowi demokracja si\u0119 nie spodoba\u0142a. W Polsce stacja radiowa Radia Maryja powsta\u0142a <a href=\"http:\/\/radiomaria.com.pl\/wp-content\/uploads\/2024\/12\/26.12.Rosyjska-infrastruktura.mp3\"><img loading=\"lazy\" decoding=\"async\" width=\"150\" height=\"83\" class=\"wp-image-114757\" style=\"width: 150px;\" src=\"https:\/\/htb.com.pl\/wp-content\/uploads\/2024\/12\/Tajemnicza-Goramaly.png\" alt=\"\" srcset=\"https:\/\/htb.com.pl\/wp-content\/uploads\/2024\/12\/Tajemnicza-Goramaly.png 995w, https:\/\/htb.com.pl\/wp-content\/uploads\/2024\/12\/Tajemnicza-Goramaly-300x165.png 300w, https:\/\/htb.com.pl\/wp-content\/uploads\/2024\/12\/Tajemnicza-Goramaly-768x423.png 768w, https:\/\/htb.com.pl\/wp-content\/uploads\/2024\/12\/Tajemnicza-Goramaly-600x330.png 600w\" sizes=\"auto, (max-width: 150px) 100vw, 150px\" \/><\/a> \u2013 cz\u0119stotliwo\u015bci radiowe radzieckiej armii wykorzysta\u0142a, bo ta, jak Polsk\u0119 opuszcza\u0142a, jako\u015b dziwnie o tych cz\u0119stotliwo\u015bciach zapomnia\u0142a.<\/p>\n\n\n\n<p>&nbsp; Ukraina si\u0119 nie da\u0142a \u2013 za bro\u0144 chwycili. Jeszcze nie wygrali, ale pokazali, gdzie we wrze\u015bniu 1939 roku Polacy przegrali\u2026 Wtedy nasi rz\u0105dz\u0105cy pouciekali, jak nas Niemcy i Rosjanie zaatakowali.<\/p>\n\n\n\n<p>&nbsp; Dzi\u015b nasza historia ko\u0142o zatoczy\u0142a i Polska do roku 1943 wr\u00f3ci\u0142a. Byli rz\u0105dz\u0105cy <a href=\"http:\/\/radiomaria.com.pl\/wp-content\/uploads\/2024\/12\/24.12.Romanowski-stawia-warunki.mp3\"><img loading=\"lazy\" decoding=\"async\" width=\"150\" height=\"108\" class=\"wp-image-114755\" style=\"width: 150px;\" src=\"https:\/\/htb.com.pl\/wp-content\/uploads\/2024\/12\/RomanowskiW.png\" alt=\"\" srcset=\"https:\/\/htb.com.pl\/wp-content\/uploads\/2024\/12\/RomanowskiW.png 691w, https:\/\/htb.com.pl\/wp-content\/uploads\/2024\/12\/RomanowskiW-300x216.png 300w, https:\/\/htb.com.pl\/wp-content\/uploads\/2024\/12\/RomanowskiW-600x432.png 600w\" sizes=\"auto, (max-width: 150px) 100vw, 150px\" \/><\/a> na emigracj\u0119 W\u0119gry, a nie Rumuni\u0119 wybrali, ale kierunek zachowali. Wtedy genera\u0142a W\u0142adys\u0142awa Sikorskiego, premiera i wodza naczelnego &#8211; a dzi\u015b Donalda Tuska za wroga uznali. <a href=\"http:\/\/radiomaria.com.pl\/wp-content\/uploads\/2024\/12\/26.12.Polska-liderem-wg-Het-Economist.mp3\"><img loading=\"lazy\" decoding=\"async\" width=\"150\" height=\"100\" class=\"wp-image-114759\" style=\"width: 150px;\" src=\"https:\/\/htb.com.pl\/wp-content\/uploads\/2024\/12\/Ekonomist.png\" alt=\"\" srcset=\"https:\/\/htb.com.pl\/wp-content\/uploads\/2024\/12\/Ekonomist.png 497w, https:\/\/htb.com.pl\/wp-content\/uploads\/2024\/12\/Ekonomist-300x200.png 300w\" sizes=\"auto, (max-width: 150px) 100vw, 150px\" \/><\/a> Sikorskiego w Gibraltarze z pomoc\u0105 Niemc\u00f3w zamordowali. My\u015bl\u0119, \u017ce to nie przypadek, \u017ce dzi\u015b W\u0119gry Wiktora Orbana \u2013 przyjaciela Putina za bezpieczny dla siebie kraj wybrali.<\/p>\n\n\n\n<p>&nbsp; Kochani \u2013 za p\u00f3\u0142 roku prezydenta b\u0119dziemy wybierali, Marysia by chcia\u0142a, \u017ceby\u015bmy jak Atesz (<em>ukr. ogie\u0144<\/em>) zag\u0142osowali \u2013 p\u00f3ki jeszcze przy urnach po stronie dobra b\u0119dziemy stali. W Ukrainie si\u0119 okopali.<\/p>\n","protected":false},"excerpt":{"rendered":"<p>Tytu\u0142 to wojskowy ruch partyzancki na okupowanych terytoriach Ukrainy, a tak\u017ce na terytorium Rosji, utworzony przez Ukrai\u0144c\u00f3w i \u201eKrym\u00f3w\u201d. Przepraszam Tatar\u00f3w Krymskich za to moje okre\u015blenie, ale tak m\u00f3wi\u0142a o ludno\u015bci Krymu Marysia (wcze\u015bniejsze wpisy). W 1986 roku mi opowiada\u0142a, jak caryca Katarzyna II w 1775 roku Sicz Zaporosk\u0105 zlikwidowa\u0142a i Ukraina istnie\u0107 przesta\u0142a. Polska [&hellip;]<\/p>\n","protected":false},"author":1,"featured_media":114761,"comment_status":"open","ping_status":"open","sticky":false,"template":"","format":"standard","meta":{"_jetpack_memberships_contains_paid_content":false,"footnotes":""},"categories":[4],"tags":[1001],"class_list":["post-114751","post","type-post","status-publish","format-standard","has-post-thumbnail","hentry","category-daty-i-fakty-blog","tag-atesz"],"jetpack_sharing_enabled":true,"jetpack_featured_media_url":"https:\/\/htb.com.pl\/wp-content\/uploads\/2024\/12\/Ateszlogo.png","_links":{"self":[{"href":"https:\/\/htb.com.pl\/index.php?rest_route=\/wp\/v2\/posts\/114751","targetHints":{"allow":["GET"]}}],"collection":[{"href":"https:\/\/htb.com.pl\/index.php?rest_route=\/wp\/v2\/posts"}],"about":[{"href":"https:\/\/htb.com.pl\/index.php?rest_route=\/wp\/v2\/types\/post"}],"author":[{"embeddable":true,"href":"https:\/\/htb.com.pl\/index.php?rest_route=\/wp\/v2\/users\/1"}],"replies":[{"embeddable":true,"href":"https:\/\/htb.com.pl\/index.php?rest_route=%2Fwp%2Fv2%2Fcomments&post=114751"}],"version-history":[{"count":5,"href":"https:\/\/htb.com.pl\/index.php?rest_route=\/wp\/v2\/posts\/114751\/revisions"}],"predecessor-version":[{"id":114766,"href":"https:\/\/htb.com.pl\/index.php?rest_route=\/wp\/v2\/posts\/114751\/revisions\/114766"}],"wp:featuredmedia":[{"embeddable":true,"href":"https:\/\/htb.com.pl\/index.php?rest_route=\/wp\/v2\/media\/114761"}],"wp:attachment":[{"href":"https:\/\/htb.com.pl\/index.php?rest_route=%2Fwp%2Fv2%2Fmedia&parent=114751"}],"wp:term":[{"taxonomy":"category","embeddable":true,"href":"https:\/\/htb.com.pl\/index.php?rest_route=%2Fwp%2Fv2%2Fcategories&post=114751"},{"taxonomy":"post_tag","embeddable":true,"href":"https:\/\/htb.com.pl\/index.php?rest_route=%2Fwp%2Fv2%2Ftags&post=114751"}],"curies":[{"name":"wp","href":"https:\/\/api.w.org\/{rel}","templated":true}]}}