{"id":115083,"date":"2025-01-05T11:03:36","date_gmt":"2025-01-05T11:03:36","guid":{"rendered":"https:\/\/htb.com.pl\/?p=115083"},"modified":"2025-01-06T13:58:06","modified_gmt":"2025-01-06T13:58:06","slug":"polska-prezydencja-w-ue","status":"publish","type":"post","link":"https:\/\/htb.com.pl\/?p=115083","title":{"rendered":"Polska prezydencja w UE"},"content":{"rendered":"\n<p>&nbsp; <\/p>\n\n\n\n<p><\/p>\n\n\n\n<figure class=\"wp-block-image size-thumbnail\"><a href=\"https:\/\/htb.com.pl\/wp-content\/uploads\/2025\/01\/Polska-prezydencja-w-UE.mp3\"><img loading=\"lazy\" decoding=\"async\" width=\"150\" height=\"150\" src=\"https:\/\/htb.com.pl\/wp-content\/uploads\/2018\/04\/posluchaj-150x150.jpg\" alt=\"\" class=\"wp-image-2020\" srcset=\"https:\/\/htb.com.pl\/wp-content\/uploads\/2018\/04\/posluchaj-150x150.jpg 150w, https:\/\/htb.com.pl\/wp-content\/uploads\/2018\/04\/posluchaj-300x300.jpg 300w, https:\/\/htb.com.pl\/wp-content\/uploads\/2018\/04\/posluchaj-100x100.jpg 100w\" sizes=\"auto, (max-width: 150px) 100vw, 150px\" \/><\/a><\/figure>\n\n\n\n<p><\/p>\n\n\n\n<figure class=\"wp-block-image size-full\"><a href=\"http:\/\/radiomaria.com.pl\/wp-content\/uploads\/2025\/01\/04.01-Prezydencja-w-UE.mp3\"><img loading=\"lazy\" decoding=\"async\" width=\"675\" height=\"277\" src=\"https:\/\/htb.com.pl\/wp-content\/uploads\/2025\/01\/Prezydencja2025.png\" alt=\"\" class=\"wp-image-115089\" srcset=\"https:\/\/htb.com.pl\/wp-content\/uploads\/2025\/01\/Prezydencja2025.png 675w, https:\/\/htb.com.pl\/wp-content\/uploads\/2025\/01\/Prezydencja2025-300x123.png 300w, https:\/\/htb.com.pl\/wp-content\/uploads\/2025\/01\/Prezydencja2025-600x246.png 600w\" sizes=\"auto, (max-width: 675px) 100vw, 675px\" \/><\/a><\/figure>\n\n\n\n<p>Unia Europejska jakby od\u017cy\u0142a, gdy w\u0119gierska prezydencja si\u0119 sko\u0144czy\u0142a. <strong>Teraz Polska<\/strong> ze swym has\u0142em; \u201eBezpiecze\u0144stwo Europo\u201d nasze sprawy b\u0119dzie prowadzi\u0142a.<\/p>\n\n\n\n<p>\u00a0 Zacz\u0119\u0142o si\u0119 pechowo, g\u0142owa pa\u0144stwa nam si\u0119 zgubi\u0142a, <a href=\"http:\/\/radiomaria.com.pl\/wp-content\/uploads\/2025\/01\/05-01-Jaki-bedzie-kolejny-prezydent.mp3\"><img loading=\"lazy\" decoding=\"async\" width=\"150\" height=\"83\" class=\"wp-image-115091\" style=\"width: 150px;\" src=\"https:\/\/htb.com.pl\/wp-content\/uploads\/2025\/01\/Duda-na-nartachmaly.png\" alt=\"\" srcset=\"https:\/\/htb.com.pl\/wp-content\/uploads\/2025\/01\/Duda-na-nartachmaly.png 980w, https:\/\/htb.com.pl\/wp-content\/uploads\/2025\/01\/Duda-na-nartachmaly-300x165.png 300w, https:\/\/htb.com.pl\/wp-content\/uploads\/2025\/01\/Duda-na-nartachmaly-768x422.png 768w, https:\/\/htb.com.pl\/wp-content\/uploads\/2025\/01\/Duda-na-nartachmaly-600x330.png 600w\" sizes=\"auto, (max-width: 150px) 100vw, 150px\" \/><\/a> ale inauguracja w Teatrze Wielkim &#8211; Operze Narodowej si\u0119 odby\u0142a. Rolnicy protestowali, wsparcie od Karola Nawrockiego &#8211; kandydata do urz\u0119du prezydenckiego dostali. My\u015bl\u0119 jednak, \u017ce Putina rozczarowali. Jakby tego by\u0142o ma\u0142o Ukrai\u0144cy jego ostatni gazoci\u0105g, kt\u00f3rym Ruscy gaz do Europy Zachodniej dostarczali, zablokowali. <a href=\"http:\/\/radiomaria.com.pl\/wp-content\/uploads\/2025\/01\/03.01.Gazprom.mp3\"><img loading=\"lazy\" decoding=\"async\" width=\"150\" height=\"84\" class=\"wp-image-115087\" style=\"width: 150px;\" src=\"https:\/\/htb.com.pl\/wp-content\/uploads\/2025\/01\/Gazprom.png\" alt=\"\" srcset=\"https:\/\/htb.com.pl\/wp-content\/uploads\/2025\/01\/Gazprom.png 980w, https:\/\/htb.com.pl\/wp-content\/uploads\/2025\/01\/Gazprom-300x167.png 300w, https:\/\/htb.com.pl\/wp-content\/uploads\/2025\/01\/Gazprom-768x429.png 768w, https:\/\/htb.com.pl\/wp-content\/uploads\/2025\/01\/Gazprom-600x335.png 600w\" sizes=\"auto, (max-width: 150px) 100vw, 150px\" \/><\/a>\u00a0\u00a0<\/p>\n\n\n\n<p>&nbsp; Trzeba jednak odnotowa\u0107, \u017ce jak na razie Ruscy w Polsce spor\u0105 kas\u0119 uratowali. Cz\u0142onkowie Pa\u0144stwowej Komisji Wyborczej zdecydowali, \u017ceby o tym, czy dalej PiS z naszych pieni\u0119dzy b\u0119dziemy finansowali, rz\u0105dz\u0105cy zdecydowali. <a href=\"http:\/\/radiomaria.com.pl\/wp-content\/uploads\/2024\/12\/30.12.Kruk-krukowi-oka-nie-wykolke.mp3\"><img loading=\"lazy\" decoding=\"async\" width=\"150\" height=\"90\" class=\"wp-image-115085\" style=\"width: 150px;\" src=\"https:\/\/htb.com.pl\/wp-content\/uploads\/2025\/01\/Marciniakmaly.png\" alt=\"\" srcset=\"https:\/\/htb.com.pl\/wp-content\/uploads\/2025\/01\/Marciniakmaly.png 953w, https:\/\/htb.com.pl\/wp-content\/uploads\/2025\/01\/Marciniakmaly-300x180.png 300w, https:\/\/htb.com.pl\/wp-content\/uploads\/2025\/01\/Marciniakmaly-768x460.png 768w, https:\/\/htb.com.pl\/wp-content\/uploads\/2025\/01\/Marciniakmaly-600x359.png 600w\" sizes=\"auto, (max-width: 150px) 100vw, 150px\" \/><\/a> Premier Tusk powiedzia\u0142, \u017ce pieni\u0119dzy nie ma i nie b\u0119dzie. B\u0119dziemy obserwowali, jak to b\u0119dzie. W Radiu Maria cz\u0119sto s\u0142owa Marysi, (wcze\u015bniejsze wpisy) w tym kontek\u015bcie \u017ce\u015bmy przytaczali, Ona m\u00f3wi\u0142a; mafi\u0119 mo\u017cna pokona\u0107, odcinaj\u0105c j\u0105 od pieni\u0119dzy.<\/p>\n\n\n\n<p>&nbsp; Nie raz si\u0119 ju\u017c okaza\u0142o, \u017ce tego co m\u00f3wi\u0142a, s\u0142ucha\u0107 nale\u017ca\u0142o.<\/p>\n\n\n\n<p><\/p>\n","protected":false},"excerpt":{"rendered":"<p>&nbsp; Unia Europejska jakby od\u017cy\u0142a, gdy w\u0119gierska prezydencja si\u0119 sko\u0144czy\u0142a. Teraz Polska ze swym has\u0142em; \u201eBezpiecze\u0144stwo Europo\u201d nasze sprawy b\u0119dzie prowadzi\u0142a. \u00a0 Zacz\u0119\u0142o si\u0119 pechowo, g\u0142owa pa\u0144stwa nam si\u0119 zgubi\u0142a, ale inauguracja w Teatrze Wielkim &#8211; Operze Narodowej si\u0119 odby\u0142a. Rolnicy protestowali, wsparcie od Karola Nawrockiego &#8211; kandydata do urz\u0119du prezydenckiego dostali. My\u015bl\u0119 jednak, \u017ce [&hellip;]<\/p>\n","protected":false},"author":1,"featured_media":115089,"comment_status":"open","ping_status":"open","sticky":false,"template":"","format":"standard","meta":{"_jetpack_memberships_contains_paid_content":false,"footnotes":""},"categories":[4],"tags":[1002],"class_list":["post-115083","post","type-post","status-publish","format-standard","has-post-thumbnail","hentry","category-daty-i-fakty-blog","tag-polska-prezydencja-w-ue"],"jetpack_sharing_enabled":true,"jetpack_featured_media_url":"https:\/\/htb.com.pl\/wp-content\/uploads\/2025\/01\/Prezydencja2025.png","_links":{"self":[{"href":"https:\/\/htb.com.pl\/index.php?rest_route=\/wp\/v2\/posts\/115083","targetHints":{"allow":["GET"]}}],"collection":[{"href":"https:\/\/htb.com.pl\/index.php?rest_route=\/wp\/v2\/posts"}],"about":[{"href":"https:\/\/htb.com.pl\/index.php?rest_route=\/wp\/v2\/types\/post"}],"author":[{"embeddable":true,"href":"https:\/\/htb.com.pl\/index.php?rest_route=\/wp\/v2\/users\/1"}],"replies":[{"embeddable":true,"href":"https:\/\/htb.com.pl\/index.php?rest_route=%2Fwp%2Fv2%2Fcomments&post=115083"}],"version-history":[{"count":11,"href":"https:\/\/htb.com.pl\/index.php?rest_route=\/wp\/v2\/posts\/115083\/revisions"}],"predecessor-version":[{"id":115147,"href":"https:\/\/htb.com.pl\/index.php?rest_route=\/wp\/v2\/posts\/115083\/revisions\/115147"}],"wp:featuredmedia":[{"embeddable":true,"href":"https:\/\/htb.com.pl\/index.php?rest_route=\/wp\/v2\/media\/115089"}],"wp:attachment":[{"href":"https:\/\/htb.com.pl\/index.php?rest_route=%2Fwp%2Fv2%2Fmedia&parent=115083"}],"wp:term":[{"taxonomy":"category","embeddable":true,"href":"https:\/\/htb.com.pl\/index.php?rest_route=%2Fwp%2Fv2%2Fcategories&post=115083"},{"taxonomy":"post_tag","embeddable":true,"href":"https:\/\/htb.com.pl\/index.php?rest_route=%2Fwp%2Fv2%2Ftags&post=115083"}],"curies":[{"name":"wp","href":"https:\/\/api.w.org\/{rel}","templated":true}]}}