{"id":1152,"date":"2018-07-25T12:07:08","date_gmt":"2018-07-25T12:07:08","guid":{"rendered":"https:\/\/htb.com.pl\/?p=1152"},"modified":"2023-06-11T08:26:37","modified_gmt":"2023-06-11T08:26:37","slug":"iii-pielgrzymka-jana-pawla-ii-do-polski","status":"publish","type":"post","link":"https:\/\/htb.com.pl\/?p=1152","title":{"rendered":"III Pielgrzymka Jana Paw\u0142a II do Polski"},"content":{"rendered":"<p>\u00a0<\/p>\n<p><a href=\"https:\/\/htb.com.pl\/wp-content\/uploads\/2023\/06\/III-Pielgrzymka-Jana-Pawla-II-do-Polski.mp3\"><img loading=\"lazy\" decoding=\"async\" class=\"alignnone size-medium wp-image-2020\" src=\"https:\/\/htb.com.pl\/wp-content\/uploads\/2018\/04\/posluchaj-300x280.jpg\" alt=\"\" width=\"300\" height=\"280\" srcset=\"https:\/\/htb.com.pl\/wp-content\/uploads\/2018\/04\/posluchaj-300x280.jpg 300w, https:\/\/htb.com.pl\/wp-content\/uploads\/2018\/04\/posluchaj-768x716.jpg 768w, https:\/\/htb.com.pl\/wp-content\/uploads\/2018\/04\/posluchaj-1024x955.jpg 1024w, https:\/\/htb.com.pl\/wp-content\/uploads\/2018\/04\/posluchaj-600x560.jpg 600w, https:\/\/htb.com.pl\/wp-content\/uploads\/2018\/04\/posluchaj.jpg 1158w\" sizes=\"auto, (max-width: 300px) 100vw, 300px\" \/><\/a><a href=\"https:\/\/htb.com.pl\/wp-content\/uploads\/2023\/06\/III-Pielgrzymka-Jana-Pawla-II-do-Polski.mp3\">https:\/\/htb.com.pl\/wp-content\/uploads\/2023\/06\/III-Pielgrzymka-Jana-Pawla-II-do-Polski.mp3<\/a><\/p>\n<p>Pisa\u0142em ju\u017c o pielgrzymkach Papie\u017ca do Polski ale o tej pielgrzymce nie wspomnia\u0142em. Odby\u0142a si\u0119 w dniach 8-14 czerwca 1987 roku. Pisz\u0105c o tamtych wizytach by\u0142em nastawiony pozytywnie, wspomnienie tej wizyty tak mnie nie nastraja.<\/p>\n<p>9 czerwca Jan Paw\u0142em II mia\u0142 by\u0107 w Tarnowie, na to spotkanie mia\u0142em jecha\u0107 z moj\u0105 dziewczyn\u0105 Majk\u0105. Ona pracowa\u0142a w ministerstwie g\u00f3rnictwa i energetyki. \u00a0Mieli\u015bmy wys\u0142ucha\u0107 Mszy \u015awi\u0119tej w sektorze dla VIP, a potem spotka\u0107 si\u0119 z Papie\u017cem. Kupi\u0142em specjalny garnitur na t\u0105 okazj\u0119, taki nie ca\u0142kiem garnitur. By\u0142 popielaty w ciemniejsze odrobin\u0119 paski, marynarka by\u0142a kr\u00f3tka i mia\u0142a tylko jeden guzik. Lubi\u0142em go, ten jeden guzik sprawia\u0142, \u017ce wygl\u0105da\u0142em dobrze. Do dzi\u015b lubi\u0119 zapina\u0107 marynark\u0119 na jeden guzik. Powoduje to ukrycie dysproporcji mojej budowy. Marynarka zapi\u0119ta\u00a0 na trzy guziki, \u017ale le\u017cy. Kiedy\u015b odstawa\u0142a w barach, teraz zdarza si\u0119, \u017ce i na\u00a0 brzuchu.<\/p>\n<p>Otrzyma\u0142em urlop, dyrektor tartaku w Chorzelowie gdzie pracowa\u0142em, zdecydowa\u0142, \u017ce na czas wizyty Papie\u017ca b\u0119d\u0105 tylko dwie zmiany, a nie trzy. Ta wizyta to by\u0142o wielkie \u015bwi\u0119to. Do otrzymania\u00a0 legitymacji na wej\u015bcie do sektora VIP by\u0142y potrzebne moje dokumenty. 6 czerwca pojecha\u0142em do Warszawy, \u017ceby Majka mog\u0142a tak\u0105 wej\u015bci\u00f3wk\u0119 za\u0142atwi\u0107. Dokument mia\u0142 by\u0107 wa\u017cny tylko dla nas obojga. Ja mia\u0142em przywie\u017a\u0107 za\u015bwiadczenie od Proboszcza i podpisany wniosek urlopowy z zak\u0142adu pracy. Uzgodnili\u015bmy, \u017ce jak dojad\u0119 na Dworzec Centralny w Warszawie, zadzwoni\u0119 do Majki i rusz\u0119 w kierunku Nowego \u015awiatu, a Majka wyjdzie ze swojego biura, mieli\u015bmy si\u0119 spotka\u0107 przy rondzie, dzi\u015b rondo \u00a0\u201ede Gaulle\u2019a\u201d. Gdy j\u0105 zobaczy\u0142em strasznie si\u0119 ucieszy\u0142em. Wygl\u0105da\u0142a super, a by\u0142a ju\u017c chora. Wtedy nie by\u0142o tak do ko\u0144ca wiadomo co jej jest. W poniedzia\u0142ek, czyli za dwa dni mieli\u015bmy i\u015b\u0107 do jej lekarza, a potem do Chorzelowa i we wtorek do Tanowa na spotkanie z Ojcem \u015awi\u0119tym. No ale najpierw papiery. Zobaczy\u0142a co przywioz\u0142em. By\u0142o to odr\u0119cznie napisane o\u015bwiadczenie mojego \u00a0Proboszcza Kazimierza Kaczora, dodatkowo wej\u015bci\u00f3wka wydana przez Parafi\u0119 na wej\u015bcie na normalny sektor oraz wniosek urlopowy podpisany przez dyrektora Br\u0105glewicza. Proboszcz Kaczor napisa\u0142, \u017ce jestem praktykuj\u0105cy, przyjmuj\u0119 Ksi\u0119dza po kol\u0119dzie i pracuj\u0119 spo\u0142ecznie na rzecz Parafii. Teraz idziemy tam powiedzia\u0142a Majka i pokaza\u0142a na Dom Partii. Widz\u0105c m\u00f3j pytaj\u0105cy wzrok, bardzo powa\u017cnie powiedzia\u0142a, \u017ce musimy si\u0119 zapisa\u0107\u00a0 do PZPR. \u015awiat mi run\u0105\u0142 \u2013 tak chcia\u0142em si\u0119 spotka\u0107 z Papie\u017cem \u2013 do partii si\u0119 nie zapisz\u0119. Ta ostatnia my\u015bl wybrzmia\u0142a g\u0142o\u015bno i zdecydowanie.<\/p>\n<p>Janek- zawsze m\u00f3wi\u0142a Jasiu, Janek powiedzia\u0142a pierwszy raz. Ty my\u015blisz, \u017ce ja naprawd\u0119 zapisa\u0142abym nas do PZPR? Wr\u00f3ci\u0142em na ziemi\u0119, tylko to Janek, co\u015b si\u0119 zmieni\u0142o, teraz mnie nie przytuli. Odgad\u0142a moje my\u015bli, zacz\u0119\u0142a mnie ca\u0142owa\u0107. Przylaz\u0142a milicja, dw\u00f3ch. Obywatelko to nie sypialnia. To nic, ja to lubi\u0119 nie tylko w sypialni. Dowody osobiste. Nagle ten co sta\u0142 i nie gada\u0142 wykrzykn\u0105\u0142. J\u00f3zek, to pani Maria, ta co czornym\u00a0 najeba\u0142a. O kur.a nie pozna\u0142em. Nasz Polonez\u00a0 stoi tam, jest do waszej dyspozycji, z ty\u0142u jest wygodna kanapa. Dzi\u0119ki, musimy i\u015b\u0107 tam, Majka pokaza\u0142a na Dom Partii. No trudno, jak trza to trza. Lutek, ty jeden kierunek ja drugi. Gliniarze zatrzymali ruch na Alejach Jerozolimskich, \u017ceby\u015bmy mogli przej\u015b\u0107 na drug\u0105 stron\u0119. B\u0119dziemy w Polonezie jakby co.\u00a0 Patrzyli na Majk\u0119 jakby samego Papie\u017ca zobaczyli.<\/p>\n<p>Gdy weszli\u015bmy do pokoju za\u0142atwia\u0107 dokument, jedynie ja wzbudzi\u0142em zainteresowanie, Majk\u0119 znali. Zdziwi\u0142em si\u0119, \u017ce mam ju\u017c tak\u0105 grub\u0105 teczk\u0119. Nie przyj\u0119li\u015bcie w wojsku awansu na m\u0142odszego chor\u0105\u017cego \u2013 czemu zapyta\u0142 smutny pan. Trzeba si\u0119 by\u0142o zapisa\u0107 do ZSMP, odpowiedzia\u0142em. Mo\u017cna by\u0142o do PZPR, odezwa\u0142 si\u0119 \u00a0jaki\u015b m\u0142ody, co z boku siedzia\u0142. Smutny popatrzy\u0142 na niego \u2013 wypierdalaj! M\u0142ody wypad\u0142. Prosz\u0119 poczeka\u0107 pi\u0119\u0107 minut, ciastkiem prosz\u0119 si\u0119 pocz\u0119stowa\u0107, to ca\u0142usy, <img loading=\"lazy\" decoding=\"async\" class=\"alignnone size-medium wp-image-24334\" src=\"https:\/\/htb.com.pl\/wp-content\/uploads\/2018\/07\/Ca\u0142usy-225x300.jpg\" alt=\"\" width=\"225\" height=\"300\" srcset=\"https:\/\/htb.com.pl\/wp-content\/uploads\/2018\/07\/Ca\u0142usy-225x300.jpg 225w, https:\/\/htb.com.pl\/wp-content\/uploads\/2018\/07\/Ca\u0142usy.jpg 480w\" sizes=\"auto, (max-width: 225px) 100vw, 225px\" \/> dzi\u015b jest dzie\u0144 poca\u0142unku.\u00a0 Ciastka s\u0105 z pana stron. Oboje z Majka byli\u015bmy pod wra\u017ceniem. Ten co pisa\u0142 dokumenty powiedzia\u0142, \u017ce to z godzin\u0119 potrwa, ma du\u017co do wypisania. Smutny wsta\u0142, popatrzy\u0142 na niego tak, \u017ce Majka zacz\u0119\u0142a odpina\u0107 zegarek. Wygl\u0105da\u0142o \u017ce smuty przypie\u2026li gadule. Gadu\u0142a odsun\u0105 pozosta\u0142e dokumenty, wkr\u0119ci\u0142 w maszyn\u0119 do pisania nasz i zacz\u0105\u0142 stuka\u0107, z trwog\u0105 spogl\u0105daj\u0105c na smutnego. Gdy dokument by\u0142 gotowy, smutny uca\u0142owa\u0142 Majk\u0119 w r\u0119k\u0119, mnie poda\u0142 dokument i m\u00f3wi. \u017bycz\u0119 panu, aby decyzja o odmowie s\u0142u\u017cby w LWP by\u0142a s\u0142uszna, tacy jak pan s\u0105 dzi\u015b tam bardzo potrzebni.<\/p>\n<p>Reszta soboty i niedziela up\u0142yn\u0119\u0142a nam na \u201eodpoczywaniu\u201d i ogl\u0105daniu telewizji. Dowiedzia\u0142em si\u0119, \u017ce 6 czerwca 1962 roku\u00a0 w Warszawie otwarto pierwszy w kraju Supersam, a w 1973, te\u017c 6 czerwca w Bielsku Bia\u0142ej rozpocz\u0119to seryjn\u0105 produkcj\u0119 Fiata 126p. Czeka\u0142em na informacj\u0119 o festiwalu w Jarocinie, kt\u00f3ry w\u0142a\u015bnie 6 czerwca 1980 roku odby\u0142 si\u0119 tam pierwszy raz ale nie, o Owsiaku nie by\u0142o. By\u0142o za to \u00a0sporo o Papie\u017cu, kt\u00f3ry mia\u0142\u00a0 w poniedzia\u0142ek przylecie\u0107 do Polski. My w poniedzia\u0142ek mieli\u015bmy i\u015b\u0107 do lekarza Majki, ta my\u015bl jako\u015b ci\u0119gle do mnie wraca\u0142a. Pochwali\u0142em si\u0119, \u017ce zamierzam kupi\u0107 \u201eGarbusa\u201d. Mam nadziej\u0119, \u017ce znios\u0105 kartki na benzyn\u0119 i b\u0119d\u0119 m\u00f3g\u0142 odwiedza\u0107 Ciebie cz\u0119\u015bciej. \u00a0S\u0142uchaj nie kupuj, dam ci mojego \u201epoldka\u201d (Poloneza). Wczoraj rozmawia\u0142am z Jaruzelskim, po wizycie Papie\u017ca awansuj\u0119 i b\u0119d\u0105 mnie wozi\u0107. Prosi\u0142, \u017cebym Papie\u017cowi o tym powiedzia\u0142a. Przyzna\u0142 \u017ce jeszcze w styczniu obieca\u0142 to Ojcu \u015awi\u0119temu ale s\u0105 straszne opory, wiesz ja nie nale\u017c\u0119 do partii i jak co\u015b nie tak, wal\u0119 w pysk. (12-14 stycze\u0144 1987 rok wizyta genera\u0142a Wojciecha Jaruzelskiego w Watykanie).\u00a0 B\u0119dziesz premierem?<a href=\"https:\/\/htb.com.pl\/?p=18549\"><img loading=\"lazy\" decoding=\"async\" class=\"size-full wp-image-1168 alignright\" src=\"https:\/\/htb.com.pl\/wp-content\/uploads\/2018\/07\/Ekonomia.jpg\" alt=\"\" width=\"200\" height=\"286\" \/><\/a> Nie, b\u0119d\u0119 od przemys\u0142u, wreszcie zrobi\u0119 \u00a0co trzeba &#8211; zlikwiduj\u0119 polityk\u00f3w. Co z nimi zrobisz, zapyta\u0142em. Odetn\u0119 ich od kasy, wprowadz\u0119 VAT \u2013 b\u0119dzie jak na zachodzie. Kooperacja zlikwiduje przerosty kadrowe, wzro\u015bnie wydajno\u015b\u0107 pracy, a politycy nie b\u0119d\u0105 mogli wtr\u0105ca\u0107 si\u0119 do gospodarki. \u00a0A co do kartek \u00a0\u00a0obiecuj\u0119, \u017ce znios\u0119 wszystkie. B\u0119dzie to moja pierwsza decyzja. Nie wierz\u0119, \u017ce politycy dadz\u0105 si\u0119 odczepi\u0107 \u00a0od pieni\u0119dzy, powiedzia\u0142em. Zreszt\u0105 po co dzi\u015b komu\u015b pieni\u0105dze i tak nic nie ma w sklepach. Dlatego dzi\u015b pieni\u0105dz to towar, to mo\u017cliwo\u015b\u0107 za\u0142atwienia dzia\u0142ki budowlanej, mieszkania w bloku, talonu na samoch\u00f3d, a nawet g\u0142upiego telefonu. Jak mieszka\u0142am we W\u0142oszech nie by\u0142o tygodnia, \u017ceby kto\u015b nie proponowa\u0142 mi za\u0142o\u017cenia nowej linii telefonicznej. \u00a0Ale jak si\u0119 uzdrowi gospodark\u0119, pieni\u0105dz znowu b\u0119dzie mia\u0142 warto\u015b\u0107. \u00a0Czemu Papie\u017c kaza\u0142 Jaruzelskiemu zrobi\u0107 Ciebie ministrem od przemys\u0142u? On mu kaza\u0142 co\u015b innego, ma wprowadzi\u0107 demokracj\u0119, a w demokracji do w\u0142adzy mo\u017ce doj\u015b\u0107 Sanacja, kt\u00f3r\u0105 teraz jest zablokowana. Min\u0119\u0142o jednak prawie p\u00f3\u0142 wieku, czas na normalno\u015b\u0107. Sanacja nie przejmie w\u0142adzy, powiedzia\u0142em \u2013 \u017cyj\u0105 jeszcze ci co ich pami\u0119taj\u0105. \u017byje tw\u00f3j dziadek? Nie. M\u00f3j te\u017c nie \u017cyje. Ja b\u0119d\u0119 gwarantem, \u017ce nie wyro\u015bnie nam nowy Pi\u0142sudski.<\/p>\n<p>Zanim otworz\u0119 nasz przemys\u0142 na obcy kapita\u0142, wzmocni\u0119 go. Inaczej ten kapita\u0142 nas przejmie za bezcen. I tu w\u0142a\u015bnie jest sedno sprawy.\u00a0 Zachodni biznesmen chc\u0105c kupi\u0107 przedsi\u0119biorstwo w Polsce, nie b\u0119dzie gada\u0142 z jego dyrektorem, je\u017celi b\u0119dzie m\u00f3g\u0142 pogada\u0107 z politykiem. Ten doprowadzi wszystko \u00a0do ruiny, a inwestor przejmie biznes za symboliczn\u0105 z\u0142ot\u00f3wk\u0119, polityk dostanie dol\u0119 albo miejsce w zarz\u0105dzie. \u00a0Widzia\u0142em to we W\u0142oszech, Papie\u017c to wie, dlatego ja b\u0119d\u0119 od gospodarki. \u00a0\u00a0Tak \u2013 masz racj\u0119, \u00a0odsun\u0105\u0107 polityk\u00f3w nie b\u0119dzie \u0142atwo,\u00a0 czasem trzeba b\u0119dzie da\u0107 \u00a0po ryju, jak si\u0119 b\u0119dzie do koryta pcha\u0142. Widzia\u0142e\u015b jak pracuje ten stary SB-ek co nam papiery wyrabia\u0142? A jakie dobre ciastka\u00a0 da\u0142, musia\u0142 nas obserwowa\u0107 od mojego przyjazdu, wiedzia\u0142, \u017ce si\u0119 ca\u0142owali\u015bmy. Nie doceniasz ich Jasiu, obserwowali cie od Chorzelowa, te ciastka kupili tam u was, tu takich nie ma. \u00a0Jest skuteczny, bo si\u0119 go boj\u0105. Swoj\u0105 drog\u0105 musisz mie\u0107 ciekawe dossier z wojska. Doceni\u0142 ci\u0119. Zwykle szukaj\u0105 jakiego\u015b haka i proponuj\u0105 wsp\u00f3\u0142prac\u0119. Co\u015b ty tam Jasiu robi\u0142?<a href=\"https:\/\/htb.com.pl\/?p=982\"> Ta\u0144czy\u0142em<\/a>.<\/p>\n<p>Potem by\u0142 odpoczynek jak to Majka nazywa\u0142a, wy\u0142\u0105czy\u0142em jedynie telewizor, nie wypada\u0142o kocha\u0107 si\u0119 przy Papie\u017cu na ekranie. Ten odpoczynek da\u0142 mi rad\u0119 \u2013 zasn\u0105\u0142em. Gdy si\u0119 obudzi\u0142em Majka sta\u0142a ubrana w \u015bliczn\u0105 sukienk\u0119 z chustka na g\u0142owie. Gdzie\u015b ju\u017c j\u0105 widzia\u0142em w tej sukience &#8211; ale ta chustka\u2026 Tak wyst\u0105pi\u0119 przed Papie\u017cem, to moja szcz\u0119\u015bliwa sukienka, ciebie w niej pozna\u0142am a chustka jest mojej babci. Tak wi\u0105za\u0142o si\u0119 chustki na \u0141emkowszczy\u017anie. Tak &#8211; przypomnia\u0142em sobie t\u0105 sukienk\u0119, to w niej ta\u0144czy\u0142a Majka gdy j\u0105 pierwszy raz zobaczy\u0142em. Podskoczy\u0142a tak, \u017ce b\u0142ysn\u0119\u0142y jej majteczki. Pami\u0119tam \u2013 ale poznali\u015bmy si\u0119 dopiero na nast\u0119pnej dyskotece, by\u0142a\u015b wtedy w spodniach. Tak ale ty zwr\u00f3ci\u0142e\u015b na mnie uwag\u0119 dopiero jak majtki zobaczy\u0142e\u015b, wcze\u015bniej tylko patrzy\u0142e\u015b jak na zalewie p\u0142ywam poza k\u0105pieliskiem. Nawet nie zapyta\u0142e\u015b czy mam \u017c\u00f3\u0142ty czepek. Widzia\u0142em \u017ce dobrze p\u0142ywasz, co mia\u0142em pyta\u0107. Ten drugi ratownik co z tob\u0105 sta\u0142 gwizda\u0142 na mnie. Tak on gwizda\u0142 a ja wsiad\u0142em do \u0142\u00f3dki i wyp\u0142yn\u0105\u0142em \u017ceby ci\u0119 asekurowa\u0107. Przypomnia\u0142em sobie, rzeczywi\u015bcie by\u0142o co\u015b takiego. Majka, ja by\u0142em wtedy dzieckiem \u2013 odsun\u0105\u0142em jej chustk\u0119, teraz by\u0142o wida\u0107 w\u0142osy. Pami\u0119ta\u0142em jak w Klinice na Jaczewskiego w Lublinie umiera\u0142 m\u00f3j kolega z klasy,\u00a0 by\u0142 chory na bia\u0142aczk\u0119, nie mia\u0142 w\u0142os\u00f3w. Dziewczyny kt\u00f3re tam le\u017ca\u0142y mia\u0142y chustki na g\u0142owach.<\/p>\n<p>Ty by\u0142e\u015b dzieckiem &#8211; ale jak mnie przytuli\u0142e\u015b w ta\u0144cu zapomnia\u0142am\u00a0 o tym. To moje zapomnienie prze\u015bladowa\u0142o mnie przez 10 lat. Gdy ci\u0119 wreszcie spotka\u0142am, to tak jakby si\u0119 niebo otworzy\u0142o. \u00a0Znowu odpoczynek \u2013 no ale teraz ja wygra\u0142em, to Majka zasn\u0119\u0142a.<\/p>\n<p>W poniedzia\u0142ek rano pojechali\u015bmy do lekarza. Gdy drzwi gabinetu si\u0119 otworzy\u0142y Majka wzi\u0119\u0142a mnie za r\u0119k\u0119 i poci\u0105gn\u0119\u0142a za sob\u0105. To m\u00f3j m\u0105\u017c powiedzia\u0142a na pytaj\u0105cy wzrok lekarza. Piel\u0119gniarka puka\u0142a palcem w jak\u0105\u015b kartk\u0119, gdzie pewnie by\u0142o napisane, \u017ce Majka nie ma m\u0119\u017ca. Lekarz popatrzy\u0142 na ni\u0105 tak, \u017ce zrozumia\u0142a gdzie ma si\u0119 pukn\u0105\u0107. Poda\u0142 Majce kartk\u0119 z jej wynikami i nic nie m\u00f3wi\u0142. Majka czyta\u0142a i nagle zauwa\u017cy\u0142em, \u017ce jej twarz taka roze\u015bmiana, daj\u0105ca wszystkim nadziej\u0119, zmienia si\u0119. Gdy oddawa\u0142a kartk\u0119 w jej oczach zobaczy\u0142em \u0142zy. Popatrzy\u0142a na lekarza, wida\u0107 by\u0142o, \u017ce chce o co\u015b poprosi\u0107. Ten jednak tylko pokr\u0119ci\u0142 g\u0142ow\u0105. Jasiu przywie\u017a mi reklam\u00f3wk\u0119, jest w szafie, pisz\u0119 na niej szpital. We\u017a chustk\u0119 od sukienki, na Papie\u017ca pojedziesz sam. Pomachasz mu t\u0105 chustk\u0105 jak b\u0119dzie o mnie m\u00f3wi\u0142. Tylko mi tej chustki nie zgub, b\u0119dzie mi potrzebna. Chcia\u0142aby pani gdzie\u015b zadzwoni\u0107 zapyta\u0142 lekarz. Tak. Prosz\u0119 wykr\u0119ci\u0107. To b\u0119dzie zagraniczna rozmowa, do Watykanu musz\u0119 zadzwoni\u0107. Prosz\u0119 na central\u0119, st\u0105d si\u0119 nie da. Gdy Majka rozmawia\u0142a z Watykanem m\u00f3wi\u0142a po \u0142acinie. Lekarz wzi\u0105\u0142 mnie za rami\u0119, przycisn\u0105\u0142 i m\u00f3wi \u2013 prosi aby przeprosi\u0107 Ojca \u015awi\u0119tego, nie przyjedziecie bo jest chora, doda\u0142 \u017ceby si\u0119 nie martwi\u0107 ale leczenie nale\u017cy rozpocz\u0105\u0107 natychmiast.<\/p>\n<p><img loading=\"lazy\" decoding=\"async\" class=\"size-medium wp-image-1156 alignleft\" src=\"https:\/\/htb.com.pl\/wp-content\/uploads\/2018\/07\/Tarn\u00f3wL-300x206.jpg\" alt=\"\" width=\"300\" height=\"206\" srcset=\"https:\/\/htb.com.pl\/wp-content\/uploads\/2018\/07\/Tarn\u00f3wL-300x206.jpg 300w, https:\/\/htb.com.pl\/wp-content\/uploads\/2018\/07\/Tarn\u00f3wL-768x527.jpg 768w, https:\/\/htb.com.pl\/wp-content\/uploads\/2018\/07\/Tarn\u00f3wL-600x412.jpg 600w, https:\/\/htb.com.pl\/wp-content\/uploads\/2018\/07\/Tarn\u00f3wL.jpg 960w\" sizes=\"auto, (max-width: 300px) 100vw, 300px\" \/>W Tarnowie na spotkaniu z Papie\u017cem by\u0142o moim zdaniem ponad milion ludzi. My\u015bl\u0119, \u017ce organizatorzy nie byli na to przygotowani. Zrezygnowano z przejazdu Ojca \u015awi\u0119tego pomi\u0119dzy sektorami, znaczna cz\u0119\u015b\u0107 ludzi nie zobaczy\u0142a nawet Papie\u017ca, mogli go jedynie s\u0142ucha\u0107. Ja bez Majki mog\u0142em zaj\u0105\u0107\u00a0 miejsce w sektorze kt\u00f3ry mia\u0142em wyznaczony na za\u015bwiadczeniu z Parafii. Papie\u017ca widzia\u0142em\u00a0 dobrze.<img loading=\"lazy\" decoding=\"async\" class=\"size-medium wp-image-1160 alignright\" src=\"https:\/\/htb.com.pl\/wp-content\/uploads\/2018\/07\/Tarn\u00f3w-Papie\u017c-188x300.jpg\" alt=\"\" width=\"188\" height=\"300\" srcset=\"https:\/\/htb.com.pl\/wp-content\/uploads\/2018\/07\/Tarn\u00f3w-Papie\u017c-188x300.jpg 188w, https:\/\/htb.com.pl\/wp-content\/uploads\/2018\/07\/Tarn\u00f3w-Papie\u017c.jpg 200w\" sizes=\"auto, (max-width: 188px) 100vw, 188px\" \/> Gdy si\u0119 pojawi\u0142, ucich\u0142y wszelkie k\u0142\u00f3tnie a nawet wyzwiska \u2013 naprawd\u0119 nie by\u0142o miejsca \u017ceby swobodnie stan\u0105\u0107.<\/p>\n<p>Papie\u017c m\u00f3wi\u0142 o Karolinie K\u00f3zk\u00f3wnie, c\u00f3rce Ko\u015bcio\u0142a Tarnowskiego. By\u0142a to jej Masza Beatyfikacyjna. Ja trzyma\u0142em chustk\u0119 mojej chorej Marysi i nagle us\u0142ysza\u0142em takie s\u0142owa. &#8220;B\u00f3g wybra\u0142 w\u0142a\u015bnie to, (&#8230;) co niemocne, aby mocnych poni\u017cy\u0107, aby zawstydzi\u0107 m\u0119drc\u00f3w&#8221; , Zobaczy\u0142em oczami wyobra\u017ani Majk\u0119 w chustce bez w\u0142os\u00f3w. \u00a0Otar\u0142em t\u0105 jej chustk\u0105 \u0142zy, z\u0142y obraz\u00a0 znikn\u0105\u0142. Nast\u0119pnie Papie\u017c zwraca\u0142 si\u0119 do Ksi\u0119\u017cy. \u201eCzy \u015bwieccy s\u0105 po to, aby nas zawstydza\u0107? Tak mog\u0105 by\u0107 po to. Potrzebny jest taki zbawczy wstyd.\u00a0 Dzi\u015b te\u017c s\u0105 w Polsce dziewczyny, kt\u00f3re nas zawstydzaj\u0105. Ja zacz\u0105\u0142em macha\u0107 chustk\u0105, uderzy\u0142em w g\u0142ow\u0119 starsz\u0105 pani\u0105 kt\u00f3ra sta\u0142a obok. Nic, nic powiedzia\u0142a. Czemu pani p\u0142acze? Bo pan p\u0142acze. Zauwa\u017cy\u0142em \u017ce wok\u00f3\u0142\u00a0 wszyscy p\u0142akali.<\/p>\n<p>Dzi\u015b te s\u0142owa Papie\u017ca chcia\u0142bym zadedykowa\u0107 Ksi\u0119\u017com. Kochani &#8211; przypomnijcie sobie s\u0142owa jakie wypowiedzia\u0142 do Was dzi\u015b \u015awi\u0119ty Jan Pawe\u0142 II Papie\u017c 9 czerwca 1987 roku w Tarnowie. Przypomnijcie sobie bo wszyscy b\u0119dziemy p\u0142aka\u0107.<\/p>\n<p>Majka zmar\u0142a cztery miesi\u0105ce p\u00f3\u017aniej, 13 pa\u017adziernika 1987 roku. Rok p\u00f3\u017aniej 14 pa\u017adziernika 1988 roku Mieczys\u0142aw Wilczek zosta\u0142 ministrem przemys\u0142y i zrealizowa\u0142 wi\u0119kszo\u015b\u0107 tego o czym m\u00f3wi\u0142a moja ukochana Marysia. Jednak nie wprowadzi\u0142 VAT-u. Politycy ci\u0105gle mieli wp\u0142yw na gospodark\u0119. VAT wprowadzi\u0142 dopiero Leszek Balcerowicz w 1993 roku. Ale politycy nie dali si\u0119 odci\u0105\u0107 od kasy. Opanowali Sp\u00f3\u0142ki Skarbu Pa\u0144stwa. Marysia mia\u0142a racj\u0119, trzeba wali\u0107 w pysk, b\u0119d\u0105 si\u0119 bali i wystarczy pieni\u0119dzy na szpitale szko\u0142y. No i na pewno nie wyzywaliby nas\u00a0 od \u015bwir\u00f3w, jak to ostatnio zrobi\u0142 Stanis\u0142aw Karczewski, Marsza\u0142ek Senatu.<\/p>\n<p>Jak s\u0142ysz\u0119 jakie pieni\u0105dze wyci\u0105gaj\u0105 politycy z pa\u0144stwowych przedsi\u0119biorstw, przypominaj\u0105 mi si\u0119 s\u0142owa Ksi\u0119dza, kt\u00f3ry spowiada\u0142 mnie przed pogrzebem Marysi. \u201ePo jaka choler\u0119 B\u00f3g ci ja zabra\u0142\u201d. Mnie? On j\u0105 zabra\u0142 nam. Nie byli\u015bmy jej warci. Kochani &#8211; poka\u017cmy, \u017ce teraz jest inaczej.<\/p>\n\n\n<p><\/p>\n","protected":false},"excerpt":{"rendered":"<p>\u00a0 https:\/\/htb.com.pl\/wp-content\/uploads\/2023\/06\/III-Pielgrzymka-Jana-Pawla-II-do-Polski.mp3 Pisa\u0142em ju\u017c o pielgrzymkach Papie\u017ca do Polski ale o tej pielgrzymce nie wspomnia\u0142em. Odby\u0142a si\u0119 w dniach 8-14 czerwca 1987 roku. Pisz\u0105c o tamtych wizytach by\u0142em nastawiony pozytywnie, wspomnienie tej wizyty tak mnie nie nastraja. 9 czerwca Jan Paw\u0142em II mia\u0142 by\u0107 w Tarnowie, na to spotkanie mia\u0142em jecha\u0107 z moj\u0105 dziewczyn\u0105 Majk\u0105. [&hellip;]<\/p>\n","protected":false},"author":1,"featured_media":1153,"comment_status":"open","ping_status":"open","sticky":false,"template":"","format":"standard","meta":{"_jetpack_memberships_contains_paid_content":false,"footnotes":""},"categories":[4],"tags":[172],"class_list":["post-1152","post","type-post","status-publish","format-standard","has-post-thumbnail","hentry","category-daty-i-fakty-blog","tag-papiez-w-tarnowie-blog"],"jetpack_sharing_enabled":true,"jetpack_featured_media_url":"https:\/\/htb.com.pl\/wp-content\/uploads\/2018\/07\/Tarn\u00f3wP.jpg","_links":{"self":[{"href":"https:\/\/htb.com.pl\/index.php?rest_route=\/wp\/v2\/posts\/1152","targetHints":{"allow":["GET"]}}],"collection":[{"href":"https:\/\/htb.com.pl\/index.php?rest_route=\/wp\/v2\/posts"}],"about":[{"href":"https:\/\/htb.com.pl\/index.php?rest_route=\/wp\/v2\/types\/post"}],"author":[{"embeddable":true,"href":"https:\/\/htb.com.pl\/index.php?rest_route=\/wp\/v2\/users\/1"}],"replies":[{"embeddable":true,"href":"https:\/\/htb.com.pl\/index.php?rest_route=%2Fwp%2Fv2%2Fcomments&post=1152"}],"version-history":[{"count":17,"href":"https:\/\/htb.com.pl\/index.php?rest_route=\/wp\/v2\/posts\/1152\/revisions"}],"predecessor-version":[{"id":86804,"href":"https:\/\/htb.com.pl\/index.php?rest_route=\/wp\/v2\/posts\/1152\/revisions\/86804"}],"wp:featuredmedia":[{"embeddable":true,"href":"https:\/\/htb.com.pl\/index.php?rest_route=\/wp\/v2\/media\/1153"}],"wp:attachment":[{"href":"https:\/\/htb.com.pl\/index.php?rest_route=%2Fwp%2Fv2%2Fmedia&parent=1152"}],"wp:term":[{"taxonomy":"category","embeddable":true,"href":"https:\/\/htb.com.pl\/index.php?rest_route=%2Fwp%2Fv2%2Fcategories&post=1152"},{"taxonomy":"post_tag","embeddable":true,"href":"https:\/\/htb.com.pl\/index.php?rest_route=%2Fwp%2Fv2%2Ftags&post=1152"}],"curies":[{"name":"wp","href":"https:\/\/api.w.org\/{rel}","templated":true}]}}