{"id":115411,"date":"2025-01-12T13:31:30","date_gmt":"2025-01-12T13:31:30","guid":{"rendered":"https:\/\/htb.com.pl\/?p=115411"},"modified":"2025-01-13T13:23:03","modified_gmt":"2025-01-13T13:23:03","slug":"wojna-w-ukrainie","status":"publish","type":"post","link":"https:\/\/htb.com.pl\/?p=115411","title":{"rendered":"\u00a0Wojna w Ukrainie"},"content":{"rendered":"\n<p><\/p>\n\n\n\n<p><\/p>\n\n\n\n<figure class=\"wp-block-image size-thumbnail\"><a href=\"https:\/\/htb.com.pl\/wp-content\/uploads\/2025\/01\/Wojna-w-Ukrainie.mp3\"><img loading=\"lazy\" decoding=\"async\" width=\"150\" height=\"150\" src=\"https:\/\/htb.com.pl\/wp-content\/uploads\/2018\/04\/posluchaj-150x150.jpg\" alt=\"\" class=\"wp-image-2020\" srcset=\"https:\/\/htb.com.pl\/wp-content\/uploads\/2018\/04\/posluchaj-150x150.jpg 150w, https:\/\/htb.com.pl\/wp-content\/uploads\/2018\/04\/posluchaj-300x300.jpg 300w, https:\/\/htb.com.pl\/wp-content\/uploads\/2018\/04\/posluchaj-100x100.jpg 100w\" sizes=\"auto, (max-width: 150px) 100vw, 150px\" \/><\/a><\/figure>\n\n\n\n<p>W Radiu Maria od pocz\u0105tku pe\u0142noskalowego konfliktu w Ukrainie, w samo po\u0142udnie nadajemy audycj\u0119 \u201eP\u00f3\u0142 godziny dla Ukrainy\u201d. Sta\u0142ym elementem jest hymn Ukrainy, gdzie w tle s\u0142ycha\u0107 odg\u0142osy walk i informacje z frontu. W\u0142a\u015bnie nagra\u0142em 1054 dzie\u0144 walk w Ukrainie.<\/p>\n\n\n\n<p>&nbsp; Sytuacja na froncie jest z\u0142a. Ale to nie front zdecyduje, czy Ukraina w Unii Europejskiej oficjalnie zatryumfuje. O to bowiem toczy si\u0119 ta walka. Ukraina po cz\u0119\u015bci ju\u017c wygra\u0142a, bo wi\u0119kszo\u015b\u0107 przyw\u00f3dc\u00f3w pa\u0144stw unijnych do siebie przekona\u0142a. Niestety &#8211; unia to demokracja i sytuacja, jak chodzi o poparcie dla cz\u0142onkowstwa Ukrainy w UE b\u0119dzie si\u0119 zmienia\u0142a.<\/p>\n\n\n\n<p>&nbsp; Ju\u017c raz Ukraina \u015bwiatowym przyw\u00f3dcom zaufa\u0142a, gdy na mocy Memorandum Budapeszta\u0144skiego ze swego potencja\u0142u j\u0105drowego zrezygnowa\u0142a. <a href=\"http:\/\/radiomaria.com.pl\/wp-content\/uploads\/2025\/01\/08.01.-Porozumienie-Budapesztanskie.mp3\"><img loading=\"lazy\" decoding=\"async\" width=\"150\" height=\"100\" class=\"wp-image-115417\" style=\"width: 150px;\" src=\"https:\/\/htb.com.pl\/wp-content\/uploads\/2025\/01\/Budapesztanskie.png\" alt=\"\" srcset=\"https:\/\/htb.com.pl\/wp-content\/uploads\/2025\/01\/Budapesztanskie.png 827w, https:\/\/htb.com.pl\/wp-content\/uploads\/2025\/01\/Budapesztanskie-300x200.png 300w, https:\/\/htb.com.pl\/wp-content\/uploads\/2025\/01\/Budapesztanskie-768x513.png 768w, https:\/\/htb.com.pl\/wp-content\/uploads\/2025\/01\/Budapesztanskie-600x400.png 600w\" sizes=\"auto, (max-width: 150px) 100vw, 150px\" \/><\/a> Teraz na Niemcy <a href=\"http:\/\/radiomaria.com.pl\/wp-content\/uploads\/2023\/03\/07.01.Amunicja-do-Gepardow.mp3\"><img loading=\"lazy\" decoding=\"async\" width=\"150\" height=\"84\" class=\"wp-image-115413\" style=\"width: 150px;\" src=\"https:\/\/htb.com.pl\/wp-content\/uploads\/2025\/01\/Gepardmaly.png\" alt=\"\" srcset=\"https:\/\/htb.com.pl\/wp-content\/uploads\/2025\/01\/Gepardmaly.png 984w, https:\/\/htb.com.pl\/wp-content\/uploads\/2025\/01\/Gepardmaly-300x169.png 300w, https:\/\/htb.com.pl\/wp-content\/uploads\/2025\/01\/Gepardmaly-768x432.png 768w, https:\/\/htb.com.pl\/wp-content\/uploads\/2025\/01\/Gepardmaly-600x338.png 600w\" sizes=\"auto, (max-width: 150px) 100vw, 150px\" \/><\/a> i partner\u00f3w z porozumienia w Ramsztein Ukrai\u0144cy postawili\u2026 <a href=\"http:\/\/radiomaria.com.pl\/wp-content\/uploads\/2025\/01\/0901.-Zalenski-w-Ramstein.mp3\"><img loading=\"lazy\" decoding=\"async\" width=\"150\" height=\"84\" class=\"wp-image-115415\" style=\"width: 150px;\" src=\"https:\/\/htb.com.pl\/wp-content\/uploads\/2025\/01\/Ramsteinmaly.png\" alt=\"\" srcset=\"https:\/\/htb.com.pl\/wp-content\/uploads\/2025\/01\/Ramsteinmaly.png 981w, https:\/\/htb.com.pl\/wp-content\/uploads\/2025\/01\/Ramsteinmaly-300x168.png 300w, https:\/\/htb.com.pl\/wp-content\/uploads\/2025\/01\/Ramsteinmaly-768x431.png 768w, https:\/\/htb.com.pl\/wp-content\/uploads\/2025\/01\/Ramsteinmaly-600x336.png 600w\" sizes=\"auto, (max-width: 150px) 100vw, 150px\" \/><\/a> Czego\u015b si\u0119 jednak nauczyli \u2013 propagandzie Putina nie uwierzyli. Polacy uwierzyli \u2013 najch\u0119tniej UE by opu\u015bcili.<\/p>\n\n\n\n<p>&nbsp; W 1772 roku na Caryc\u0119 Katarzyn\u0119 II zwan\u0105 Wielk\u0105 \u017ce\u015bmy postawili i Polsk\u0119 stracili. Ukrai\u0144cy 3 lata p\u00f3\u017aniej nasz los podzielili, ale oni zbrojnie si\u0119 postawili &#8211; i dopiero dzi\u015b i te\u017c z broni\u0105 w r\u0119ku tak naprawd\u0119 si\u0119 odrodzili. Dla Radia MARIA zwyci\u0119\u017cyli.<\/p>\n","protected":false},"excerpt":{"rendered":"<p>W Radiu Maria od pocz\u0105tku pe\u0142noskalowego konfliktu w Ukrainie, w samo po\u0142udnie nadajemy audycj\u0119 \u201eP\u00f3\u0142 godziny dla Ukrainy\u201d. Sta\u0142ym elementem jest hymn Ukrainy, gdzie w tle s\u0142ycha\u0107 odg\u0142osy walk i informacje z frontu. W\u0142a\u015bnie nagra\u0142em 1054 dzie\u0144 walk w Ukrainie. &nbsp; Sytuacja na froncie jest z\u0142a. Ale to nie front zdecyduje, czy Ukraina w Unii [&hellip;]<\/p>\n","protected":false},"author":1,"featured_media":115419,"comment_status":"open","ping_status":"open","sticky":false,"template":"","format":"standard","meta":{"_jetpack_memberships_contains_paid_content":false,"footnotes":""},"categories":[4],"tags":[],"class_list":["post-115411","post","type-post","status-publish","format-standard","has-post-thumbnail","hentry","category-daty-i-fakty-blog"],"jetpack_sharing_enabled":true,"jetpack_featured_media_url":"https:\/\/htb.com.pl\/wp-content\/uploads\/2025\/01\/22311366.jpg","_links":{"self":[{"href":"https:\/\/htb.com.pl\/index.php?rest_route=\/wp\/v2\/posts\/115411","targetHints":{"allow":["GET"]}}],"collection":[{"href":"https:\/\/htb.com.pl\/index.php?rest_route=\/wp\/v2\/posts"}],"about":[{"href":"https:\/\/htb.com.pl\/index.php?rest_route=\/wp\/v2\/types\/post"}],"author":[{"embeddable":true,"href":"https:\/\/htb.com.pl\/index.php?rest_route=\/wp\/v2\/users\/1"}],"replies":[{"embeddable":true,"href":"https:\/\/htb.com.pl\/index.php?rest_route=%2Fwp%2Fv2%2Fcomments&post=115411"}],"version-history":[{"count":5,"href":"https:\/\/htb.com.pl\/index.php?rest_route=\/wp\/v2\/posts\/115411\/revisions"}],"predecessor-version":[{"id":115464,"href":"https:\/\/htb.com.pl\/index.php?rest_route=\/wp\/v2\/posts\/115411\/revisions\/115464"}],"wp:featuredmedia":[{"embeddable":true,"href":"https:\/\/htb.com.pl\/index.php?rest_route=\/wp\/v2\/media\/115419"}],"wp:attachment":[{"href":"https:\/\/htb.com.pl\/index.php?rest_route=%2Fwp%2Fv2%2Fmedia&parent=115411"}],"wp:term":[{"taxonomy":"category","embeddable":true,"href":"https:\/\/htb.com.pl\/index.php?rest_route=%2Fwp%2Fv2%2Fcategories&post=115411"},{"taxonomy":"post_tag","embeddable":true,"href":"https:\/\/htb.com.pl\/index.php?rest_route=%2Fwp%2Fv2%2Ftags&post=115411"}],"curies":[{"name":"wp","href":"https:\/\/api.w.org\/{rel}","templated":true}]}}