{"id":115729,"date":"2025-01-19T11:11:23","date_gmt":"2025-01-19T11:11:23","guid":{"rendered":"https:\/\/htb.com.pl\/?p=115729"},"modified":"2025-01-19T11:33:59","modified_gmt":"2025-01-19T11:33:59","slug":"przywracanie-okresu-przedsolidarnosciowego","status":"publish","type":"post","link":"https:\/\/htb.com.pl\/?p=115729","title":{"rendered":"Przywracanie okresu Przedsolidarno\u015bciowego"},"content":{"rendered":"\n<p><\/p>\n\n\n\n<p><\/p>\n\n\n\n<p>Elektrownia J\u0105drowa w \u017barnowcu dzi\u015b<\/p>\n\n\n\n<figure class=\"wp-block-image size-thumbnail\"><a href=\"https:\/\/htb.com.pl\/wp-content\/uploads\/2025\/01\/Przywracanie-okresu-Przedsolidarnosciowego.mp3\"><img loading=\"lazy\" decoding=\"async\" width=\"150\" height=\"150\" src=\"https:\/\/htb.com.pl\/wp-content\/uploads\/2018\/04\/posluchaj-150x150.jpg\" alt=\"\" class=\"wp-image-2020\" srcset=\"https:\/\/htb.com.pl\/wp-content\/uploads\/2018\/04\/posluchaj-150x150.jpg 150w, https:\/\/htb.com.pl\/wp-content\/uploads\/2018\/04\/posluchaj-300x300.jpg 300w, https:\/\/htb.com.pl\/wp-content\/uploads\/2018\/04\/posluchaj-100x100.jpg 100w\" sizes=\"auto, (max-width: 150px) 100vw, 150px\" \/><\/a><\/figure>\n\n\n\n<p><\/p>\n\n\n\n<p><\/p>\n\n\n\n<p>Wznowienie programu j\u0105drowego <em><a href=\"http:\/\/radiomaria.com.pl\/wp-content\/uploads\/2025\/01\/19.01.Wrotce-zdecydujemy-czy-przezyjemy.mp3\"><img loading=\"lazy\" decoding=\"async\" width=\"150\" height=\"84\" class=\"wp-image-115740\" style=\"width: 150px;\" src=\"https:\/\/htb.com.pl\/wp-content\/uploads\/2025\/01\/ReferendumNawrockiegomaly.png\" alt=\"\" srcset=\"https:\/\/htb.com.pl\/wp-content\/uploads\/2025\/01\/ReferendumNawrockiegomaly.png 987w, https:\/\/htb.com.pl\/wp-content\/uploads\/2025\/01\/ReferendumNawrockiegomaly-300x168.png 300w, https:\/\/htb.com.pl\/wp-content\/uploads\/2025\/01\/ReferendumNawrockiegomaly-768x430.png 768w, https:\/\/htb.com.pl\/wp-content\/uploads\/2025\/01\/ReferendumNawrockiegomaly-600x336.png 600w\" sizes=\"auto, (max-width: 150px) 100vw, 150px\" \/><\/a><\/em> i rezygnacja z katolicyzmu narodowego, <a href=\"http:\/\/radiomaria.com.pl\/wp-content\/uploads\/2025\/01\/19.01-jedna-godzina-religii.mp3\"><img loading=\"lazy\" decoding=\"async\" width=\"150\" height=\"84\" class=\"wp-image-115744\" style=\"width: 150px;\" src=\"https:\/\/htb.com.pl\/wp-content\/uploads\/2025\/01\/Religia-jednamaly.png\" alt=\"\" srcset=\"https:\/\/htb.com.pl\/wp-content\/uploads\/2025\/01\/Religia-jednamaly.png 964w, https:\/\/htb.com.pl\/wp-content\/uploads\/2025\/01\/Religia-jednamaly-300x168.png 300w, https:\/\/htb.com.pl\/wp-content\/uploads\/2025\/01\/Religia-jednamaly-768x430.png 768w, https:\/\/htb.com.pl\/wp-content\/uploads\/2025\/01\/Religia-jednamaly-600x336.png 600w\" sizes=\"auto, (max-width: 150px) 100vw, 150px\" \/><\/a> to dwa najwa\u017cniejsze zadania dla Narodu Polskiego. Tylko tak naszym dzieciom i wnukom pomo\u017cemy \u2013 bo to Oni musz\u0105 sprawi\u0107, \u017ce jako Polska nadal b\u0119dziemy.<\/p>\n\n\n\n<p>&nbsp; W wyborach 15 pa\u017adziernika dobrze si\u0119 wybra\u0142o \u2013 na mniejsze z\u0142o si\u0119 zag\u0142osowa\u0142o i inflacj\u0119 ustabilizowa\u0142o. <a href=\"http:\/\/radiomaria.com.pl\/wp-content\/uploads\/2025\/01\/14.01Idzie-w-dobra-strone.mp3\"><img loading=\"lazy\" decoding=\"async\" width=\"150\" height=\"75\" class=\"wp-image-115732\" style=\"width: 150px;\" src=\"https:\/\/htb.com.pl\/wp-content\/uploads\/2025\/01\/Kandydacimaly.png\" alt=\"\" srcset=\"https:\/\/htb.com.pl\/wp-content\/uploads\/2025\/01\/Kandydacimaly.png 994w, https:\/\/htb.com.pl\/wp-content\/uploads\/2025\/01\/Kandydacimaly-300x150.png 300w, https:\/\/htb.com.pl\/wp-content\/uploads\/2025\/01\/Kandydacimaly-768x384.png 768w, https:\/\/htb.com.pl\/wp-content\/uploads\/2025\/01\/Kandydacimaly-600x300.png 600w\" sizes=\"auto, (max-width: 150px) 100vw, 150px\" \/><\/a> Teraz w wyborach prezydenckich trzeba dobrze zag\u0142osowa\u0107, zmiany w NBP spowodowa\u0107. To obni\u017cenie st\u00f3p procentowych sprawi i nasze finanse naprawi.&nbsp;&nbsp;<\/p>\n\n\n\n<figure class=\"wp-block-image size-full\"><a href=\"http:\/\/radiomaria.com.pl\/wp-content\/uploads\/2023\/03\/15.01.Handel-w-niedziele.mp3\"><img loading=\"lazy\" decoding=\"async\" width=\"447\" height=\"873\" src=\"https:\/\/htb.com.pl\/wp-content\/uploads\/2025\/01\/Kredyty.png\" alt=\"\" class=\"wp-image-115736\" srcset=\"https:\/\/htb.com.pl\/wp-content\/uploads\/2025\/01\/Kredyty.png 447w, https:\/\/htb.com.pl\/wp-content\/uploads\/2025\/01\/Kredyty-154x300.png 154w\" sizes=\"auto, (max-width: 447px) 100vw, 447px\" \/><\/a><\/figure>\n\n\n\n<p>Kredyty hipoteczne to mechanizm, kt\u00f3ry wydajno\u015b\u0107 i dyscyplin\u0119 pracy poprawia, a wysoki koszt tego kredytu sprawia, \u017ce poprzez prac\u0119 zbyt ma\u0142a cz\u0119\u015b\u0107 Polak\u00f3w sw\u00f3j byt poprawia. Wi\u0119ksza cz\u0119\u015b\u0107 na socjal stawia, a to finans\u00f3w nie naprawia.<\/p>\n\n\n\n<p>&nbsp; Ukrai\u0144cy, kt\u00f3rzy zawsze nam zazdro\u015bcili, \u017ce dzi\u0119ki Ignacemu Janowi Paderewskiemu&nbsp; po I wojnie \u015bwiatowej wolno\u015b\u0107 dla Polski \u017ce\u015bmy zdobyli, teraz pokazali, \u017ce ich serca melodi\u0119 Menueta G-Dur op. 14, nr 1 Paderewskiego zawsze gra\u0142y. <a href=\"http:\/\/radiomaria.com.pl\/wp-content\/uploads\/2025\/01\/1701WojnawUkrainie.mp3\"><img loading=\"lazy\" decoding=\"async\" width=\"150\" height=\"81\" class=\"wp-image-115738\" style=\"width: 150px;\" src=\"https:\/\/htb.com.pl\/wp-content\/uploads\/2025\/01\/WojnawUkrainie.png\" alt=\"\" srcset=\"https:\/\/htb.com.pl\/wp-content\/uploads\/2025\/01\/WojnawUkrainie.png 460w, https:\/\/htb.com.pl\/wp-content\/uploads\/2025\/01\/WojnawUkrainie-300x162.png 300w\" sizes=\"auto, (max-width: 150px) 100vw, 150px\" \/><\/a> I mo\u017ce to dlatego Kury\u0142\u00f3wka, miejsce urodzenia Paderewskiego, po tym, jak w 1939 roku rz\u0105dz\u0105ca Polsk\u0105 Sanacja zwia\u0142a, po ukrai\u0144skiej stronie zosta\u0142a. Teraz, gdy Ukraina cz\u0119\u015bci\u0105 Unii Europejskiej praktycznie si\u0119 sta\u0142a, <a href=\"http:\/\/radiomaria.com.pl\/wp-content\/uploads\/2025\/01\/15.01.Ukraina-bliska-osiagniecia-swego-celu-politycznego.mp3\"><img loading=\"lazy\" decoding=\"async\" width=\"150\" height=\"68\" class=\"wp-image-115734\" style=\"width: 150px;\" src=\"https:\/\/htb.com.pl\/wp-content\/uploads\/2025\/01\/Chwala-Ukrainie.png\" alt=\"\" srcset=\"https:\/\/htb.com.pl\/wp-content\/uploads\/2025\/01\/Chwala-Ukrainie.png 557w, https:\/\/htb.com.pl\/wp-content\/uploads\/2025\/01\/Chwala-Ukrainie-300x136.png 300w\" sizes=\"auto, (max-width: 150px) 100vw, 150px\" \/><\/a> Kury\u0142\u00f3wka na nowo do wolnego \u015bwiata b\u0119dzie nale\u017ca\u0142a.<\/p>\n\n\n\n<p>   Dobrze by by\u0142o, aby nasza klasa polityczna, kt\u00f3ra w wi\u0119kszo\u015bci Sanacj\u0119 za wz\u00f3r sobie obra\u0142a, o tym pami\u0119ta\u0142a.<\/p>\n","protected":false},"excerpt":{"rendered":"<p>Elektrownia J\u0105drowa w \u017barnowcu dzi\u015b Wznowienie programu j\u0105drowego i rezygnacja z katolicyzmu narodowego, to dwa najwa\u017cniejsze zadania dla Narodu Polskiego. Tylko tak naszym dzieciom i wnukom pomo\u017cemy \u2013 bo to Oni musz\u0105 sprawi\u0107, \u017ce jako Polska nadal b\u0119dziemy. &nbsp; W wyborach 15 pa\u017adziernika dobrze si\u0119 wybra\u0142o \u2013 na mniejsze z\u0142o si\u0119 zag\u0142osowa\u0142o i inflacj\u0119 ustabilizowa\u0142o. [&hellip;]<\/p>\n","protected":false},"author":1,"featured_media":115728,"comment_status":"open","ping_status":"open","sticky":false,"template":"","format":"standard","meta":{"_jetpack_memberships_contains_paid_content":false,"footnotes":""},"categories":[4],"tags":[],"class_list":["post-115729","post","type-post","status-publish","format-standard","has-post-thumbnail","hentry","category-daty-i-fakty-blog"],"jetpack_sharing_enabled":true,"jetpack_featured_media_url":"https:\/\/htb.com.pl\/wp-content\/uploads\/2025\/01\/Elektrownia-JadrowaZarnowiec.jpg","_links":{"self":[{"href":"https:\/\/htb.com.pl\/index.php?rest_route=\/wp\/v2\/posts\/115729","targetHints":{"allow":["GET"]}}],"collection":[{"href":"https:\/\/htb.com.pl\/index.php?rest_route=\/wp\/v2\/posts"}],"about":[{"href":"https:\/\/htb.com.pl\/index.php?rest_route=\/wp\/v2\/types\/post"}],"author":[{"embeddable":true,"href":"https:\/\/htb.com.pl\/index.php?rest_route=\/wp\/v2\/users\/1"}],"replies":[{"embeddable":true,"href":"https:\/\/htb.com.pl\/index.php?rest_route=%2Fwp%2Fv2%2Fcomments&post=115729"}],"version-history":[{"count":12,"href":"https:\/\/htb.com.pl\/index.php?rest_route=\/wp\/v2\/posts\/115729\/revisions"}],"predecessor-version":[{"id":115750,"href":"https:\/\/htb.com.pl\/index.php?rest_route=\/wp\/v2\/posts\/115729\/revisions\/115750"}],"wp:featuredmedia":[{"embeddable":true,"href":"https:\/\/htb.com.pl\/index.php?rest_route=\/wp\/v2\/media\/115728"}],"wp:attachment":[{"href":"https:\/\/htb.com.pl\/index.php?rest_route=%2Fwp%2Fv2%2Fmedia&parent=115729"}],"wp:term":[{"taxonomy":"category","embeddable":true,"href":"https:\/\/htb.com.pl\/index.php?rest_route=%2Fwp%2Fv2%2Fcategories&post=115729"},{"taxonomy":"post_tag","embeddable":true,"href":"https:\/\/htb.com.pl\/index.php?rest_route=%2Fwp%2Fv2%2Ftags&post=115729"}],"curies":[{"name":"wp","href":"https:\/\/api.w.org\/{rel}","templated":true}]}}