{"id":116061,"date":"2025-01-26T13:02:50","date_gmt":"2025-01-26T13:02:50","guid":{"rendered":"https:\/\/htb.com.pl\/?p=116061"},"modified":"2025-01-26T13:57:37","modified_gmt":"2025-01-26T13:57:37","slug":"jeszcze-europa-nie-zginela","status":"publish","type":"post","link":"https:\/\/htb.com.pl\/?p=116061","title":{"rendered":"Jeszcze Europa nie zgin\u0119\u0142a"},"content":{"rendered":"\n<figure class=\"wp-block-image size-full\"><img loading=\"lazy\" decoding=\"async\" width=\"672\" height=\"446\" src=\"https:\/\/htb.com.pl\/wp-content\/uploads\/2025\/01\/Europa.png\" alt=\"\" class=\"wp-image-116075\" srcset=\"https:\/\/htb.com.pl\/wp-content\/uploads\/2025\/01\/Europa.png 672w, https:\/\/htb.com.pl\/wp-content\/uploads\/2025\/01\/Europa-300x199.png 300w, https:\/\/htb.com.pl\/wp-content\/uploads\/2025\/01\/Europa-600x398.png 600w\" sizes=\"auto, (max-width: 672px) 100vw, 672px\" \/><\/figure>\n\n\n\n<p><\/p>\n\n\n\n<figure class=\"wp-block-image size-thumbnail\"><a href=\"https:\/\/htb.com.pl\/wp-content\/uploads\/2025\/01\/Jeszcze-Europa-nie-zginela.mp3\"><img loading=\"lazy\" decoding=\"async\" width=\"150\" height=\"150\" src=\"https:\/\/htb.com.pl\/wp-content\/uploads\/2018\/04\/posluchaj-150x150.jpg\" alt=\"\" class=\"wp-image-2020\" srcset=\"https:\/\/htb.com.pl\/wp-content\/uploads\/2018\/04\/posluchaj-150x150.jpg 150w, https:\/\/htb.com.pl\/wp-content\/uploads\/2018\/04\/posluchaj-300x300.jpg 300w, https:\/\/htb.com.pl\/wp-content\/uploads\/2018\/04\/posluchaj-100x100.jpg 100w\" sizes=\"auto, (max-width: 150px) 100vw, 150px\" \/><\/a><\/figure>\n\n\n\n<p>Tytu\u0142 to s\u0142owa Donalda Tuska w Parlamencie Europejskim. <a href=\"http:\/\/radiomaria.com.pl\/wp-content\/uploads\/2025\/01\/22.01.Jeszcze-Europa-nie-zginela.mp3\"><img loading=\"lazy\" decoding=\"async\" width=\"150\" height=\"79\" class=\"wp-image-116066\" style=\"width: 150px;\" src=\"https:\/\/htb.com.pl\/wp-content\/uploads\/2025\/01\/Jeszcze.png\" alt=\"\" srcset=\"https:\/\/htb.com.pl\/wp-content\/uploads\/2025\/01\/Jeszcze.png 978w, https:\/\/htb.com.pl\/wp-content\/uploads\/2025\/01\/Jeszcze-300x157.png 300w, https:\/\/htb.com.pl\/wp-content\/uploads\/2025\/01\/Jeszcze-768x403.png 768w, https:\/\/htb.com.pl\/wp-content\/uploads\/2025\/01\/Jeszcze-850x450.png 850w, https:\/\/htb.com.pl\/wp-content\/uploads\/2025\/01\/Jeszcze-600x315.png 600w\" sizes=\"auto, (max-width: 150px) 100vw, 150px\" \/><\/a> Tak cz\u0142owiek, kt\u00f3remu polski populizm uda\u0142o si\u0119 pokona\u0107, europejskich libera\u0142\u00f3w pr\u00f3buje do siebie przekona\u0107. W Stanach Zjednoczonych demokratom si\u0119 nie uda\u0142o \u2013 <a href=\"http:\/\/radiomaria.com.pl\/wp-content\/uploads\/2025\/01\/21.01.-Donald-Trump-zaprzysiezony.mp3\"><img loading=\"lazy\" decoding=\"async\" width=\"150\" height=\"100\" class=\"wp-image-116064\" style=\"width: 150px;\" src=\"https:\/\/htb.com.pl\/wp-content\/uploads\/2025\/01\/Zaprzysiezaniemaly.png\" alt=\"\" srcset=\"https:\/\/htb.com.pl\/wp-content\/uploads\/2025\/01\/Zaprzysiezaniemaly.png 972w, https:\/\/htb.com.pl\/wp-content\/uploads\/2025\/01\/Zaprzysiezaniemaly-300x199.png 300w, https:\/\/htb.com.pl\/wp-content\/uploads\/2025\/01\/Zaprzysiezaniemaly-768x510.png 768w, https:\/\/htb.com.pl\/wp-content\/uploads\/2025\/01\/Zaprzysiezaniemaly-600x398.png 600w\" sizes=\"auto, (max-width: 150px) 100vw, 150px\" \/><\/a> lepiej by by\u0142o, \u017ceby w Europie co\u015b takiego si\u0119 nie sta\u0142o. <strong>Zielony \u0142ad<\/strong> to to, co w najbli\u017cszym czasie przez wszystkie przypadki b\u0119dzie si\u0119 odmienia\u0142o i trzeba to robi\u0107 tak, \u017ceby \u017cycie na ziemi przetrwa\u0142o. Tusk to rozumie \u2013 wie, \u017ce je\u017celi populistom w\u0142adz\u0119 oddamy, jako \u015bwiat nie przetrwamy.<\/p>\n\n\n\n<p>&nbsp; Ja wiem, jak to dzia\u0142a. Widzia\u0142em, jak w 1986-87 roku Marysia na tym polu dzia\u0142a\u0142a, gdy w obronie Elektrowni J\u0105drowej w \u017barnowcu stawa\u0142a. Wtedy Polska \u00f3wczesnych populist\u00f3w pos\u0142ucha\u0142a i nasz program energetyki j\u0105drowej w zarodku zlikwidowa\u0142a. I teraz najwy\u017csze na \u015bwiecie rachunki za pr\u0105d b\u0119dzie dostawa\u0142a. A Marysia przed tym ostrzega\u0142a.<\/p>\n\n\n\n<p>&nbsp; Banda populist\u00f3w, zar\u00f3wno wtedy, jak i dzi\u015b k\u0142ama\u0142a. To cud, \u017ce pomimo to w Polsce 15 pa\u017adziernika przegra\u0142a. Ta data, to&nbsp; by\u0142a 37 rocznica \u015bmierci Marysi. Demokracja, kt\u00f3ra jest kobiet\u0105 wygra\u0142a. Marysia, gdy trudn\u0105 decyzj\u0119 podj\u0105\u0107 musia\u0142a, R\u00f3\u017caniec \u015awi\u0119ty przed obrazkiem Matki Boskiej Hodegertia (wskazuj\u0105cej drog\u0119) odmawia\u0142a. Dzi\u015b w Radiu MARIA codziennie o godzinie 22, przed takim samym obrazkiem dziesi\u0105tek R\u00f3\u017ca\u0144ca \u015awi\u0119tego odmawiamy. Ka\u017cdego, kto ma w\u0105tpliwo\u015bci, jak\u0105 drog\u0119 wybra\u0107 <strong>ZAPRASZAMY.<\/strong><\/p>\n\n\n\n<p>&nbsp; Marysia by\u0142a pochodzenia \u0142emkowskiego i wiem, \u017ce bardzo by chcia\u0142a, \u017ceby jej Ukraina krwawi\u0107 przesta\u0142a. I o to w tym tygodniu Matk\u0119 Boga Mari\u0119 poprosimy &#8211; \u017ceby decydenci <a href=\"http:\/\/radiomaria.com.pl\/wp-content\/uploads\/2025\/01\/2501WarunekpokojuwUkrainie1.mp3\"><img loading=\"lazy\" decoding=\"async\" width=\"150\" height=\"42\" class=\"wp-image-116068\" style=\"width: 150px;\" src=\"https:\/\/htb.com.pl\/wp-content\/uploads\/2025\/01\/Decydencimaly.png\" alt=\"\" srcset=\"https:\/\/htb.com.pl\/wp-content\/uploads\/2025\/01\/Decydencimaly.png 989w, https:\/\/htb.com.pl\/wp-content\/uploads\/2025\/01\/Decydencimaly-300x85.png 300w, https:\/\/htb.com.pl\/wp-content\/uploads\/2025\/01\/Decydencimaly-768x217.png 768w, https:\/\/htb.com.pl\/wp-content\/uploads\/2025\/01\/Decydencimaly-600x169.png 600w\" sizes=\"auto, (max-width: 150px) 100vw, 150px\" \/><\/a> jej d\u0142o\u0144 wskazuj\u0105c\u0105 drog\u0119 \u2013 Chrystusa zauwa\u017cyli i dobrze skr\u0119cili.<\/p>\n\n\n<div class=\"wp-block-image\">\n<figure class=\"aligncenter size-full\"><img loading=\"lazy\" decoding=\"async\" width=\"200\" height=\"272\" src=\"https:\/\/htb.com.pl\/wp-content\/uploads\/2020\/03\/Matka-Boska.jpg\" alt=\"\" class=\"wp-image-19972\"\/><figcaption class=\"wp-element-caption\"><strong>Matka Boska Hodegetria<\/strong><br>Czyli wskazuj\u0105ca drog\u0119<\/figcaption><\/figure>\n<\/div>","protected":false},"excerpt":{"rendered":"<p>Tytu\u0142 to s\u0142owa Donalda Tuska w Parlamencie Europejskim. Tak cz\u0142owiek, kt\u00f3remu polski populizm uda\u0142o si\u0119 pokona\u0107, europejskich libera\u0142\u00f3w pr\u00f3buje do siebie przekona\u0107. W Stanach Zjednoczonych demokratom si\u0119 nie uda\u0142o \u2013 lepiej by by\u0142o, \u017ceby w Europie co\u015b takiego si\u0119 nie sta\u0142o. Zielony \u0142ad to to, co w najbli\u017cszym czasie przez wszystkie przypadki b\u0119dzie si\u0119 odmienia\u0142o [&hellip;]<\/p>\n","protected":false},"author":1,"featured_media":116075,"comment_status":"open","ping_status":"open","sticky":false,"template":"","format":"standard","meta":{"_jetpack_memberships_contains_paid_content":false,"footnotes":""},"categories":[4],"tags":[1003],"class_list":["post-116061","post","type-post","status-publish","format-standard","has-post-thumbnail","hentry","category-daty-i-fakty-blog","tag-jeszcze-europa-nie-zginela"],"jetpack_sharing_enabled":true,"jetpack_featured_media_url":"https:\/\/htb.com.pl\/wp-content\/uploads\/2025\/01\/Europa.png","_links":{"self":[{"href":"https:\/\/htb.com.pl\/index.php?rest_route=\/wp\/v2\/posts\/116061","targetHints":{"allow":["GET"]}}],"collection":[{"href":"https:\/\/htb.com.pl\/index.php?rest_route=\/wp\/v2\/posts"}],"about":[{"href":"https:\/\/htb.com.pl\/index.php?rest_route=\/wp\/v2\/types\/post"}],"author":[{"embeddable":true,"href":"https:\/\/htb.com.pl\/index.php?rest_route=\/wp\/v2\/users\/1"}],"replies":[{"embeddable":true,"href":"https:\/\/htb.com.pl\/index.php?rest_route=%2Fwp%2Fv2%2Fcomments&post=116061"}],"version-history":[{"count":15,"href":"https:\/\/htb.com.pl\/index.php?rest_route=\/wp\/v2\/posts\/116061\/revisions"}],"predecessor-version":[{"id":116089,"href":"https:\/\/htb.com.pl\/index.php?rest_route=\/wp\/v2\/posts\/116061\/revisions\/116089"}],"wp:featuredmedia":[{"embeddable":true,"href":"https:\/\/htb.com.pl\/index.php?rest_route=\/wp\/v2\/media\/116075"}],"wp:attachment":[{"href":"https:\/\/htb.com.pl\/index.php?rest_route=%2Fwp%2Fv2%2Fmedia&parent=116061"}],"wp:term":[{"taxonomy":"category","embeddable":true,"href":"https:\/\/htb.com.pl\/index.php?rest_route=%2Fwp%2Fv2%2Fcategories&post=116061"},{"taxonomy":"post_tag","embeddable":true,"href":"https:\/\/htb.com.pl\/index.php?rest_route=%2Fwp%2Fv2%2Ftags&post=116061"}],"curies":[{"name":"wp","href":"https:\/\/api.w.org\/{rel}","templated":true}]}}