{"id":11630,"date":"2019-10-31T06:41:50","date_gmt":"2019-10-31T06:41:50","guid":{"rendered":"https:\/\/htb.com.pl\/?p=11630"},"modified":"2019-10-31T14:55:23","modified_gmt":"2019-10-31T14:55:23","slug":"wszystkich-swietych","status":"publish","type":"post","link":"https:\/\/htb.com.pl\/?p=11630","title":{"rendered":"Wszystkich \u015awi\u0119tych"},"content":{"rendered":"\n<p>Przepi\u0119kna polska tradycja odwiedzania grob\u00f3w bliskich, powsta\u0142a w okresie naszej niewoli, w okresie zabor\u00f3w. Zrozumieli\u015bmy, \u017ce ci co gin\u0105 za nasz\u0105 wolno\u015b\u0107 wymagaj\u0105 szczeg\u00f3lnego upami\u0119tnienia. Cmentarz w Zaklikowie, gdzie le\u017c\u0105 moi bliscy ma niezwyk\u0142y klimat. Modrzewiowy ko\u015bci\u00f3\u0142 \u015bw. Anny z 1580 roku, r\u00f3wnie stare nagrobki, nad kt\u00f3rymi pochlaj\u0105 si\u0119 brzozy i trumienne tabliczki na  zewn\u0119trznych \u015bcianach ko\u015bci\u00f3\u0142ka &#8211; tak zapami\u0119ta\u0142em  cmentarz w Moim Mie\u015bcie. <img loading=\"lazy\" decoding=\"async\" width=\"150\" height=\"200\" class=\"wp-image-11689\" style=\"width: 150px;\" src=\"https:\/\/htb.com.pl\/wp-content\/uploads\/2019\/10\/Sw-Anna.jpg\" alt=\"\" srcset=\"https:\/\/htb.com.pl\/wp-content\/uploads\/2019\/10\/Sw-Anna.jpg 720w, https:\/\/htb.com.pl\/wp-content\/uploads\/2019\/10\/Sw-Anna-225x300.jpg 225w, https:\/\/htb.com.pl\/wp-content\/uploads\/2019\/10\/Sw-Anna-600x800.jpg 600w\" sizes=\"auto, (max-width: 150px) 100vw, 150px\" \/> Te tabliczki to tradycja z czasu zabor\u00f3w, gdy car zakaza\u0142 polskoj\u0119zycznych napis\u00f3w na grobach  za udzia\u0142 Mieszka\u0144c\u00f3w Zaklikowa w walkach o wolno\u015b\u0107; Powstanie Zaklikowskie 1833,  Powstanie Styczniowe, szczeg\u00f3lnie rok 1863, gdy powsta\u0144czy oddzia\u0142 Marcina Borelowskiego &#8220;Lelewela&#8221; zaj\u0105\u0142 carskie magazyny wojskowe. Zaklik\u00f3w le\u017ca\u0142 w zaborze Austriackim ale po kl\u0119skach Napoleona znalaz\u0142 si\u0119 w granicach Ksi\u0119stwa Kongresowego, pod panowaniem rosyjskim &#8211; 1815 rok. &#8220;Historycy&#8221;, tacy w cudzys\u0142owie, wspieraj\u0105cy polityk\u00f3w bez wyobra\u017ani podaj\u0105, \u017ce Zaklik\u00f3w prawa miejskie straci\u0142 na mocy dekretu Senatu Rz\u0105dz\u0105cego 13 czerwca 1869 roku, bo nie by\u0142o pieni\u0119dzy na utrzymanie Starosty. Tu jednak tylko data si\u0119 zgadza. To podobnie jak dzi\u015b. Dzi\u015b rz\u0105dz\u0105 podobni pajace i te\u017c s\u0105 manipulowani przez Rosjan i te\u017c m\u00f3wi\u0105, \u017ce  brakuje pieni\u0119dzy dla Starosty, <a href=\"https:\/\/htb.com.pl\/?product=morawiecki-i-jego-tajemnice\"><img loading=\"lazy\" decoding=\"async\" width=\"150\" height=\"237\" class=\"wp-image-11817\" style=\"width: 150px;\" src=\"https:\/\/htb.com.pl\/wp-content\/uploads\/2019\/10\/Morawiecki.jpg\" alt=\"\" srcset=\"https:\/\/htb.com.pl\/wp-content\/uploads\/2019\/10\/Morawiecki.jpg 200w, https:\/\/htb.com.pl\/wp-content\/uploads\/2019\/10\/Morawiecki-190x300.jpg 190w\" sizes=\"auto, (max-width: 150px) 100vw, 150px\" \/><\/a> zamyka si\u0119 szko\u0142y szpitale. To ma sprawi\u0107, \u017ce wystarczy kasy dla rz\u0105dz\u0105cych. Jak uczy historia &#8211; nie wystarczy ale to rozumiej\u0105 nieliczni. Walcz\u0105 aby Polska nie zgin\u0119\u0142a, a ich walka cz\u0119sto jest anonimowa.<\/p>\n\n\n\n<p>Zapalaj\u0105c znicze na grobach bliskich prosz\u0119 pomy\u015ble\u0107 o tych, kt\u00f3rzy cz\u0119sto nawet grobu nie maj\u0105, a walczyli aby\u015bmy mogli te znicze zapala\u0107, walczyli aby tablice nagrobne nie by\u0142y pisane cyrylic\u0105. Bohaterowie S\u0142u\u017cb Specjalnych &#8211; oni cz\u0119sto w tajnych operacjach ratowali Nasz Kraj, a dzi\u015b ich akcje s\u0105 nazywane ubeckimi prowokacjami, obni\u017ca si\u0119 im emerytury. Opisuj\u0105c walk\u0119 Marysi pisz\u0119 tak, aby da\u0142o si\u0119 to czyta\u0107. Ale to tak nie wygl\u0105da\u0142o, to by\u0142a walka na \u015bmier\u0107 i \u017cycie, gdzie krew la\u0142a si\u0119 strumieniami. <\/p>\n\n\n\n<p>1986 rok, Wszystkich \u015awi\u0119tych wypada\u0142o w sobot\u0119 i dopiero w niedziel\u0119 wieczorem, w Dzie\u0144 Zaduszny spotka\u0142em si\u0119 z Marysia w Warszawie. Zapalili\u015bmy znicze na p\u0142ycie desantu <img loading=\"lazy\" decoding=\"async\" width=\"150\" height=\"98\" class=\"wp-image-1271\" style=\"width: 150px;\" src=\"https:\/\/htb.com.pl\/wp-content\/uploads\/2018\/08\/P\u0142yta-Desantu.jpg\" alt=\"\"> i pieszo wracali\u015bmy do jej mieszkania. By\u0142a noc, nagle z ciemno\u015bci wy\u0142oni\u0142y si\u0119 trzy m\u0119skie sylwetki i z okrzykiem Allahu Akbar  zaatakowa\u0142y nas. Jeden mia\u0142 n\u00f3\u017c, ja nawet nie zd\u0105\u017cy\u0142em si\u0119 przestraszy\u0107. Czeka\u0142em a\u017c Majka sko\u0144czy si\u0119 drze\u0107. Jej okrzyk, kt\u00f3ry tak cz\u0119sto s\u0142ysza\u0142em na jej treningach karate, teraz brzmia\u0142 inaczej. Jak ryk dzikiego zwierza, kt\u00f3re atakuje. Zdziwi\u0142o to napastnik\u00f3w, a Ona robi\u0142a swoje. Tego z no\u017cem kopn\u0119\u0142a  w twarz, z jego  ust buchn\u0119\u0142a krew, kolejne kopni\u0119cie w brzuch i razem z krwi\u0105 polecia\u0142y z\u0119by, Dwaj pozostali z\u0142apali  upadaj\u0105cego pod r\u0119ce i zwiali. Nie b\u00f3j si\u0119 Jasiu &#8211; jeste\u015b ze mn\u0105. D\u0142ugo mnie wtedy ca\u0142owa\u0142a, zanim odwzajemni\u0142em pieszczot\u0119. Na chodniku le\u017ca\u0142 pi\u0119kny n\u00f3\u017c, kt\u00f3ry wypad\u0142 napastnikowi z r\u0119ki. Majka podnios\u0142a i m\u00f3wi, to KA-BAR,  Amerykanie takich u\u017cywaj\u0105, b\u0119dzie do kolekcji. Czemu Muzu\u0142manin u\u017cywa ameryka\u0144skiego no\u017ca, zapyta\u0142em. Ci durnie z CIA ich szkol\u0105, kiedy\u015b b\u0119d\u0105 tego \u017ca\u0142owa\u0107. Pomy\u015bla\u0142em wtedy, \u017ce mnie wkr\u0119ca, Ona nienawidzi\u0142a Pi\u0142sudskiego i Amerykan\u00f3w, wszystko co z\u0142e w\u0142a\u015bnie im przypisywa\u0142a. Zrozumia\u0142em to wiele lat p\u00f3\u017aniej, gdy islamscy terrory\u015bci takimi w\u0142asnie no\u017cami odcinali g\u0142owy Amerykanom ale r\u00f3wnie\u017c Europejczykom &#8211; tak w 2008 roku w Afganistanie zgin\u0105 Polak, Piotr Sta\u0144czak, zabili go Talibowie. Ten mord sprawi\u0142, \u017ce zrozumia\u0142em kim by\u0142a Marysia i jak wielk\u0105 strat\u0105 dla Polski, a nie tylko dla mnie by\u0142a jej przedwczesna \u015bmier\u0107. Gdyby \u017cy\u0142a to nie Lech Kaczy\u0144ski jako prezydent i Donald Tusk jako premier, czyli polityce bez wyobra\u017ani zajmowaliby si\u0119 uwolnieniem zak\u0142adnika z r\u0105k Talib\u00f3w. Trudno mi sobie wr\u0119cz wyobrazi\u0107, aby  terrory\u015bci wiedz\u0105c, \u017ce maj\u0105 rodaka major Mari, mieliby odwag\u0119 go przetrzymywa\u0107, \u017c\u0105da\u0107 od niego zmiany wiary. a co dopiero zabi\u0107.<\/p>\n\n\n\n<p>Lider d\u017cichadystycznego Pa\u0144stwa Islamskiego (IS) Abu Bakar al-Bagdadi, kt\u00f3ry &#8220;zyska\u0142 s\u0142aw\u0119&#8221; obcinaj\u0105c g\u0142owy, w\u0142a\u015bnie zosta\u0142 zabity. Bra\u0142y w tym udzia\u0142 s\u0142u\u017cby specjalne USA, Rosji, Turcji, Syrii, Iraku oraz Kurdowie. S\u0142uchaj\u0105c g\u0142upot jakie codziennie m\u00f3wi\u0105 nam politycy, otrzymujemy przekaz, \u017ce  s\u0142u\u017cby tych pa\u0144stw s\u0105 cz\u0119sto wrogie wobec siebie. Teraz jeden z tych polityk\u00f3w, Donald Trump, prezydent USA, chwali si\u0119 sukcesem komandos\u00f3w. <a href=\"https:\/\/htb.com.pl\/?p=2793\">Marysia w Sylwestra 1986 m\u00f3wi\u0142a do ch\u0142opak\u00f3w z razwietputa; <\/a><em><a href=\"https:\/\/htb.com.pl\/?p=2793\">&#8220;Je\u017celi musimy walczy\u0107, to walczmy ze z\u0142em, ono jest na wschodzie i na zachodzie&#8221;<\/a><\/em><a href=\"https:\/\/htb.com.pl\/?p=2793\">. <\/a>Czy\u017cby tym razem jej pos\u0142uchano? Je\u017celi tak, to Nasz \u015awiat nie zginie &#8211; dobro zwyci\u0119\u017cy, bo nawet jak z\u0142o zostanie pokonane z\u0142em, to zostanie pokonane.  <\/p>\n\n\n\n<p>Gdy wtedy w tamten okropny Dzie\u0144 Zaduszny dotarli\u015bmy do mieszkania, Majka od\u0142o\u017cy\u0142a n\u00f3\u017c do pude\u0142ka po butach, kt\u00f3re by\u0142o prawie pe\u0142ne no\u017cy. Obok r\u00f3wnie pe\u0142ne sta\u0142o pude\u0142ko z jej medalami. Pomy\u015bla\u0142em, \u017ce te no\u017ce musz\u0105 by\u0107 dla niej wa\u017cne. Nie wszyscy mieli tyle szcz\u0119\u015bcia co ten dzi\u015b, powiedzia\u0142a. Zapali\u0142a spirytus w kieliszku, nala\u0142a dwa dla nas i ukl\u0119kn\u0119\u0142a do modlitwy. Odm\u00f3wmy r\u00f3\u017caniec za tych, co &#8211; walczyli ze z\u0142em, a teraz ich nie ma.  <em>\u201cZdrowa\u015b&nbsp;<strong>Mario<\/strong>, \u0142aski pe\u0142na, Pan z Tob\u0105, b\u0142ogos\u0142awiona\u015b Ty mi\u0119dzy niewiastami i b\u0142ogos\u0142awiony owoc \u017cywota Twojego, Jezus. \u015awi\u0119ta&nbsp;<\/em><strong>Mario<\/strong>,<em>&nbsp;Matko Bo\u017ca, m\u00f3dl si\u0119 za nami grzesznymi teraz i w godzin\u0119 \u015bmierci naszej. Amen\u201d<\/em>.&nbsp; Tak modli\u0142a si\u0119 Marysia, dla niej wiara to mi\u0142o\u015b\u0107 do bli\u017aniego, nawet tego co j\u0105 no\u017cem atakowa\u0142, mi\u0142o\u015b\u0107, kt\u00f3ra wyst\u0119puje we wszystkich wierzeniach ale Maria Matka Boga tylko w Chrze\u015bcija\u0144stwie jest tak czczona. Marysia by\u0142a dumna, \u017ce nosi\u0142a jej imi\u0119 &#8211; <strong>Maria! <\/strong>Dzi\u015b kultywuj\u0119 t\u0105 jej tradycj\u0119, zamiast spirytusu zapalam \u015bwiec\u0119 konopn\u0105 <a href=\"https:\/\/htb.com.pl\/?product=swieca-konopna\"><img loading=\"lazy\" decoding=\"async\" width=\"150\" height=\"150\" class=\"wp-image-5922\" style=\"width: 150px;\" src=\"https:\/\/htb.com.pl\/wp-content\/uploads\/2019\/07\/swieczka-konopna.png\" alt=\"\" srcset=\"https:\/\/htb.com.pl\/wp-content\/uploads\/2019\/07\/swieczka-konopna.png 3500w, https:\/\/htb.com.pl\/wp-content\/uploads\/2019\/07\/swieczka-konopna-150x150.png 150w, https:\/\/htb.com.pl\/wp-content\/uploads\/2019\/07\/swieczka-konopna-300x300.png 300w, https:\/\/htb.com.pl\/wp-content\/uploads\/2019\/07\/swieczka-konopna-768x768.png 768w, https:\/\/htb.com.pl\/wp-content\/uploads\/2019\/07\/swieczka-konopna-1024x1024.png 1024w, https:\/\/htb.com.pl\/wp-content\/uploads\/2019\/07\/swieczka-konopna-600x600.png 600w, https:\/\/htb.com.pl\/wp-content\/uploads\/2019\/07\/swieczka-konopna-100x100.png 100w\" sizes=\"auto, (max-width: 150px) 100vw, 150px\" \/><\/a>   j\u0105 mo\u017cna zapali\u0107 w domu, a olej konopny przypomina mi odchodzenie Marysi. To dzi\u0119ki konopiom indyjskim, w jej ostatniej godzinie mog\u0142em z ni\u0105 zata\u0144czy\u0107.<\/p>\n\n\n\n<p>Polska Wschodnia, Podkarpacie gdzie mieszkam, jest okre\u015blane bastionem PiS-u, czyli  polityk\u00f3w bez wyobra\u017ani. Cz\u0119sto s\u0142ysz\u0119, \u017ce s\u0105siedzi g\u0142osuj\u0105 tak, bo wiara katolicka jest dla nich wyznacznikiem. Chc\u0119 aby Pa\u0144stwo ci zadali sobie pytanie, czy dzi\u015b ich Modlitwa R\u00f3\u017ca\u0144cowa brzmi tak jak uczyli ich Rodzice &#8211; tak jak modli\u0142a si\u0119 Marysia? Czy wiara tych na kt\u00f3rych g\u0142osuj\u0105, to wiara ich Ojc\u00f3w, kt\u00f3ra kaza\u0142a kocha\u0107 bli\u017aniego? Starszy Pan z Godziszowa, wojew\u00f3dztwo lubelskie, gdzie ponad 88% mieszka\u0144c\u00f3w g\u0142osowa\u0142o na PiS powiedzia\u0142, \u017ce g\u0142osuje tak, bo gdyby tamci rz\u0105dzili, dzi\u015b nie by\u0142oby Polski. Od 2015 roku umiera wi\u0119cej Polak\u00f3w jak si\u0119 rodzi, wcze\u015bniej by\u0142o odwrotnie. Ilustruje to wykres.<\/p>\n\n\n\n<figure class=\"wp-block-image\"><img loading=\"lazy\" decoding=\"async\" width=\"862\" height=\"528\" src=\"https:\/\/htb.com.pl\/wp-content\/uploads\/2019\/10\/\u015arednia-\u017cycia.png\" alt=\"\" class=\"wp-image-11655\" srcset=\"https:\/\/htb.com.pl\/wp-content\/uploads\/2019\/10\/\u015arednia-\u017cycia.png 862w, https:\/\/htb.com.pl\/wp-content\/uploads\/2019\/10\/\u015arednia-\u017cycia-300x184.png 300w, https:\/\/htb.com.pl\/wp-content\/uploads\/2019\/10\/\u015arednia-\u017cycia-768x470.png 768w, https:\/\/htb.com.pl\/wp-content\/uploads\/2019\/10\/\u015arednia-\u017cycia-600x368.png 600w\" sizes=\"auto, (max-width: 862px) 100vw, 862px\" \/><\/figure>\n\n\n\n<p>Widzimy tu, \u017ce po zamachu stanu w 2015 roku \u015brednia d\u0142ugo\u015b\u0107  \u017cycia Polak\u00f3w zacz\u0119\u0142a spada\u0107, prosz\u0119 popatrze\u0107 na ten okres, kt\u00f3ry opisuj\u0119 na blogu wspominaj\u0105c Marysi\u0119, lata 1986-7. Sz\u0142o w dobr\u0105 stron\u0119, wtedy ka\u017cdy kogo\u015b si\u0119 ba\u0142, bandzior dostawa\u0142 po ryju, a dzi\u015b dostaje ochron\u0119 rz\u0105dz\u0105cych. Po \u015bmierci Marysi w 1987 roku znowu zacz\u0119\u0142o i\u015b\u0107 w z\u0142\u0105 stron\u0119 i dopiero wprowadzenie podatku VAT w 1993 roku, kt\u00f3ry Majka promowa\u0142a ju\u017c w 1986 roku sprawi\u0142o, \u017ce pojawi\u0142y si\u0119 pieni\u0105dze w bud\u017cecie pa\u0144stwa &#8211; zacz\u0119li\u015bmy \u017cy\u0107 coraz d\u0142u\u017cej. I 2015 rok, w\u0142adz\u0119 przej\u0119\u0142a &#8220;dobra zmiana&#8221; zacz\u0119\u0142o brakowa\u0107 pieni\u0119dzy dla &#8220;Starosty&#8221; (uwalono samorz\u0105dy) i wykres zakr\u0119ci\u0142 w z\u0142\u0105 stron\u0119. Pos\u0142uchajmy Marysi &#8211; bo nie b\u0119dzie Polski.<\/p>\n","protected":false},"excerpt":{"rendered":"<p>Przepi\u0119kna polska tradycja odwiedzania grob\u00f3w bliskich, powsta\u0142a w okresie naszej niewoli, w okresie zabor\u00f3w. Zrozumieli\u015bmy, \u017ce ci co gin\u0105 za nasz\u0105 wolno\u015b\u0107 wymagaj\u0105 szczeg\u00f3lnego upami\u0119tnienia. Cmentarz w Zaklikowie, gdzie le\u017c\u0105 moi bliscy ma niezwyk\u0142y klimat. Modrzewiowy ko\u015bci\u00f3\u0142 \u015bw. Anny z 1580 roku, r\u00f3wnie stare nagrobki, nad kt\u00f3rymi pochlaj\u0105 si\u0119 brzozy i trumienne tabliczki na zewn\u0119trznych [&hellip;]<\/p>\n","protected":false},"author":1,"featured_media":11823,"comment_status":"open","ping_status":"open","sticky":false,"template":"","format":"standard","meta":{"_jetpack_memberships_contains_paid_content":false,"footnotes":""},"categories":[4],"tags":[518],"class_list":["post-11630","post","type-post","status-publish","format-standard","has-post-thumbnail","hentry","category-daty-i-fakty-blog","tag-wszystkich-swietych"],"jetpack_sharing_enabled":true,"jetpack_featured_media_url":"https:\/\/htb.com.pl\/wp-content\/uploads\/2019\/10\/Surowica.jpg","_links":{"self":[{"href":"https:\/\/htb.com.pl\/index.php?rest_route=\/wp\/v2\/posts\/11630","targetHints":{"allow":["GET"]}}],"collection":[{"href":"https:\/\/htb.com.pl\/index.php?rest_route=\/wp\/v2\/posts"}],"about":[{"href":"https:\/\/htb.com.pl\/index.php?rest_route=\/wp\/v2\/types\/post"}],"author":[{"embeddable":true,"href":"https:\/\/htb.com.pl\/index.php?rest_route=\/wp\/v2\/users\/1"}],"replies":[{"embeddable":true,"href":"https:\/\/htb.com.pl\/index.php?rest_route=%2Fwp%2Fv2%2Fcomments&post=11630"}],"version-history":[{"count":30,"href":"https:\/\/htb.com.pl\/index.php?rest_route=\/wp\/v2\/posts\/11630\/revisions"}],"predecessor-version":[{"id":11840,"href":"https:\/\/htb.com.pl\/index.php?rest_route=\/wp\/v2\/posts\/11630\/revisions\/11840"}],"wp:featuredmedia":[{"embeddable":true,"href":"https:\/\/htb.com.pl\/index.php?rest_route=\/wp\/v2\/media\/11823"}],"wp:attachment":[{"href":"https:\/\/htb.com.pl\/index.php?rest_route=%2Fwp%2Fv2%2Fmedia&parent=11630"}],"wp:term":[{"taxonomy":"category","embeddable":true,"href":"https:\/\/htb.com.pl\/index.php?rest_route=%2Fwp%2Fv2%2Fcategories&post=11630"},{"taxonomy":"post_tag","embeddable":true,"href":"https:\/\/htb.com.pl\/index.php?rest_route=%2Fwp%2Fv2%2Ftags&post=11630"}],"curies":[{"name":"wp","href":"https:\/\/api.w.org\/{rel}","templated":true}]}}