{"id":116401,"date":"2025-02-02T10:17:28","date_gmt":"2025-02-02T10:17:28","guid":{"rendered":"https:\/\/htb.com.pl\/?p=116401"},"modified":"2025-02-02T11:00:44","modified_gmt":"2025-02-02T11:00:44","slug":"republikanie","status":"publish","type":"post","link":"https:\/\/htb.com.pl\/?p=116401","title":{"rendered":"Republikanie"},"content":{"rendered":"\n<p><\/p>\n\n\n\n<p><\/p>\n\n\n\n<figure class=\"wp-block-image size-thumbnail\"><a href=\"https:\/\/htb.com.pl\/wp-content\/uploads\/2025\/02\/Republikanie-1.mp3\"><img loading=\"lazy\" decoding=\"async\" width=\"150\" height=\"150\" src=\"https:\/\/htb.com.pl\/wp-content\/uploads\/2018\/04\/posluchaj-150x150.jpg\" alt=\"\" class=\"wp-image-2020\" srcset=\"https:\/\/htb.com.pl\/wp-content\/uploads\/2018\/04\/posluchaj-150x150.jpg 150w, https:\/\/htb.com.pl\/wp-content\/uploads\/2018\/04\/posluchaj-300x300.jpg 300w, https:\/\/htb.com.pl\/wp-content\/uploads\/2018\/04\/posluchaj-100x100.jpg 100w\" sizes=\"auto, (max-width: 150px) 100vw, 150px\" \/><\/a><\/figure>\n\n\n\n<p>S\u0105 r\u00f3\u017cni republikanie: polscy, francuscy \u2013 ostatnio du\u017co si\u0119 m\u00f3wi o ameryka\u0144skich, bo tam ludzie Putina Amerykan\u00f3w nabrali i ci Donalda Trumpa &#8211; republikanina na prezydenta wybrali. \u0179le si\u0119 sta\u0142o \u2013 pami\u0119tam Ronalda Reagana, te\u017c republikanina. Na\u0142o\u017cy\u0142 na Polsk\u0119 embargo i polskiej gospodarce dewiz brakowa\u0142o. Lasy si\u0119 wycina\u0142o i w tartakach na trzy zmiany pracowa\u0142o. Gdyby nie Marysia, niewiele tych las\u00f3w by zosta\u0142o. Niestety, &nbsp;po jej \u015bmierci rz\u0105dz\u0105cy nikogo ju\u017c si\u0119 nie bali i lasy powycinali. Ale nie tylko \u2013 system sadowniczy tak \u201ezreformowali\u201d, \u017ce anarchi\u0119 wywo\u0142ali. Ostatnio Suwerenna, a wcze\u015bniej Solidarna Polska si\u0119 nazywali. Zbigniewa Ziobr\u0119 na swego przyw\u00f3dc\u0119 wybierali i teraz, jak przy urnach \u017ce\u015bmy zdecydowali, \u017ce d\u0142u\u017cej oni i podobni im nie b\u0119d\u0105 nas okradali, b\u0119d\u0105 za to przed S\u0105dem odpowiadali. Troch\u0119 to potrwa, bo ci, kt\u00f3rych \u017ce\u015bmy wybrali, b\u0119d\u0105 si\u0119 nas bali i anarchii w wymiarze sprawiedliwo\u015bci nie b\u0119d\u0105 stosowali.<\/p>\n\n\n\n<p>&nbsp; Gorzej maj\u0105 Amerykanie. Trump, jako republikanin mentalnie jest w \u015aredniowieczu. Nie rozumie, czym jest kooperacja, ani demokracja. Marysia m\u00f3wi\u0142a; najpierw edukacja potem demokracja, inaczej wr\u00f3ci sanacja \u2013 czyli \u015bredniowiecze. W latach 90 ubieg\u0142ego wieku jej nie pos\u0142uchano i bez fundament\u00f3w za budow\u0119 demokracji si\u0119 zabrano. Dlatego na przyk\u0142adzie demokracji tego nie wyja\u015bnimy, mo\u017ce kooperacj\u0119 om\u00f3wimy. Pami\u0119tam, jak Marysia t\u0142umaczy\u0142a, \u017ce zdrowe finanse pa\u0144stwa, to jest jego si\u0142a. Podatki \u2013 bo o tym m\u00f3wi\u0142a. Ale \u017ceby ludno\u015b\u0107 to prze\u017cy\u0142a, trzeba, \u017ceby w miar\u0119 solidarnie te podatki p\u0142aci\u0142a. Ona na podatek obrotowy si\u0119 nie godzi\u0142a. Pami\u0119tam, jak raz wyja\u015bni\u0142a dlaczego 2 procent podatku obrotowego do ceny, to du\u017co wi\u0119cej ni\u017c 15 procent VAT-u. Wiem, \u017ce do dzi\u015b prawie nikt tego nie rozumie, wi\u0119c wyja\u015bni\u0119 na przyk\u0142adzie ostatnich decyzji Donalda Trumpa. Tam zamiast podatku obrotowego maj\u0105 by\u0107 wprowadzone c\u0142a. Kanada, Meksyk i Stany Zjednoczone kooperuj\u0105 ze sob\u0105 i to doskonale dzia\u0142a. Wprowadzenie ce\u0142 zniszczy kooperacj\u0119 i uruchomi inflacj\u0119 \u2013 wydajno\u015b\u0107 pracy b\u0119dzie spada\u0142a. Tak to dzia\u0142a. Marysia tak to wyja\u015bnia\u0142a. Je\u017celi b\u0119dziemy produkowa\u0107 traktory w jednej fabryce, podatek obrotowy niewiele zmieni w cenie takiego ci\u0105gnika. Ale, jak kupimy cz\u0119\u015bci od tysi\u0105ca dostawc\u00f3w &#8211; kooperant\u00f3w i ka\u017cdy naliczy 2 procent podatku, to&nbsp; cena traktora w post\u0119pach geometrycznych uro\u015bnie o wiele bardziej, ni\u017c w przypadku podatku od warto\u015bci dodanej w wysoko\u015bci 15 procent. Dzi\u015b to jest 23 procent, ale to i tak jest du\u017co mniej, jak 2 procent naliczane do ka\u017cdej faktury.<\/p>\n\n\n\n<p>&nbsp; Kochani \u2013 je\u017celi tego nie rozumiecie, nie jeste\u015bcie jedyni na \u015bwiecie. Politycy, kt\u00f3rych \u017ce\u015bmy wybrali, przedwojenn\u0105 sanacj\u0119 za wz\u00f3r sobie obrali \u2013 oni te\u017c \u201e<em>tawo\u201d nie\u201d paniali&#8221;.<\/em> <a href=\"http:\/\/radiomaria.com.pl\/wp-content\/uploads\/2025\/01\/29.01.PiS-w-opalacha.mp3\"><img loading=\"lazy\" decoding=\"async\" width=\"150\" height=\"93\" class=\"wp-image-116403\" style=\"width: 150px;\" src=\"https:\/\/htb.com.pl\/wp-content\/uploads\/2025\/02\/Kaczynski-w-opalach.png\" alt=\"\" srcset=\"https:\/\/htb.com.pl\/wp-content\/uploads\/2025\/02\/Kaczynski-w-opalach.png 928w, https:\/\/htb.com.pl\/wp-content\/uploads\/2025\/02\/Kaczynski-w-opalach-300x187.png 300w, https:\/\/htb.com.pl\/wp-content\/uploads\/2025\/02\/Kaczynski-w-opalach-768x478.png 768w, https:\/\/htb.com.pl\/wp-content\/uploads\/2025\/02\/Kaczynski-w-opalach-600x373.png 600w\" sizes=\"auto, (max-width: 150px) 100vw, 150px\" \/><\/a><\/p>\n\n\n\n<p>&nbsp; Gdyby nie to, \u017ce przez chwil\u0119 inni o naszych sprawach decydowali, unijne referendum w Polsce zorganizowali i potem, jako kraj cz\u0142onkiem tej Unii \u017ce\u015bmy si\u0119 stali, dzi\u015b podatek obrotowy by\u015bmy naliczali i \u017cadnego s\u0105downictwa nie naprawiali. Po prostu, jak Bia\u0142oru\u015b przy starym by\u015bmy zostali \u2013 znaczy socjalizm z ludzk\u0105 twarz\u0105 by\u015bmy zbudowali.<\/p>\n\n\n\n<p>&nbsp; Taki socjalizm w latach 80-tych ubieg\u0142ego wieku budowali podobni tym, co dzi\u015b Zbigniewa Ziobr\u0119 w telewizji \u201dnomen omen\u201d Republika schowali. <a href=\"http:\/\/radiomaria.com.pl\/wp-content\/uploads\/2025\/01\/31.01.Nieprzesluchanie-Ziobry.mp3\"><img loading=\"lazy\" decoding=\"async\" width=\"150\" height=\"88\" class=\"wp-image-116405\" style=\"width: 150px;\" src=\"https:\/\/htb.com.pl\/wp-content\/uploads\/2025\/02\/Nieprzesluchaniemaly.png\" alt=\"\" srcset=\"https:\/\/htb.com.pl\/wp-content\/uploads\/2025\/02\/Nieprzesluchaniemaly.png 997w, https:\/\/htb.com.pl\/wp-content\/uploads\/2025\/02\/Nieprzesluchaniemaly-300x176.png 300w, https:\/\/htb.com.pl\/wp-content\/uploads\/2025\/02\/Nieprzesluchaniemaly-768x451.png 768w, https:\/\/htb.com.pl\/wp-content\/uploads\/2025\/02\/Nieprzesluchaniemaly-600x352.png 600w\" sizes=\"auto, (max-width: 150px) 100vw, 150px\" \/><\/a><\/p>\n\n\n\n<p>&nbsp; W maju prezydenta b\u0119dziemy wybierali. W Radiu Maria konkretnego kandydata nie b\u0119dziemy wskazywali \u2013 prosimy tylko, \u017ceby\u015bcie czasem naszego radia pos\u0142uchali. Tu zawsze \u015bwiat z perspektywy Marysi b\u0119dziemy przedstawiali. Mo\u017ce to pomo\u017ce, jak o losach Naszej Polski b\u0119dziemy decydowali.<\/p>\n","protected":false},"excerpt":{"rendered":"<p>S\u0105 r\u00f3\u017cni republikanie: polscy, francuscy \u2013 ostatnio du\u017co si\u0119 m\u00f3wi o ameryka\u0144skich, bo tam ludzie Putina Amerykan\u00f3w nabrali i ci Donalda Trumpa &#8211; republikanina na prezydenta wybrali. \u0179le si\u0119 sta\u0142o \u2013 pami\u0119tam Ronalda Reagana, te\u017c republikanina. Na\u0142o\u017cy\u0142 na Polsk\u0119 embargo i polskiej gospodarce dewiz brakowa\u0142o. Lasy si\u0119 wycina\u0142o i w tartakach na trzy zmiany pracowa\u0142o. [&hellip;]<\/p>\n","protected":false},"author":1,"featured_media":116409,"comment_status":"open","ping_status":"open","sticky":false,"template":"","format":"standard","meta":{"_jetpack_memberships_contains_paid_content":false,"footnotes":""},"categories":[4],"tags":[1004],"class_list":["post-116401","post","type-post","status-publish","format-standard","has-post-thumbnail","hentry","category-daty-i-fakty-blog","tag-republikanie"],"jetpack_sharing_enabled":true,"jetpack_featured_media_url":"https:\/\/htb.com.pl\/wp-content\/uploads\/2025\/02\/TVRepublika.png","_links":{"self":[{"href":"https:\/\/htb.com.pl\/index.php?rest_route=\/wp\/v2\/posts\/116401","targetHints":{"allow":["GET"]}}],"collection":[{"href":"https:\/\/htb.com.pl\/index.php?rest_route=\/wp\/v2\/posts"}],"about":[{"href":"https:\/\/htb.com.pl\/index.php?rest_route=\/wp\/v2\/types\/post"}],"author":[{"embeddable":true,"href":"https:\/\/htb.com.pl\/index.php?rest_route=\/wp\/v2\/users\/1"}],"replies":[{"embeddable":true,"href":"https:\/\/htb.com.pl\/index.php?rest_route=%2Fwp%2Fv2%2Fcomments&post=116401"}],"version-history":[{"count":4,"href":"https:\/\/htb.com.pl\/index.php?rest_route=\/wp\/v2\/posts\/116401\/revisions"}],"predecessor-version":[{"id":116413,"href":"https:\/\/htb.com.pl\/index.php?rest_route=\/wp\/v2\/posts\/116401\/revisions\/116413"}],"wp:featuredmedia":[{"embeddable":true,"href":"https:\/\/htb.com.pl\/index.php?rest_route=\/wp\/v2\/media\/116409"}],"wp:attachment":[{"href":"https:\/\/htb.com.pl\/index.php?rest_route=%2Fwp%2Fv2%2Fmedia&parent=116401"}],"wp:term":[{"taxonomy":"category","embeddable":true,"href":"https:\/\/htb.com.pl\/index.php?rest_route=%2Fwp%2Fv2%2Fcategories&post=116401"},{"taxonomy":"post_tag","embeddable":true,"href":"https:\/\/htb.com.pl\/index.php?rest_route=%2Fwp%2Fv2%2Ftags&post=116401"}],"curies":[{"name":"wp","href":"https:\/\/api.w.org\/{rel}","templated":true}]}}