{"id":116725,"date":"2025-02-09T12:57:44","date_gmt":"2025-02-09T12:57:44","guid":{"rendered":"https:\/\/htb.com.pl\/?p=116725"},"modified":"2025-02-09T13:28:16","modified_gmt":"2025-02-09T13:28:16","slug":"naprawianie-po-zlej-zmianie","status":"publish","type":"post","link":"https:\/\/htb.com.pl\/?p=116725","title":{"rendered":"Naprawianie po z\u0142ej zmianie"},"content":{"rendered":"\n<p>\u00a0 <\/p>\n\n\n\n<p><\/p>\n\n\n\n<figure class=\"wp-block-image size-thumbnail\"><a href=\"https:\/\/htb.com.pl\/wp-content\/uploads\/2025\/02\/Naprawianie-po-zlej-zmianie.mp3\"><img loading=\"lazy\" decoding=\"async\" width=\"150\" height=\"150\" src=\"https:\/\/htb.com.pl\/wp-content\/uploads\/2018\/04\/posluchaj-150x150.jpg\" alt=\"\" class=\"wp-image-2020\" srcset=\"https:\/\/htb.com.pl\/wp-content\/uploads\/2018\/04\/posluchaj-150x150.jpg 150w, https:\/\/htb.com.pl\/wp-content\/uploads\/2018\/04\/posluchaj-300x300.jpg 300w, https:\/\/htb.com.pl\/wp-content\/uploads\/2018\/04\/posluchaj-100x100.jpg 100w\" sizes=\"auto, (max-width: 150px) 100vw, 150px\" \/><\/a><\/figure>\n\n\n\n<p>Tytu\u0142 mo\u017ce sugerowa\u0107, \u017ce rz\u0105dy PiS-u b\u0119dziemy komentowa\u0107. Tego bloga pisz\u0119 z perspektywy Marysi, (wcze\u015bniejsze wpisy), a Ona z\u0142o tam widzia\u0142a, gdzie ca\u0142a reszta go nie dostrzega\u0142a. Dlatego zar\u00f3wno wtedy, jak i dzi\u015b, a mo\u017ce nawet nigdy za mojego \u017cycia, Polska nie b\u0119dzie si\u0119 z ni\u0105 zgadza\u0142a. To mnie nie martwi \u2013 bo teraz wiem, \u017ce Ona to przewidzia\u0142a.<\/p>\n\n\n\n<p>&nbsp; Gdy w 1987 roku umiera\u0142a, kilka pr\u00f3\u015bb do mnie mia\u0142a \u2013 my\u015bl\u0119, \u017ce najwa\u017cniejsz\u0105 by\u0142a ta, \u017ceby rozg\u0142o\u015bnia Radia Maria, (tego w\u0142oskiego) w Polsce dzia\u0142a\u0142a. Do dzi\u015b nie dzia\u0142a. Tylko strona: radiomaria.com.pl mi zosta\u0142a i tam Marysia z innego wymiaru dzia\u0142a. Cieszy mnie to, \u017ce coraz wi\u0119kszej grupie Polak\u00f3w ta strona si\u0119 spodoba\u0142a. Jestem jednak realist\u0105, nie do ko\u0144ca wierz\u0119 w \u017cycie pozagrobowe. Ale gdyby kiedy\u015b, gdzie\u015b tam, o jej Radio Maria Marysia mnie zapyta\u0142a &#8211; powiem, \u017ce na jej Polesiu, na Bia\u0142orusi dzia\u0142a.&nbsp;<\/p>\n\n\n\n<p>&nbsp; Dzi\u015b wiem dlaczego pro\u015bb\u0119 o Radio Maria tak cz\u0119sto powtarza\u0142a. Ona si\u0119 ba\u0142a, \u017ceby Polska, jak Hiszpania w 1954 roku&nbsp; pa\u0144stwem katolickim si\u0119 nie sta\u0142a. Tam wtedy Papie\u017c Pius XII i genera\u0142 Francisco Franco encyklik\u0119 Ad Caeli Reginam napisali. Matk\u0119 Boga Mari\u0119, Maryj\u0105 nazwali. Tym wed\u0142ug Marysi terroryzm ety w Hiszpanii spowodowali. Ona z tym terroryzmem tam walczy\u0142a i wiem, \u017ce gdyby \u017cy\u0142a Matka Boga, jak za czas\u00f3w Prymasa Stanis\u0142awa Wyszy\u0144skiego tylko w Cz\u0119stochowie Maryj\u0105 by by\u0142a.<\/p>\n\n\n\n<p>&nbsp;&nbsp; 27 \u2013 29 wrze\u015bnia 2020 roku, w\u0142a\u015bnie na Jasnej G\u00f3rze podczas Konferencji Episkopatu Polska&nbsp;to zmieni\u0142a. Ustalono, \u017ce Matk\u0119 Jezusa Mari\u0119, Maryj\u0105 b\u0119dziemy nazywali i encyklik\u0119 papie\u017ca Piusa XII Ad Caeli Reginamie (Do Kr\u00f3lowej Niebios) w ca\u0142ej Polsce&nbsp; stosowali.&nbsp;<\/p>\n\n\n\n<p>&nbsp; W Radiu Maria w\u0142a\u015bnie ten moment naszej historii z\u0142\u0105 zmian\u0105 \u017ce\u015bmy nazwali. To wtedy polityk\u00f3w, kt\u00f3rzy J\u00f3zefa Pi\u0142sudskiego za kontrowersyjnego uznawali, ludzie Putina poprzez Afer\u0119 Rywina z naszej polityki wymazali.&nbsp; Mam wra\u017cenie, \u017ce ostatnio Polacy, jakby si\u0119 w tym zorientowali i spo\u015br\u00f3d zwolennik\u00f3w Pi\u0142sudskiego takich polityk\u00f3w&nbsp; wybrali, kt\u00f3rzy nawet Marysi by si\u0119 podobali. <a href=\"http:\/\/radiomaria.com.pl\/wp-content\/uploads\/2023\/03\/02.02-Dane-GUS-za-2024.mp3\"><img loading=\"lazy\" decoding=\"async\" width=\"150\" height=\"63\" class=\"wp-image-116728\" style=\"width: 150px;\" src=\"https:\/\/htb.com.pl\/wp-content\/uploads\/2025\/02\/TuskZalenski.png\" alt=\"\" srcset=\"https:\/\/htb.com.pl\/wp-content\/uploads\/2025\/02\/TuskZalenski.png 807w, https:\/\/htb.com.pl\/wp-content\/uploads\/2025\/02\/TuskZalenski-300x127.png 300w, https:\/\/htb.com.pl\/wp-content\/uploads\/2025\/02\/TuskZalenski-768x325.png 768w, https:\/\/htb.com.pl\/wp-content\/uploads\/2025\/02\/TuskZalenski-600x254.png 600w\" sizes=\"auto, (max-width: 150px) 100vw, 150px\" \/><\/a><\/p>\n\n\n\n<p>&nbsp; Teraz to i w polityce \u015bwiatowej b\u0119d\u0105 nas zauwa\u017cali. Donald Tusk i Tramp tylko inicja\u0142y te same maj\u0105. <a href=\"http:\/\/radiomaria.com.pl\/wp-content\/uploads\/2025\/02\/04.02.Kaczy-swiat.mp3\"><img loading=\"lazy\" decoding=\"async\" width=\"150\" height=\"50\" class=\"wp-image-116730\" style=\"width: 150px;\" src=\"https:\/\/htb.com.pl\/wp-content\/uploads\/2025\/02\/Tusk-Trumpmaly.png\" alt=\"\" srcset=\"https:\/\/htb.com.pl\/wp-content\/uploads\/2025\/02\/Tusk-Trumpmaly.png 984w, https:\/\/htb.com.pl\/wp-content\/uploads\/2025\/02\/Tusk-Trumpmaly-300x99.png 300w, https:\/\/htb.com.pl\/wp-content\/uploads\/2025\/02\/Tusk-Trumpmaly-768x254.png 768w, https:\/\/htb.com.pl\/wp-content\/uploads\/2025\/02\/Tusk-Trumpmaly-600x199.png 600w\" sizes=\"auto, (max-width: 150px) 100vw, 150px\" \/><\/a> Wa\u017cne jest, jak skutecznie zadzia\u0142aj\u0105 i jak ludzie na \u015bwiecie to zapami\u0119taj\u0105. W Unii Europejskiej na Tuska stawiaj\u0105, a u Putina szans\u0119 na rozwalenie jedno\u015bci Europy w polityce Trumpa maj\u0105. <em>Pa\u017cywiom uwidim,<\/em> kiedy\u015b na Kremlu gadali \u2013 jak jeszcze kolektywie dzia\u0142ali. Teraz, gdy w dyktatur\u0119 si\u0119 dostali i w Stanach Zjednoczonych Amerykanie w\u0142a\u015bciwego do tego prezydenta wybrali &#8211; zak\u0142adam, \u017ce ludzie Putina pomagali,&nbsp;pozostaje nam jedynie, aby\u015bmy na naszego Donalda stawiali. Nawet jakby\u015bmy si\u0119 z nim nie zgadzali. Wa\u017cne, \u017ceby\u015bmy ju\u017c bardziej Naszej Polski nie pogr\u0105\u017cali. <a href=\"http:\/\/radiomaria.com.pl\/wp-content\/uploads\/2025\/02\/06.02-Zamach-stanu-wg-Swieczkowskiego.mp3\"><img loading=\"lazy\" decoding=\"async\" width=\"150\" height=\"75\" class=\"wp-image-116734\" style=\"width: 150px;\" src=\"https:\/\/htb.com.pl\/wp-content\/uploads\/2025\/02\/Siedziba-TSUEmaly.png\" alt=\"\" srcset=\"https:\/\/htb.com.pl\/wp-content\/uploads\/2025\/02\/Siedziba-TSUEmaly.png 974w, https:\/\/htb.com.pl\/wp-content\/uploads\/2025\/02\/Siedziba-TSUEmaly-300x150.png 300w, https:\/\/htb.com.pl\/wp-content\/uploads\/2025\/02\/Siedziba-TSUEmaly-768x383.png 768w, https:\/\/htb.com.pl\/wp-content\/uploads\/2025\/02\/Siedziba-TSUEmaly-600x299.png 600w\" sizes=\"auto, (max-width: 150px) 100vw, 150px\" \/><\/a><\/p>\n\n\n\n<p>&nbsp;W Radiu Maria b\u0119dziemy w tym pomagali.<\/p>\n\n\n\n<hr class=\"wp-block-separator has-alpha-channel-opacity\"\/>\n\n\n\n<p><a id=\"_msocom_1\"><\/a><\/p>\n\n\n\n<p>&nbsp;<a href=\"#_msoanchor_1\">[DC1]<\/a><\/p>\n","protected":false},"excerpt":{"rendered":"<p>\u00a0 Tytu\u0142 mo\u017ce sugerowa\u0107, \u017ce rz\u0105dy PiS-u b\u0119dziemy komentowa\u0107. Tego bloga pisz\u0119 z perspektywy Marysi, (wcze\u015bniejsze wpisy), a Ona z\u0142o tam widzia\u0142a, gdzie ca\u0142a reszta go nie dostrzega\u0142a. Dlatego zar\u00f3wno wtedy, jak i dzi\u015b, a mo\u017ce nawet nigdy za mojego \u017cycia, Polska nie b\u0119dzie si\u0119 z ni\u0105 zgadza\u0142a. To mnie nie martwi \u2013 bo teraz [&hellip;]<\/p>\n","protected":false},"author":1,"featured_media":77571,"comment_status":"open","ping_status":"open","sticky":false,"template":"","format":"standard","meta":{"_jetpack_memberships_contains_paid_content":false,"footnotes":""},"categories":[4],"tags":[1005],"class_list":["post-116725","post","type-post","status-publish","format-standard","has-post-thumbnail","hentry","category-daty-i-fakty-blog","tag-naprawianie-po-zlej-zmianie"],"jetpack_sharing_enabled":true,"jetpack_featured_media_url":"https:\/\/htb.com.pl\/wp-content\/uploads\/2022\/12\/KatolickaHiszpania.png","_links":{"self":[{"href":"https:\/\/htb.com.pl\/index.php?rest_route=\/wp\/v2\/posts\/116725","targetHints":{"allow":["GET"]}}],"collection":[{"href":"https:\/\/htb.com.pl\/index.php?rest_route=\/wp\/v2\/posts"}],"about":[{"href":"https:\/\/htb.com.pl\/index.php?rest_route=\/wp\/v2\/types\/post"}],"author":[{"embeddable":true,"href":"https:\/\/htb.com.pl\/index.php?rest_route=\/wp\/v2\/users\/1"}],"replies":[{"embeddable":true,"href":"https:\/\/htb.com.pl\/index.php?rest_route=%2Fwp%2Fv2%2Fcomments&post=116725"}],"version-history":[{"count":9,"href":"https:\/\/htb.com.pl\/index.php?rest_route=\/wp\/v2\/posts\/116725\/revisions"}],"predecessor-version":[{"id":116741,"href":"https:\/\/htb.com.pl\/index.php?rest_route=\/wp\/v2\/posts\/116725\/revisions\/116741"}],"wp:featuredmedia":[{"embeddable":true,"href":"https:\/\/htb.com.pl\/index.php?rest_route=\/wp\/v2\/media\/77571"}],"wp:attachment":[{"href":"https:\/\/htb.com.pl\/index.php?rest_route=%2Fwp%2Fv2%2Fmedia&parent=116725"}],"wp:term":[{"taxonomy":"category","embeddable":true,"href":"https:\/\/htb.com.pl\/index.php?rest_route=%2Fwp%2Fv2%2Fcategories&post=116725"},{"taxonomy":"post_tag","embeddable":true,"href":"https:\/\/htb.com.pl\/index.php?rest_route=%2Fwp%2Fv2%2Ftags&post=116725"}],"curies":[{"name":"wp","href":"https:\/\/api.w.org\/{rel}","templated":true}]}}