{"id":117057,"date":"2025-02-16T10:20:35","date_gmt":"2025-02-16T10:20:35","guid":{"rendered":"https:\/\/htb.com.pl\/?p=117057"},"modified":"2025-02-16T12:40:15","modified_gmt":"2025-02-16T12:40:15","slug":"co-zrobilismy-nie-tak","status":"publish","type":"post","link":"https:\/\/htb.com.pl\/?p=117057","title":{"rendered":"Co zrobili\u015bmy nie tak?"},"content":{"rendered":"\n<figure class=\"wp-block-image size-thumbnail\"><a href=\"https:\/\/htb.com.pl\/wp-content\/uploads\/2025\/02\/Co-zrobilismy-nie-tak.mp3\"><img loading=\"lazy\" decoding=\"async\" width=\"150\" height=\"150\" src=\"https:\/\/htb.com.pl\/wp-content\/uploads\/2018\/04\/posluchaj-150x150.jpg\" alt=\"\" class=\"wp-image-2020\" srcset=\"https:\/\/htb.com.pl\/wp-content\/uploads\/2018\/04\/posluchaj-150x150.jpg 150w, https:\/\/htb.com.pl\/wp-content\/uploads\/2018\/04\/posluchaj-300x300.jpg 300w, https:\/\/htb.com.pl\/wp-content\/uploads\/2018\/04\/posluchaj-100x100.jpg 100w\" sizes=\"auto, (max-width: 150px) 100vw, 150px\" \/><\/a><\/figure>\n\n\n\n<p><\/p>\n\n\n\n<figure class=\"wp-block-image size-full\"><img loading=\"lazy\" decoding=\"async\" width=\"723\" height=\"455\" src=\"https:\/\/htb.com.pl\/wp-content\/uploads\/2025\/02\/AporttAniolek.png\" alt=\"\" class=\"wp-image-117072\" srcset=\"https:\/\/htb.com.pl\/wp-content\/uploads\/2025\/02\/AporttAniolek.png 723w, https:\/\/htb.com.pl\/wp-content\/uploads\/2025\/02\/AporttAniolek-300x189.png 300w, https:\/\/htb.com.pl\/wp-content\/uploads\/2025\/02\/AporttAniolek-600x378.png 600w\" sizes=\"auto, (max-width: 723px) 100vw, 723px\" \/><figcaption class=\"wp-element-caption\">Pomnik na Porytowym Wzg\u00f3rzu<\/figcaption><\/figure>\n\n\n\n<p>14 lutego w 83 rocznic\u0119 powstania Armii Krajowej przysz\u0142o mi si\u0119 zmierzy\u0107 z takim pytaniem jak tytu\u0142 kolejnego wpisu na moim blogu DATY I FAKTY.<\/p>\n\n\n\n<figure class=\"wp-block-image size-full\"><a href=\"http:\/\/radiomaria.com.pl\/wp-content\/uploads\/2025\/02\/Powstanie-AK2025.mp3\"><img loading=\"lazy\" decoding=\"async\" width=\"938\" height=\"707\" src=\"https:\/\/htb.com.pl\/wp-content\/uploads\/2025\/02\/2025AK.jpg\" alt=\"\" class=\"wp-image-117067\" srcset=\"https:\/\/htb.com.pl\/wp-content\/uploads\/2025\/02\/2025AK.jpg 938w, https:\/\/htb.com.pl\/wp-content\/uploads\/2025\/02\/2025AK-300x226.jpg 300w, https:\/\/htb.com.pl\/wp-content\/uploads\/2025\/02\/2025AK-768x579.jpg 768w, https:\/\/htb.com.pl\/wp-content\/uploads\/2025\/02\/2025AK-600x452.jpg 600w\" sizes=\"auto, (max-width: 938px) 100vw, 938px\" \/><\/a><figcaption class=\"wp-element-caption\">83 rocznica powstania Armii Krajowej w Mielcu<\/figcaption><\/figure>\n\n\n\n<p>&nbsp; W 1982 roku by\u0142a 40-sta rocznic\u0119 powstania Armii Krajowej, ko\u0144czy\u0142em odbywanie s\u0142u\u017cby wojskowej \u2013 dosta\u0142em urlop. Powiedzia\u0142em, \u017ce chc\u0119 odwiedzi\u0107 ogniomistrza Mariana Mizgalskiego ps. \u201eWrona\u201d, AK-owca, kt\u00f3ry za postaw\u0119 w bitwie na Porytowym Wzg\u00f3rzu otrzyma\u0142 w 1972 roku Order Virtuti Militari. Wykorzysta\u0142em \u201epatent\u201d z czas\u00f3w, gdy mieszka\u0142em w internacie Technikum Przemys\u0142u Drzewnego w Zwierzy\u0144cu n. Wieprzem i chcia\u0142em wyj\u015b\u0107 na zabaw\u0119. Wtedy te\u017c m\u00f3wi\u0142em, \u017ce jad\u0119 do Mariana Mizgalskiego \u2013 mieszka\u0142 w Rejowcu, to by\u0142o blisko. Tu musz\u0119 doda\u0107, \u017ce nie k\u0142ama\u0142am \u2013 naprawd\u0119 Pana Mariana i jego \u017bon\u0119 Zofi\u0119 sanitariuszk\u0119 AK odwiedza\u0142am.<\/p>\n\n\n\n<p>\u00a0 W 1982 roku 14 luty to by\u0142a niedziela, \u00a0powstanie AK \u015bwi\u0119towali\u015bmy w Rejowcu, wi\u0119kszym gronie. I tam wtedy pad\u0142o pytanie; Co zrobili\u015bmy nie \u00a0tak?<\/p>\n\n\n\n<figure class=\"wp-block-image size-full\"><a href=\"http:\/\/radiomaria.com.pl\/wp-content\/uploads\/2025\/02\/12.02.Trump-dla-Ukrainy.mp3\"><img loading=\"lazy\" decoding=\"async\" width=\"582\" height=\"497\" src=\"https:\/\/htb.com.pl\/wp-content\/uploads\/2025\/02\/Zasoby-Ukrainy.png\" alt=\"\" class=\"wp-image-117064\" srcset=\"https:\/\/htb.com.pl\/wp-content\/uploads\/2025\/02\/Zasoby-Ukrainy.png 582w, https:\/\/htb.com.pl\/wp-content\/uploads\/2025\/02\/Zasoby-Ukrainy-300x256.png 300w\" sizes=\"auto, (max-width: 582px) 100vw, 582px\" \/><\/a><\/figure>\n\n\n\n<p>&nbsp; Dzi\u015b to samo pytanie us\u0142ysza\u0142em od ukrai\u0144skich partyzant\u00f3w ATESZ (ukr. ogie\u0144). &nbsp;Wtedy chodzi\u0142o o \u201edemokracj\u0119 ludow\u0105\u201d, kt\u00f3r\u0105 nam wprowadzono w Ja\u0142cie i Poczdam, gdzie zapad\u0142a decyzja, \u017ce Armia Czerwona pozostanie na naszym terytorium. Dzi\u015b Ukrai\u0144cy pytaj\u0105 w kontek\u015bcie tego, co si\u0119 dzieje na Konferencji w Monachium. <a href=\"http:\/\/radiomaria.com.pl\/wp-content\/uploads\/2025\/02\/15.02.Konferecja-w-Monachium.mp3\"><img loading=\"lazy\" decoding=\"async\" width=\"150\" height=\"79\" class=\"wp-image-117076\" style=\"width: 150px;\" src=\"https:\/\/htb.com.pl\/wp-content\/uploads\/2025\/02\/Konferencja-w-Monachiummaly.png\" alt=\"\" srcset=\"https:\/\/htb.com.pl\/wp-content\/uploads\/2025\/02\/Konferencja-w-Monachiummaly.png 974w, https:\/\/htb.com.pl\/wp-content\/uploads\/2025\/02\/Konferencja-w-Monachiummaly-300x157.png 300w, https:\/\/htb.com.pl\/wp-content\/uploads\/2025\/02\/Konferencja-w-Monachiummaly-768x403.png 768w, https:\/\/htb.com.pl\/wp-content\/uploads\/2025\/02\/Konferencja-w-Monachiummaly-850x450.png 850w, https:\/\/htb.com.pl\/wp-content\/uploads\/2025\/02\/Konferencja-w-Monachiummaly-600x315.png 600w\" sizes=\"auto, (max-width: 150px) 100vw, 150px\" \/><\/a><\/p>\n\n\n\n<p>Ko\u0144cz\u0105c musz\u0119 odnie\u015b\u0107 si\u0119 do tego, co powiedzia\u0142aby tu Marysia \u2013 gdyby \u017cy\u0142a. Bo to z jej perspektywy pokazuj\u0119 tu \u015bwiat. <em>Ja wam to wszystko m\u00f3wi\u0142am, jak o Elektrowni\u0119 J\u0105drow\u0105 w \u017barnowcu walczy\u0142am<\/em> \u2013 w uszach mi zabrzmia\u0142o. <a href=\"http:\/\/radiomaria.com.pl\/wp-content\/uploads\/2025\/02\/10.02.-Skad-mamy-prad.mp3\"><img loading=\"lazy\" decoding=\"async\" width=\"150\" height=\"99\" class=\"wp-image-117061\" style=\"width: 150px;\" src=\"https:\/\/htb.com.pl\/wp-content\/uploads\/2025\/02\/Energa.png\" alt=\"\" srcset=\"https:\/\/htb.com.pl\/wp-content\/uploads\/2025\/02\/Energa.png 893w, https:\/\/htb.com.pl\/wp-content\/uploads\/2025\/02\/Energa-300x199.png 300w, https:\/\/htb.com.pl\/wp-content\/uploads\/2025\/02\/Energa-768x509.png 768w, https:\/\/htb.com.pl\/wp-content\/uploads\/2025\/02\/Energa-600x398.png 600w\" sizes=\"auto, (max-width: 150px) 100vw, 150px\" \/><\/a><\/p>\n\n\n\n<figure class=\"wp-block-image size-full\"><img loading=\"lazy\" decoding=\"async\" width=\"307\" height=\"408\" src=\"https:\/\/htb.com.pl\/wp-content\/uploads\/2025\/02\/Aniolek.jpg\" alt=\"\" class=\"wp-image-117073\" srcset=\"https:\/\/htb.com.pl\/wp-content\/uploads\/2025\/02\/Aniolek.jpg 307w, https:\/\/htb.com.pl\/wp-content\/uploads\/2025\/02\/Aniolek-226x300.jpg 226w\" sizes=\"auto, (max-width: 307px) 100vw, 307px\" \/><figcaption class=\"wp-element-caption\">M\u00f3j &#8220;Anio\u0142ek&#8221;<\/figcaption><\/figure>\n\n\n\n<p>&nbsp;Anio\u0142ku &#8211; ale to co si\u0119 sta\u0142o, to si\u0119 nie odstanie. Mam nadziej\u0119, \u017ce przynajmniej si\u0119 myli\u0142a\u015b jak m\u00f3wi\u0142a\u015b, \u017ce najwi\u0119ksi terrory\u015bci na \u015bwiecie \u2013 to Amerykanie.<\/p>\n","protected":false},"excerpt":{"rendered":"<p>14 lutego w 83 rocznic\u0119 powstania Armii Krajowej przysz\u0142o mi si\u0119 zmierzy\u0107 z takim pytaniem jak tytu\u0142 kolejnego wpisu na moim blogu DATY I FAKTY. &nbsp; W 1982 roku by\u0142a 40-sta rocznic\u0119 powstania Armii Krajowej, ko\u0144czy\u0142em odbywanie s\u0142u\u017cby wojskowej \u2013 dosta\u0142em urlop. Powiedzia\u0142em, \u017ce chc\u0119 odwiedzi\u0107 ogniomistrza Mariana Mizgalskiego ps. \u201eWrona\u201d, AK-owca, kt\u00f3ry za postaw\u0119 [&hellip;]<\/p>\n","protected":false},"author":1,"featured_media":117072,"comment_status":"open","ping_status":"open","sticky":false,"template":"","format":"standard","meta":{"_jetpack_memberships_contains_paid_content":false,"footnotes":""},"categories":[4],"tags":[],"class_list":["post-117057","post","type-post","status-publish","format-standard","has-post-thumbnail","hentry","category-daty-i-fakty-blog"],"jetpack_sharing_enabled":true,"jetpack_featured_media_url":"https:\/\/htb.com.pl\/wp-content\/uploads\/2025\/02\/AporttAniolek.png","_links":{"self":[{"href":"https:\/\/htb.com.pl\/index.php?rest_route=\/wp\/v2\/posts\/117057","targetHints":{"allow":["GET"]}}],"collection":[{"href":"https:\/\/htb.com.pl\/index.php?rest_route=\/wp\/v2\/posts"}],"about":[{"href":"https:\/\/htb.com.pl\/index.php?rest_route=\/wp\/v2\/types\/post"}],"author":[{"embeddable":true,"href":"https:\/\/htb.com.pl\/index.php?rest_route=\/wp\/v2\/users\/1"}],"replies":[{"embeddable":true,"href":"https:\/\/htb.com.pl\/index.php?rest_route=%2Fwp%2Fv2%2Fcomments&post=117057"}],"version-history":[{"count":14,"href":"https:\/\/htb.com.pl\/index.php?rest_route=\/wp\/v2\/posts\/117057\/revisions"}],"predecessor-version":[{"id":117090,"href":"https:\/\/htb.com.pl\/index.php?rest_route=\/wp\/v2\/posts\/117057\/revisions\/117090"}],"wp:featuredmedia":[{"embeddable":true,"href":"https:\/\/htb.com.pl\/index.php?rest_route=\/wp\/v2\/media\/117072"}],"wp:attachment":[{"href":"https:\/\/htb.com.pl\/index.php?rest_route=%2Fwp%2Fv2%2Fmedia&parent=117057"}],"wp:term":[{"taxonomy":"category","embeddable":true,"href":"https:\/\/htb.com.pl\/index.php?rest_route=%2Fwp%2Fv2%2Fcategories&post=117057"},{"taxonomy":"post_tag","embeddable":true,"href":"https:\/\/htb.com.pl\/index.php?rest_route=%2Fwp%2Fv2%2Ftags&post=117057"}],"curies":[{"name":"wp","href":"https:\/\/api.w.org\/{rel}","templated":true}]}}