{"id":117407,"date":"2025-02-23T11:42:04","date_gmt":"2025-02-23T11:42:04","guid":{"rendered":"https:\/\/htb.com.pl\/?p=117407"},"modified":"2025-02-23T18:17:01","modified_gmt":"2025-02-23T18:17:01","slug":"jedenaste-przykazanie","status":"publish","type":"post","link":"https:\/\/htb.com.pl\/?p=117407","title":{"rendered":"Jedenaste przykazanie"},"content":{"rendered":"\n<p><\/p>\n\n\n\n<p><\/p>\n\n\n\n<figure class=\"wp-block-image size-thumbnail\"><a href=\"https:\/\/htb.com.pl\/wp-content\/uploads\/2025\/02\/Jedenaste-przykazanie.mp3\"><img loading=\"lazy\" decoding=\"async\" width=\"150\" height=\"150\" src=\"https:\/\/htb.com.pl\/wp-content\/uploads\/2018\/04\/posluchaj-150x150.jpg\" alt=\"\" class=\"wp-image-2020\" srcset=\"https:\/\/htb.com.pl\/wp-content\/uploads\/2018\/04\/posluchaj-150x150.jpg 150w, https:\/\/htb.com.pl\/wp-content\/uploads\/2018\/04\/posluchaj-300x300.jpg 300w, https:\/\/htb.com.pl\/wp-content\/uploads\/2018\/04\/posluchaj-100x100.jpg 100w\" sizes=\"auto, (max-width: 150px) 100vw, 150px\" \/><\/a><\/figure>\n\n\n\n<p>Odszed\u0142 Marian Turski, autor jedenastego przykazania:<a href=\"https:\/\/htb.com.pl\/?p=16922\"> Nie b\u0105d\u017a oboj\u0119tny<\/a>. Tak m\u00f3wi\u0142 ten, by\u0142y wi\u0119zie\u0144 niemieckiego obozu koncentracyjnego KL Auschwitz, przed bram\u0105 tego strasznego miejsca 27 stycznia 2020 roku, podczas obchod\u00f3w 75-tej rocznicy wyzwolenia obozu przez Armi\u0119 Czerwon\u0105.<\/p>\n\n\n\n<p>&nbsp; Nie wszyscy jego przykazanie \u017ce\u015bmy zapami\u0119tali <a href=\"http:\/\/radiomaria.com.pl\/wp-content\/uploads\/2025\/02\/21.02.Propaganda-Putina.mp3\"><img loading=\"lazy\" decoding=\"async\" width=\"150\" height=\"77\" class=\"wp-image-116409\" style=\"width: 150px;\" src=\"https:\/\/htb.com.pl\/wp-content\/uploads\/2025\/02\/TVRepublika.png\" alt=\"\" srcset=\"https:\/\/htb.com.pl\/wp-content\/uploads\/2025\/02\/TVRepublika.png 672w, https:\/\/htb.com.pl\/wp-content\/uploads\/2025\/02\/TVRepublika-300x153.png 300w, https:\/\/htb.com.pl\/wp-content\/uploads\/2025\/02\/TVRepublika-600x306.png 600w\" sizes=\"auto, (max-width: 150px) 100vw, 150px\" \/><\/a> \u2013 nie do\u015b\u0107 g\u0142o\u015bno powtarzali, <a href=\"http:\/\/radiomaria.com.pl\/wp-content\/uploads\/2025\/02\/19.02.Rosja-Ukraina.mp3\"><img loading=\"lazy\" decoding=\"async\" width=\"150\" height=\"75\" class=\"wp-image-117411\" style=\"width: 150px;\" src=\"https:\/\/htb.com.pl\/wp-content\/uploads\/2025\/02\/Protesty-w-Amerycemaly.png\" alt=\"\" srcset=\"https:\/\/htb.com.pl\/wp-content\/uploads\/2025\/02\/Protesty-w-Amerycemaly.png 987w, https:\/\/htb.com.pl\/wp-content\/uploads\/2025\/02\/Protesty-w-Amerycemaly-300x150.png 300w, https:\/\/htb.com.pl\/wp-content\/uploads\/2025\/02\/Protesty-w-Amerycemaly-768x383.png 768w, https:\/\/htb.com.pl\/wp-content\/uploads\/2025\/02\/Protesty-w-Amerycemaly-600x299.png 600w\" sizes=\"auto, (max-width: 150px) 100vw, 150px\" \/><\/a> bo dyktatorzy ponownie w demokratycznych wyborach do w\u0142adzy si\u0119 dorwali. <a href=\"http:\/\/radiomaria.com.pl\/wp-content\/uploads\/2025\/02\/19.02.Walka-Dobra-ze-zlem.mp3\"><img loading=\"lazy\" decoding=\"async\" width=\"150\" height=\"85\" class=\"wp-image-117409\" style=\"width: 150px;\" src=\"https:\/\/htb.com.pl\/wp-content\/uploads\/2025\/02\/Riadmaly.png\" alt=\"\" srcset=\"https:\/\/htb.com.pl\/wp-content\/uploads\/2025\/02\/Riadmaly.png 976w, https:\/\/htb.com.pl\/wp-content\/uploads\/2025\/02\/Riadmaly-300x170.png 300w, https:\/\/htb.com.pl\/wp-content\/uploads\/2025\/02\/Riadmaly-768x436.png 768w, https:\/\/htb.com.pl\/wp-content\/uploads\/2025\/02\/Riadmaly-600x341.png 600w\" sizes=\"auto, (max-width: 150px) 100vw, 150px\" \/><\/a> <a href=\"http:\/\/radiomaria.com.pl\/wp-content\/uploads\/2025\/02\/23.02.mp3\"><img loading=\"lazy\" decoding=\"async\" width=\"150\" height=\"95\" class=\"wp-image-117414\" style=\"width: 150px;\" src=\"https:\/\/htb.com.pl\/wp-content\/uploads\/2025\/02\/Starlink.png\" alt=\"\" srcset=\"https:\/\/htb.com.pl\/wp-content\/uploads\/2025\/02\/Starlink.png 972w, https:\/\/htb.com.pl\/wp-content\/uploads\/2025\/02\/Starlink-300x190.png 300w, https:\/\/htb.com.pl\/wp-content\/uploads\/2025\/02\/Starlink-768x488.png 768w, https:\/\/htb.com.pl\/wp-content\/uploads\/2025\/02\/Starlink-600x381.png 600w\" sizes=\"auto, (max-width: 150px) 100vw, 150px\" \/><\/a><\/p>\n\n\n\n<p>Potem jak kiedy\u015b \u201eGdzie by\u0142 B\u00f3g\u201d b\u0119dziemy pytali. Na tronie! Jego Kr\u00f3lestwo nie jest z tego \u015bwiata. Tam za to, co zrobimy tu b\u0119dzie zap\u0142ata.<\/p>\n\n\n\n<p>&nbsp; Decyduj\u0105 si\u0119 losy naszej cz\u0119\u015bci Europy. <a href=\"http:\/\/radiomaria.com.pl\/wp-content\/uploads\/2025\/02\/23.02.Nie-badz-obojetny.mp3\"><img loading=\"lazy\" decoding=\"async\" width=\"150\" height=\"85\" class=\"wp-image-117416\" style=\"width: 150px;\" src=\"https:\/\/htb.com.pl\/wp-content\/uploads\/2025\/02\/DudaTrump.png\" alt=\"\" srcset=\"https:\/\/htb.com.pl\/wp-content\/uploads\/2025\/02\/DudaTrump.png 1163w, https:\/\/htb.com.pl\/wp-content\/uploads\/2025\/02\/DudaTrump-300x169.png 300w, https:\/\/htb.com.pl\/wp-content\/uploads\/2025\/02\/DudaTrump-1024x578.png 1024w, https:\/\/htb.com.pl\/wp-content\/uploads\/2025\/02\/DudaTrump-768x434.png 768w, https:\/\/htb.com.pl\/wp-content\/uploads\/2025\/02\/DudaTrump-600x339.png 600w\" sizes=\"auto, (max-width: 150px) 100vw, 150px\" \/><\/a> Patrz\u0119 na Francj\u0119 i Angli\u0119. Z nadziej\u0105 oczekuj\u0119 wynik\u00f3w wybor\u00f3w w Niemczech. Z dum\u0105 obserwuj\u0119, jak dzia\u0142a hub pomocowy dla Ukrainy w Jasionce k. Rzeszowa.<\/p>\n\n\n\n<p>&nbsp; Staram si\u0119 nie by\u0107 oboj\u0119tny. Mo\u017cesz obserwowa\u0107 moje starania, moje <a href=\"http:\/\/radiomaria.com.pl\/?p=152\">Radio MARIA<\/a>  nadaje.<\/p>\n","protected":false},"excerpt":{"rendered":"<p>Odszed\u0142 Marian Turski, autor jedenastego przykazania: Nie b\u0105d\u017a oboj\u0119tny. Tak m\u00f3wi\u0142 ten, by\u0142y wi\u0119zie\u0144 niemieckiego obozu koncentracyjnego KL Auschwitz, przed bram\u0105 tego strasznego miejsca 27 stycznia 2020 roku, podczas obchod\u00f3w 75-tej rocznicy wyzwolenia obozu przez Armi\u0119 Czerwon\u0105. &nbsp; Nie wszyscy jego przykazanie \u017ce\u015bmy zapami\u0119tali \u2013 nie do\u015b\u0107 g\u0142o\u015bno powtarzali, bo dyktatorzy ponownie w demokratycznych wyborach [&hellip;]<\/p>\n","protected":false},"author":1,"featured_media":117420,"comment_status":"open","ping_status":"open","sticky":false,"template":"","format":"standard","meta":{"_jetpack_memberships_contains_paid_content":false,"footnotes":""},"categories":[4],"tags":[1006],"class_list":["post-117407","post","type-post","status-publish","format-standard","has-post-thumbnail","hentry","category-daty-i-fakty-blog","tag-jedenaste-przykazanie"],"jetpack_sharing_enabled":true,"jetpack_featured_media_url":"https:\/\/htb.com.pl\/wp-content\/uploads\/2025\/02\/MTurskimaly.png","_links":{"self":[{"href":"https:\/\/htb.com.pl\/index.php?rest_route=\/wp\/v2\/posts\/117407","targetHints":{"allow":["GET"]}}],"collection":[{"href":"https:\/\/htb.com.pl\/index.php?rest_route=\/wp\/v2\/posts"}],"about":[{"href":"https:\/\/htb.com.pl\/index.php?rest_route=\/wp\/v2\/types\/post"}],"author":[{"embeddable":true,"href":"https:\/\/htb.com.pl\/index.php?rest_route=\/wp\/v2\/users\/1"}],"replies":[{"embeddable":true,"href":"https:\/\/htb.com.pl\/index.php?rest_route=%2Fwp%2Fv2%2Fcomments&post=117407"}],"version-history":[{"count":14,"href":"https:\/\/htb.com.pl\/index.php?rest_route=\/wp\/v2\/posts\/117407\/revisions"}],"predecessor-version":[{"id":117445,"href":"https:\/\/htb.com.pl\/index.php?rest_route=\/wp\/v2\/posts\/117407\/revisions\/117445"}],"wp:featuredmedia":[{"embeddable":true,"href":"https:\/\/htb.com.pl\/index.php?rest_route=\/wp\/v2\/media\/117420"}],"wp:attachment":[{"href":"https:\/\/htb.com.pl\/index.php?rest_route=%2Fwp%2Fv2%2Fmedia&parent=117407"}],"wp:term":[{"taxonomy":"category","embeddable":true,"href":"https:\/\/htb.com.pl\/index.php?rest_route=%2Fwp%2Fv2%2Fcategories&post=117407"},{"taxonomy":"post_tag","embeddable":true,"href":"https:\/\/htb.com.pl\/index.php?rest_route=%2Fwp%2Fv2%2Ftags&post=117407"}],"curies":[{"name":"wp","href":"https:\/\/api.w.org\/{rel}","templated":true}]}}