{"id":118368,"date":"2025-03-16T11:22:23","date_gmt":"2025-03-16T11:22:23","guid":{"rendered":"https:\/\/htb.com.pl\/?p=118368"},"modified":"2025-03-16T12:56:31","modified_gmt":"2025-03-16T12:56:31","slug":"polityka","status":"publish","type":"post","link":"https:\/\/htb.com.pl\/?p=118368","title":{"rendered":"Polityka"},"content":{"rendered":"\n<p><\/p>\n\n\n\n<p><\/p>\n\n\n\n<figure class=\"wp-block-image size-full\"><img loading=\"lazy\" decoding=\"async\" width=\"491\" height=\"412\" src=\"https:\/\/htb.com.pl\/wp-content\/uploads\/2025\/03\/Arystoteles.png\" alt=\"\" class=\"wp-image-118386\" srcset=\"https:\/\/htb.com.pl\/wp-content\/uploads\/2025\/03\/Arystoteles.png 491w, https:\/\/htb.com.pl\/wp-content\/uploads\/2025\/03\/Arystoteles-300x252.png 300w\" sizes=\"auto, (max-width: 491px) 100vw, 491px\" \/><\/figure>\n\n\n\n<p><\/p>\n\n\n\n<figure class=\"wp-block-image size-thumbnail\"><a href=\"https:\/\/htb.com.pl\/wp-content\/uploads\/2025\/03\/Polityka.mp3\"><img loading=\"lazy\" decoding=\"async\" width=\"150\" height=\"150\" src=\"https:\/\/htb.com.pl\/wp-content\/uploads\/2018\/04\/posluchaj-150x150.jpg\" alt=\"\" class=\"wp-image-2020\" srcset=\"https:\/\/htb.com.pl\/wp-content\/uploads\/2018\/04\/posluchaj-150x150.jpg 150w, https:\/\/htb.com.pl\/wp-content\/uploads\/2018\/04\/posluchaj-300x300.jpg 300w, https:\/\/htb.com.pl\/wp-content\/uploads\/2018\/04\/posluchaj-100x100.jpg 100w\" sizes=\"auto, (max-width: 150px) 100vw, 150px\" \/><\/a><\/figure>\n\n\n\n<p><\/p>\n\n\n\n<p>Arystoteles (ur.&nbsp;384 p.n.e.&nbsp;w&nbsp;<a href=\"https:\/\/pl.wikipedia.org\/wiki\/Stagira\">Stagirze<\/a>, zm.&nbsp;322 p.n.e.&nbsp;w&nbsp;<a href=\"https:\/\/pl.wikipedia.org\/wiki\/Chalkida\">Chalkis<\/a>) \u2013&nbsp;<a href=\"https:\/\/pl.wikipedia.org\/wiki\/Filozofia\">filozof<\/a>, jeden z trzech &nbsp;obok&nbsp;<a href=\"https:\/\/pl.wikipedia.org\/wiki\/Sokrates\">Sokratesa<\/a>&nbsp;i&nbsp;<a href=\"https:\/\/pl.wikipedia.org\/wiki\/Platon\">Platona<\/a>&nbsp;\u2013 najs\u0142awniejszych&nbsp;<a href=\"https:\/\/pl.wikipedia.org\/wiki\/Filozofia_staro%C5%BCytna#Filozofia_staro%C5%BCytnej_Grecji\">filozof\u00f3w staro\u017cytnej Grecji<\/a>)&nbsp;twierdzi\u0142, \u017ce polityka jest to rodzaj sztuki rz\u0105dzenia pa\u0144stwem, kt\u00f3rej celem jest&nbsp;dobro wsp\u00f3lne. Uznawa\u0142, \u017ce&nbsp;polityka&nbsp;nie mo\u017ce by\u0107&nbsp;despotyczna, ale&nbsp;liberalna.<\/p>\n\n\n\n<p>&nbsp; Tak si\u0119 z\u0142o\u017cy\u0142o, \u017ce mia\u0142em okazj\u0119 si\u0119 przekona\u0107, jak wielka jest to sztuka. Poniewa\u017c nie zawsze jest tak, \u017ce ludzie wiedz\u0105, co jest dla nich dobre. Cz\u0119sto \u015bwiadomie lub nie\u015bwiadomie d\u0105\u017c\u0105 do samozag\u0142ady. Zanim podam przyk\u0142ady z ostatniego tygodnia, wspomn\u0119 rok 1986. Moi Rodzice chcieli si\u0119 pochwali\u0107 rodzinie i s\u0105siadom, \u017ce pozna\u0142em dziewczyn\u0119 i mo\u017ce by\u0107 tak, \u017ce wkr\u00f3tce b\u0119dzie wesele. Gdy si\u0119 okaza\u0142o, \u017ce Marysia &#8211; moja nowa dziewczyna pracuje dla rz\u0105du Messnera i robi wszystko, \u017ceby doko\u0144czy\u0107 budow\u0119 Elektrowni J\u0105drowej w \u017barnowcu, Mama nienormaln\u0105 j\u0105 nazwa\u0142a. By\u0142o to kilka miesi\u0119cy po katastrofie w Czarnobylu. Marysia&nbsp; odpowiedzia\u0142a, ale dopiero dzi\u015b zrozumia\u0142em, co tak naprawd\u0119 wtedy powiedzie\u0107 nam chcia\u0142a.<\/p>\n\n\n\n<p>&nbsp; Kto\u015b kto walczy ze z\u0142em, z broni\u0105 w r\u0119ku, nie mo\u017ce by\u0107 normalny. Tata na te s\u0142owa Majki odpar\u0142, \u017ce ja i moi kuzyni s\u0142u\u017cyli w wojsku w stanie wojennym i do nikogo nie strzelali. Podzi\u0119kujcie Papie\u017cowi&nbsp; Janowi Paw\u0142owi II &#8211; powiedzia\u0142a Marysia. Powiedzia\u0142a to tak, \u017ce wszyscy zapragn\u0119li zmiany tematu. Wzi\u0119\u0142a \u201eTrybun\u0119 Ludu\u201d (gazeta), rozprostowa\u0142a j\u0105 i po\u0142o\u017cy\u0142a na stole. By\u0142 tam artyku\u0142 o zaocznym skazaniu na \u015bmier\u0107 Ryszarda Kukli\u0144skiego.<\/p>\n\n\n\n<p>Dopiero dzi\u015b zrozumia\u0142em dlaczego za to, \u017ce Amerykanie nie ostrzegli Solidarno\u015bci o planach dotycz\u0105cych stanu wojennego, przekazanych im przez Kukli\u0144skiego \u2013 to zapobieg\u0142o masakrom podobnym do tej w Kopalni Wujek, Marysia nie chwali\u0142a Ronalda Reagana, prezydenta ameryka\u0144skiego. Ameryka\u0144skie CIA i jej angielski wywiad Secret Intelligence Service ju\u017c wtedy ze sob\u0105 wsp\u00f3\u0142pracowa\u0142y. Ona wiedzia\u0142a, \u017ce Regan informacj\u0119 o planach stanu wojennego przekaza\u0142 Papie\u017cowi Janowi Paw\u0142owi II. Ten m\u00f3g\u0142 poinformowa\u0107 o tym Biskup\u00f3w Diecezjalnych w Polsce, a ci proboszcz\u00f3w, kt\u00f3rzy w ci\u0105gu trzech dni mogli ostrzec wszystkich dzia\u0142aczy Solidarno\u015bci przed internowaniem. Papie\u017c tego nie zrobi\u0142\u2026 Zna\u0142 definicj\u0119 polityki Arystotelesa. Wojna domowa to nie jest dobro wsp\u00f3lne.<\/p>\n\n\n\n<p>&nbsp; \u017badna wojna nie jest dobrem wsp\u00f3lnym!<\/p>\n\n\n\n<p>Dzi\u015b politycy o tym zapomnieli. K\u0142amstwo fake nus, fa\u0142szyw\u0105 informacj\u0105 nazwali, \u017ceby nikt im nie zarzuca\u0142, \u017ce k\u0142amali.<\/p>\n\n\n\n<p>A oto k\u0142amstwa z ostatniego tygodnia, kt\u00f3re w Radiu MARIA po Marysinemu \u017ce\u015bmy prostowali:<\/p>\n\n\n\n<p>&nbsp;&nbsp;Ameryka\u0144skie i polskie z\u0142o, kt\u00f3re we w\u0142asn\u0105 propagand\u0119 uwierzy\u0142o Sikorskiego zaatakowa\u0142o \u2013 bo si\u0119 towarzystwu nie spodoba\u0142o, \u017ce pa\u0144stwo polskie gr\u0119 Amerykan\u00f3w Starlinkami do zdrady przyr\u00f3wna\u0142o. <a href=\"http:\/\/radiomaria.com.pl\/wp-content\/uploads\/2025\/03\/10.03.Zlo-sie-pogubilo.mp3\"><img loading=\"lazy\" decoding=\"async\" width=\"150\" height=\"78\" class=\"wp-image-118371\" style=\"width: 150px;\" src=\"https:\/\/htb.com.pl\/wp-content\/uploads\/2025\/03\/Przydacz.png\" alt=\"\" srcset=\"https:\/\/htb.com.pl\/wp-content\/uploads\/2025\/03\/Przydacz.png 910w, https:\/\/htb.com.pl\/wp-content\/uploads\/2025\/03\/Przydacz-300x156.png 300w, https:\/\/htb.com.pl\/wp-content\/uploads\/2025\/03\/Przydacz-768x398.png 768w, https:\/\/htb.com.pl\/wp-content\/uploads\/2025\/03\/Przydacz-850x450.png 850w, https:\/\/htb.com.pl\/wp-content\/uploads\/2025\/03\/Przydacz-600x311.png 600w\" sizes=\"auto, (max-width: 150px) 100vw, 150px\" \/><\/a><\/p>\n\n\n\n<p>&nbsp; Donaldowi Trumpowi wszystko si\u0119 poki\u0107ka\u0142o, jak si\u0119 okaza\u0142o, \u017ce to, jak potraktowa\u0142 Za\u0142enskiego Amerykanom si\u0119 nie spodoba\u0142o. <a href=\"http:\/\/radiomaria.com.pl\/wp-content\/uploads\/2025\/03\/12.03.Porozumienie-Ukrainy-z-Amerykanami.mp3\"><img loading=\"lazy\" decoding=\"async\" width=\"150\" height=\"90\" class=\"wp-image-118373\" style=\"width: 150px;\" src=\"https:\/\/htb.com.pl\/wp-content\/uploads\/2025\/03\/Porozumieniemaly.png\" alt=\"\" srcset=\"https:\/\/htb.com.pl\/wp-content\/uploads\/2025\/03\/Porozumieniemaly.png 980w, https:\/\/htb.com.pl\/wp-content\/uploads\/2025\/03\/Porozumieniemaly-300x180.png 300w, https:\/\/htb.com.pl\/wp-content\/uploads\/2025\/03\/Porozumieniemaly-768x462.png 768w, https:\/\/htb.com.pl\/wp-content\/uploads\/2025\/03\/Porozumieniemaly-600x361.png 600w\" sizes=\"auto, (max-width: 150px) 100vw, 150px\" \/><\/a> Specjalnego swego doradc\u0119 ds. Bliskiego Wschodu Stevena Wilkoffa wys\u0142a\u0142 do Putina i tu jeszcze bardziej zrzed\u0142a mu mina. <a href=\"http:\/\/radiomaria.com.pl\/wp-content\/uploads\/2025\/03\/14.03.-Bez-komentarza.mp3\"><img loading=\"lazy\" decoding=\"async\" width=\"150\" height=\"111\" class=\"wp-image-118375\" style=\"width: 150px;\" src=\"https:\/\/htb.com.pl\/wp-content\/uploads\/2025\/03\/Wyslannikmaly.png\" alt=\"\" srcset=\"https:\/\/htb.com.pl\/wp-content\/uploads\/2025\/03\/Wyslannikmaly.png 980w, https:\/\/htb.com.pl\/wp-content\/uploads\/2025\/03\/Wyslannikmaly-300x223.png 300w, https:\/\/htb.com.pl\/wp-content\/uploads\/2025\/03\/Wyslannikmaly-768x571.png 768w, https:\/\/htb.com.pl\/wp-content\/uploads\/2025\/03\/Wyslannikmaly-600x446.png 600w\" sizes=\"auto, (max-width: 150px) 100vw, 150px\" \/><\/a><\/p>\n\n\n\n<p>&nbsp; Po tym jak dzi\u0119ki Donaldowi Tuskowi Polacy nieco lepszych polityk\u00f3w spo\u015br\u00f3d zwyk\u0142ych nieudacznik\u00f3w wybrali i ci gospodark\u0119 rozruszali, <\/p>\n\n\n\n<figure class=\"wp-block-image size-full\"><a href=\"http:\/\/radiomaria.com.pl\/wp-content\/uploads\/2025\/03\/14.03.Sen-o-potedze.mp3\"><img loading=\"lazy\" decoding=\"async\" width=\"975\" height=\"558\" src=\"https:\/\/htb.com.pl\/wp-content\/uploads\/2025\/03\/Inflacja-wykresymaly.png\" alt=\"\" class=\"wp-image-118377\" srcset=\"https:\/\/htb.com.pl\/wp-content\/uploads\/2025\/03\/Inflacja-wykresymaly.png 975w, https:\/\/htb.com.pl\/wp-content\/uploads\/2025\/03\/Inflacja-wykresymaly-300x172.png 300w, https:\/\/htb.com.pl\/wp-content\/uploads\/2025\/03\/Inflacja-wykresymaly-768x440.png 768w, https:\/\/htb.com.pl\/wp-content\/uploads\/2025\/03\/Inflacja-wykresymaly-600x343.png 600w\" sizes=\"auto, (max-width: 975px) 100vw, 975px\" \/><\/a><\/figure>\n\n\n\n<p>armii modernizowa\u0107 nie przestali, a nawet o plan na wypadek wojny zadbali \u2013 zwykli nieudacznicy, jako fake nius to przekazali. A Rezolucj\u0119 Parlamentu Europejskiego ws. Tarczy Wsch\u00f3d, utrat\u0105 suwerenno\u015bci nazwali. Podobni im w 1939 roku tak samo dzia\u0142ali, a potem przez Zaleszczyki do Rumunii pouciekali &#8211; dzi\u015b o azyl dla siebie na W\u0119grzech zadbali. <a href=\"http:\/\/radiomaria.com.pl\/wp-content\/uploads\/2025\/03\/15.03.Wideokonferencja.mp3\"><img loading=\"lazy\" decoding=\"async\" width=\"150\" height=\"84\" class=\"wp-image-118379\" style=\"width: 150px;\" src=\"https:\/\/htb.com.pl\/wp-content\/uploads\/2025\/03\/Pokonferencjimaly.png\" alt=\"\" srcset=\"https:\/\/htb.com.pl\/wp-content\/uploads\/2025\/03\/Pokonferencjimaly.png 966w, https:\/\/htb.com.pl\/wp-content\/uploads\/2025\/03\/Pokonferencjimaly-300x168.png 300w, https:\/\/htb.com.pl\/wp-content\/uploads\/2025\/03\/Pokonferencjimaly-768x431.png 768w, https:\/\/htb.com.pl\/wp-content\/uploads\/2025\/03\/Pokonferencjimaly-600x337.png 600w\" sizes=\"auto, (max-width: 150px) 100vw, 150px\" \/><\/a><\/p>\n\n\n\n<p><a href=\"http:\/\/radiomaria.com.pl\/wp-content\/uploads\/2025\/03\/15.03.Kolejne-klamstwo.mp3\"> I jes<\/a>zcze co\u015b pozytywnego. Przeprosiny Jerzego Owsiaka przez Zbigniewa Ziobr\u0119. Z\u0142o k\u0142ama\u0142o, \u017ce WO\u015aP kas\u0119 na pomoc powodzianom na Dolnym \u015al\u0105sku od rz\u0105du Tuska dosta\u0142o. Nie wiem jak to si\u0119 sta\u0142o, ale dobrze to wygl\u0105da\u0142o. <a href=\"http:\/\/radiomaria.com.pl\/wp-content\/uploads\/2025\/03\/15.03.Kolejne-klamstwo.mp3\"><img loading=\"lazy\" decoding=\"async\" width=\"150\" height=\"90\" class=\"wp-image-118383\" style=\"width: 150px;\" src=\"https:\/\/htb.com.pl\/wp-content\/uploads\/2025\/03\/Przeprosinymaly.png\" alt=\"\" srcset=\"https:\/\/htb.com.pl\/wp-content\/uploads\/2025\/03\/Przeprosinymaly.png 976w, https:\/\/htb.com.pl\/wp-content\/uploads\/2025\/03\/Przeprosinymaly-300x181.png 300w, https:\/\/htb.com.pl\/wp-content\/uploads\/2025\/03\/Przeprosinymaly-768x463.png 768w, https:\/\/htb.com.pl\/wp-content\/uploads\/2025\/03\/Przeprosinymaly-600x361.png 600w\" sizes=\"auto, (max-width: 150px) 100vw, 150px\" \/><\/a><\/p>\n\n\n\n<p>&nbsp; Uwaga!<\/p>\n\n\n\n<p>To nie musi by\u0107 prawda, jak zwykle \u015bwiat z perspektywy Marysi \u017ce\u015bmy przedstawiali. Polacy nigdy si\u0119 z ni\u0105 nie zgadzali. Przypomn\u0119 tylko, \u017ce Elektrowni\u0119 J\u0105drow\u0105 w \u017barnowcu wsp\u00f3lnie \u017ce\u015bmy zlikwidowali. Podobno teraz b\u0119dziemy budowali.<\/p>\n","protected":false},"excerpt":{"rendered":"<p>Arystoteles (ur.&nbsp;384 p.n.e.&nbsp;w&nbsp;Stagirze, zm.&nbsp;322 p.n.e.&nbsp;w&nbsp;Chalkis) \u2013&nbsp;filozof, jeden z trzech &nbsp;obok&nbsp;Sokratesa&nbsp;i&nbsp;Platona&nbsp;\u2013 najs\u0142awniejszych&nbsp;filozof\u00f3w staro\u017cytnej Grecji)&nbsp;twierdzi\u0142, \u017ce polityka jest to rodzaj sztuki rz\u0105dzenia pa\u0144stwem, kt\u00f3rej celem jest&nbsp;dobro wsp\u00f3lne. Uznawa\u0142, \u017ce&nbsp;polityka&nbsp;nie mo\u017ce by\u0107&nbsp;despotyczna, ale&nbsp;liberalna. &nbsp; Tak si\u0119 z\u0142o\u017cy\u0142o, \u017ce mia\u0142em okazj\u0119 si\u0119 przekona\u0107, jak wielka jest to sztuka. Poniewa\u017c nie zawsze jest tak, \u017ce ludzie wiedz\u0105, co jest dla [&hellip;]<\/p>\n","protected":false},"author":1,"featured_media":118386,"comment_status":"open","ping_status":"open","sticky":false,"template":"","format":"standard","meta":{"_jetpack_memberships_contains_paid_content":false,"footnotes":""},"categories":[4],"tags":[1009],"class_list":["post-118368","post","type-post","status-publish","format-standard","has-post-thumbnail","hentry","category-daty-i-fakty-blog","tag-polityka"],"jetpack_sharing_enabled":true,"jetpack_featured_media_url":"https:\/\/htb.com.pl\/wp-content\/uploads\/2025\/03\/Arystoteles.png","_links":{"self":[{"href":"https:\/\/htb.com.pl\/index.php?rest_route=\/wp\/v2\/posts\/118368","targetHints":{"allow":["GET"]}}],"collection":[{"href":"https:\/\/htb.com.pl\/index.php?rest_route=\/wp\/v2\/posts"}],"about":[{"href":"https:\/\/htb.com.pl\/index.php?rest_route=\/wp\/v2\/types\/post"}],"author":[{"embeddable":true,"href":"https:\/\/htb.com.pl\/index.php?rest_route=\/wp\/v2\/users\/1"}],"replies":[{"embeddable":true,"href":"https:\/\/htb.com.pl\/index.php?rest_route=%2Fwp%2Fv2%2Fcomments&post=118368"}],"version-history":[{"count":12,"href":"https:\/\/htb.com.pl\/index.php?rest_route=\/wp\/v2\/posts\/118368\/revisions"}],"predecessor-version":[{"id":118393,"href":"https:\/\/htb.com.pl\/index.php?rest_route=\/wp\/v2\/posts\/118368\/revisions\/118393"}],"wp:featuredmedia":[{"embeddable":true,"href":"https:\/\/htb.com.pl\/index.php?rest_route=\/wp\/v2\/media\/118386"}],"wp:attachment":[{"href":"https:\/\/htb.com.pl\/index.php?rest_route=%2Fwp%2Fv2%2Fmedia&parent=118368"}],"wp:term":[{"taxonomy":"category","embeddable":true,"href":"https:\/\/htb.com.pl\/index.php?rest_route=%2Fwp%2Fv2%2Fcategories&post=118368"},{"taxonomy":"post_tag","embeddable":true,"href":"https:\/\/htb.com.pl\/index.php?rest_route=%2Fwp%2Fv2%2Ftags&post=118368"}],"curies":[{"name":"wp","href":"https:\/\/api.w.org\/{rel}","templated":true}]}}