{"id":1184,"date":"2018-07-27T14:27:05","date_gmt":"2018-07-27T14:27:05","guid":{"rendered":"https:\/\/htb.com.pl\/?p=1184"},"modified":"2020-02-24T07:55:02","modified_gmt":"2020-02-24T07:55:02","slug":"media","status":"publish","type":"post","link":"https:\/\/htb.com.pl\/?p=1184","title":{"rendered":"Media"},"content":{"rendered":"<p><img loading=\"lazy\" decoding=\"async\" class=\"alignnone size-full wp-image-1185\" src=\"https:\/\/htb.com.pl\/wp-content\/uploads\/2018\/07\/zamekz.jpg\" alt=\"\" width=\"259\" height=\"194\" \/><\/p>\n<p>Napisz\u0119 o mediach. Ma\u0142o o nich wiem ale o <a href=\"https:\/\/htb.com.pl\/?p=202\">Napoleonie<\/a> wiem jeszcze mniej, a wpis o nim podoba\u0142 si\u0119.<\/p>\n<p>11 wrze\u015bnia 2001 roku w Stanach Zjednoczonych terrory\u015bci dokonali zamachu na wie\u017ce Word Trade Center oraz budynek Pentagonu, samolot, kt\u00f3ry moim zdaniem mia\u0142 uderzy\u0107 w Bia\u0142y Dom, rozbi\u0142 si\u0119 nie dolatuj\u0105c do celu. Pasa\u017cerowie zaatakowali zamachowc\u00f3w. Zgin\u0119\u0142o 2996 os\u00f3b. Tego dnia kompletowa\u0142em\u00a0 maszyny dla stolarzy w Ole\u015bnie \u015al\u0105skim. Pracowa\u0142em z moim koleg\u0105 Edmundem. On by\u0142 Niemcem. To by\u0142 wtorek. Dla mnie wtorek to z\u0142y dzie\u0144. We wtorek 9 czerwca1987 roku pojecha\u0142em bez Majki na Papie\u017ca, ona musia\u0142a i\u015b\u0107 do szpitala. Umar\u0142a 13 pa\u017adziernika i to te\u017c by\u0142 wtorek. To\u00a0 dwa moje najgorsze wtorki, o pozosta\u0142ych nie b\u0119d\u0119 pisa\u0142. Wiem jedno &#8211; jak jest wtorek b\u0119dzie \u017ale. Z takim te\u017c nastawieniem podszed\u0142em do uruchamiania pi\u0142y \u015bcianowej do p\u0142yt. Proste, a nie dzia\u0142a &#8211; wtorek. Tak oko\u0142o po\u0142udnia Edmund przyszed\u0142 i m\u00f3wi, Janek wojna. Kto na nas napad\u0142, wy, czy ruskie? Nie zgad\u0142e\u015b\u2026 Razem? Na Ameryk\u0119 napadli. Silnik pi\u0142y ruszy\u0142, o dzia\u0142a ucieszy\u0142 si\u0119 Edmund. Ja si\u0119 nie cieszy\u0142em, wtorek to wtorek, trzeba prze\u017cy\u0107 i b\u0119dzie \u015broda. Wieczorem ogl\u0105daj\u0105c wiadomo\u015bci, zrozumia\u0142em, \u017ce \u015bwiat si\u0119 zmieni\u0142. Wszystkie media relacjonowa\u0142y atak terrorystyczny na USA tak samo.\u00a0 Wiedzia\u0142em, \u017ce to wielka \u00a0tragedia ale ta zgodno\u015b\u0107 w relacjonowaniu\u00a0 dawa\u0142a jak\u0105\u015b nadziej\u0119. Pomy\u015bla\u0142em, \u017ce mo\u017ce nawet ojciec Tadeusz Rydzyk nie b\u0119dzie m\u00f3wi\u0142 \u017ale o nieobecnych. Polska by\u0142a wolna, <a href=\"https:\/\/htb.com.pl\/?p=243\">wszystko wygl\u0105da\u0142o mniej wi\u0119cej tak, jak w 1976 roku m\u00f3wi\u0142a Majka definiuj\u0105c woln\u0105 Polsk\u0119.<\/a> Tylko to m\u00f3wienie \u017ale o nieobecnych w mediach.<\/p>\n<p>Pod koniec tego tragicznego wrze\u015bnia z moj\u0105 \u017bon\u0105 Dorotk\u0105 i Synem Konradem pojechali\u015bmy do moich Rodzic\u00f3w, do Zaklikowa. Mieszkaj\u0105 bardzo blisko zalewu. Nie by\u0142o jeszcze tak ca\u0142kiem po sezonie ale \u00a0chocia\u017c to sobota, dzie\u0144 wolny, widzia\u0142em przez okno, \u017ce na pla\u017cy pusto. Co\u015b mi kaza\u0142o tam i\u015b\u0107. Nikt nie mia\u0142 ochoty, poszed\u0142em sam. Gdy doszed\u0142em do \u00a0dzikiej gruszy, co na takiej g\u00f3rce ro\u015bnie \u00a0po\u017ca\u0142owa\u0142em, \u017ce jestem bez mojej Dorotki. <a href=\"https:\/\/htb.com.pl\/?product=zycie-po-smierci\"><img loading=\"lazy\" decoding=\"async\" class=\"size-full wp-image-1181 alignleft\" src=\"https:\/\/htb.com.pl\/wp-content\/uploads\/2018\/07\/\u015amier\u0107.jpg\" alt=\"\" width=\"200\" height=\"293\" \/><\/a> Przy niej ten straszny obraz Marysi w trumnie nie wraca\u0142. Teraz wr\u00f3ci, sta\u0142em w miejscu, gdzie j\u0105 po dziesi\u0119ciu latach \u201eplanowego\u201d rozstania spotka\u0142em \u00a0ponownie. \u017beby odp\u0119dzi\u0107 koszmar jej \u015bmierci zacz\u0105\u0142em \u00a0my\u015ble\u0107 o wianku, kt\u00f3ry tam troch\u0119 dalej przy k\u0105pielisku wy\u0142awia\u0142em, to by\u0142o 21 czerwca 1986 roku, to te\u017c by\u0142a sobota. Sobota to przecie\u017c m\u00f3j dobry dzie\u0144. Jednak ci\u0105gle widzia\u0142em Majk\u0119 bez w\u0142os\u00f3w, z chustk\u0105 na g\u0142owie. Doszed\u0142em do ko\u0144ca pomostu, sta\u0142em w miejscu, gdzie le\u017ca\u0142 \u015bwiec\u0105cy wianek Marysi, a my p\u0142ywali\u015bmy nadzy w zalewie. Dzie\u0144 dobry \u2013 jaki\u015b cz\u0142owiek sta\u0142 za mn\u0105 i patrzy\u0142 w dal. Dobrze pan wygl\u0105da, nie dziwie si\u0119, \u017ce minie pan pokona\u0142. Pomyli\u0142 mnie z kim\u015b, zwykle to ja obrywa\u0142em, wygl\u0105da\u0142o, \u017ce m\u00f3wi o jakiej\u015b b\u00f3jce. W 1976 roku, tam na Kopcu odbi\u0142 mi pan dziewczyn\u0119. Teraz go pozna\u0142em, to<a href=\"https:\/\/htb.com.pl\/?p=1007\"> ten co tak super\u00a0 ta\u0144czy\u0142 z Majk\u0105, a potem si\u0119 pok\u0142\u00f3cili<\/a>. Mia\u0142em nadziej\u0119, \u017ce da mi w ryj ale nie, sta\u0142 tylko i patrzy\u0142 w kierunku, gdzie za krzakami jest kemping Kopiec. Marysia nie \u017cyje, powiedzia\u0142em. Wiem, by\u0142em na pogrzebie, nie podszed\u0142em do pana \u2013 przytuli\u0142em go jak kiedy\u015b Majk\u0119 \u2013 Janek. Ja jestem Grzegorz<a href=\"https:\/\/htb.com.pl\/?p=246\">. Nie podszed\u0142em do ciebie, bo rycza\u0142em jak dziecko, gdy zako\u0144czy\u0142e\u015b j\u0105 \u017cegna\u0107.<\/a> \u00a0Jak si\u0119 opanowa\u0142em, ty pojecha\u0142e\u015b t\u0105 czarn\u0105 Wo\u0142g\u0105. Z Julkiem, ochroniarzem Majki, to by\u0142a Czajka. Julek mieszka w Kanadzie. Znali\u015bmy Janek niezwyk\u0142\u0105 osob\u0119, z ciekawym postrzeganiem naszego \u015bwiata. Po maturze zdawa\u0142em na medycyn\u0119, egzamin zda\u0142em ale z braku miejsc mnie nie przyj\u0119li. Wyjecha\u0142em do Stan\u00f3w, do rodziny. Po dw\u00f3ch latach wr\u00f3ci\u0142em i wtedy j\u0105 pozna\u0142em. Nauczy\u0142a mnie ta\u0144czy\u0107 i zaprosi\u0142a na swoj\u0105 studni\u00f3wk\u0119. By\u0142y dwa warunki, poca\u0142unek bez j\u0119zyczka to max i rozmawiamy tylko po angielsku. \u017beby to zmieni\u0107 wpad\u0142em na\u00a0 pomys\u0142, \u017ce zabior\u0119 j\u0105 do Ameryki, wiedzia\u0142em, \u017ce zamierza studiowa\u0107 za granic\u0105. Ja w Stanach zamierza\u0142em uruchomi\u0107 radiu polonijne i nadawa\u0107 dla Polak\u00f3w. Chcia\u0142em by\u0107 konkurencj\u0105 dla Wolnej Europy. No a do tego potrzebna by\u0142a Marysia. Jej pogl\u0105dy uwa\u017ca\u0142em za bardziej w\u0142a\u015bciwe ni\u017c \u00a0to co m\u00f3wi Jan Nowak Jeziora\u0144ski i Wolna Europa.\u00a0 Nie pojecha\u0142a, to widzia\u0142em. Tak \u2013 uruchomi\u0142em radio ale \u00a0bez niej to tylko taka ma\u0142a lokalna rozg\u0142o\u015bnia by\u0142a. \u017by\u0142em z reklam, kiepsko sz\u0142o. \u00a0I wreszcie pocz\u0105tek lat osiemdziesi\u0105tych, zacz\u0105\u0142em mie\u0107 wi\u0119cej reklam, by\u0142em s\u0142uchany, w Polsce si\u0119 dzia\u0142o. I wiesz &#8211; cholera jasna w kinach zacz\u0119li gra\u0107 \u201eKochaj albo rzu\u0107\u201d, \u00a0Kargul i Pawlak w Ameryce. Jest tam taka scena, gdzie Jan Pietrzak o\u015bmiesza takie radio jak moje. Sko\u0144czy\u0142y si\u0119 reklamy. Pop\u0142yn\u0105\u0142em, a\u00a0 w\u0142a\u015bciwie pojecha\u0142em. Je\u017cd\u017c\u0119 taryf\u0105. Chyba tu wr\u00f3c\u0119, zaczn\u0105 co\u015b od pocz\u0105tku, tam teraz b\u0119dzie tylko gorzej. Poda\u0142em mu swoje namiary. Jak wr\u00f3cisz odezwij si\u0119. Nieszcz\u0119\u015bcia to te\u017c moja specjalno\u015b\u0107, mog\u0119 ci pom\u00f3c w unikni\u0119ciu kolejnych. Musisz wszystko robi\u0107 inaczej ni\u017c ja. Jest szansa, \u017ce wtedy si\u0119 uda. Janek \u00a0\u2013 powiedz czemu ona wybra\u0142a ciebie, by\u0142e\u015b jeszcze nastolatkiem, tu na tym pomo\u015bcie jako m\u0142odszy ratownik u\u017cera\u0142e\u015b si\u0119 z lud\u017ami, a ona godzinami patrzy\u0142a na ciebie. <a href=\"https:\/\/htb.com.pl\/?product=zlota-kolekcja-takze-i-ty-cd-1971-zl-leszek-dlugosz\"><img loading=\"lazy\" decoding=\"async\" class=\"size-full wp-image-583 alignright\" src=\"https:\/\/htb.com.pl\/wp-content\/uploads\/2018\/05\/d\u0142ugosz.jpg\" alt=\"\" width=\"200\" height=\"202\" srcset=\"https:\/\/htb.com.pl\/wp-content\/uploads\/2018\/05\/d\u0142ugosz.jpg 200w, https:\/\/htb.com.pl\/wp-content\/uploads\/2018\/05\/d\u0142ugosz-100x100.jpg 100w\" sizes=\"auto, (max-width: 200px) 100vw, 200px\" \/><\/a>\u015amia\u0142a si\u0119 jak dziecko, gdy Leszkowi D\u0142ugoszowi kaza\u0142e\u015b wr\u00f3ci\u0107 na k\u0105pielisko, wiem, \u017ce on pochodzi z Zaklikowa. Gdy ci\u0119 zobaczy\u0142a na dyskotece ruszy\u0142a do ta\u0144ca jak do szturmu, my\u015bla\u0142em, \u017ce ducha wyzion\u0119.\u00a0 Ja my\u015bla\u0142em, \u017ce byli\u015bcie par\u0105. E- ja chcia\u0142em ale ona spraw\u0119 postawi\u0142a jasno. By\u0142em po to \u017ceby mog\u0142a szlifowa\u0107 angielski, jak mi nie pasuje, jestem wolny. Nigdy o tym nie rozmawiali\u015bmy, tu z pla\u017cy to nawet jej nie pami\u0119tam ale kiedy\u015b rozmawiaj\u0105c ze swoimi rodzicami powiedzia\u0142a, \u017ce\u00a0<a href=\"https:\/\/htb.com.pl\/?p=255\"> zapach mojego potu j\u0105 podnieca i ona widzi, \u017ce jej pot podnieca mnie.<\/a> Fremony, rzeczywi\u015bcie mog\u0142aby to by\u0107 idealn\u0105 metoda doboru partner\u00f3w. U\u017cywamy jednak dezodorant\u00f3w, zatracili\u015bmy ten pierwotny instynkt. Prawie r\u00f3wnocze\u015bnie zadzwoni\u0142y nasze kom\u00f3rki, dzwoni\u0142y nasze \u017bony, tekst ten sam, gdzie \u0142azisz obiad b\u0119dzie. Po\u017cegnali\u015bmy si\u0119, Grzegorz si\u0119 nie odezwa\u0142.<\/p>\n<p>Teraz gdy \u017ali politycy rz\u0105dz\u0105cy Polsk\u0105, przej\u0119li media publiczne, czyni\u0105c je tuba propagandow\u0105. Definicja Majki o wolnej Polsce nie pasuje zupe\u0142nie. Zreszt\u0105 nic nie pasuje. Jest nowy Pi\u0142sudski. Majka mia\u0142a by\u0107 gwarantem, \u017ce si\u0119 nie pojawi. Chcia\u0142a z nim walczy\u0107 ju\u017c w 1987 roku. Gdy odesz\u0142a wiele si\u0119 zmieni\u0142o. Jaruzelski na polecenie Papie\u017ca zacz\u0105\u0142 wprowadza\u0107 normalno\u015b\u0107, czyli demokracj\u0119. Mo\u017cna by\u0142o spokojnie opowiada\u0107 g\u0142upoty i nikt nie da\u0142 w pysk.\u00a0 \u00a025 pa\u017adziernika 1987 roku, kilka dni po pogrzebie Marysi powsta\u0142a Krajowa Komisja Wykonawcza NSZZ Solidarno\u015b\u0107 na czele z Lechem Wa\u0142\u0119s\u0105. W sk\u0142adzie znale\u017ali si\u0119: <a href=\"https:\/\/pl.wikipedia.org\/wiki\/Zbigniew_Bujak\">Zbigniew Bujak<\/a>,\u00a0<a href=\"https:\/\/pl.wikipedia.org\/wiki\/Jerzy_D%C5%82u%C5%BCniewski\">Jerzy D\u0142u\u017cniewski<\/a>,\u00a0<a href=\"https:\/\/pl.wikipedia.org\/wiki\/W%C5%82adys%C5%82aw_Frasyniuk\">W\u0142adys\u0142aw Frasyniuk<\/a>,\u00a0<a href=\"https:\/\/pl.wikipedia.org\/wiki\/Stefan_Jurczak\">Stefan Jurczak<\/a>,\u00a0<a href=\"https:\/\/pl.wikipedia.org\/wiki\/Bogdan_Lis\">Bogdan Lis<\/a>,\u00a0<a href=\"https:\/\/pl.wikipedia.org\/wiki\/Andrzej_Milczanowski\">Andrzej Milczanowski<\/a>,\u00a0<a href=\"https:\/\/pl.wikipedia.org\/wiki\/Janusz_Pa%C5%82ubicki\">Janusz Pa\u0142ubicki<\/a>,\u00a0<a href=\"https:\/\/pl.wikipedia.org\/wiki\/Stanis%C5%82aw_W%C4%99glarz\">Stanis\u0142aw W\u0119glarz<\/a>. I tu pojawia si\u0119 Pan Jaros\u0142aw Kaczy\u0144ski \u201eodwa\u017cnie\u201d wkracza do polityki, zostaje Sekretarzem tej Komisji. Ta Komisja to by\u0142 pocz\u0105tek powrotu Sanacji do w\u0142adzy. 2 grudnia 1989 roku Rz\u0105d Tadeusza Mazowieckiego wstrzyma\u0142 budow\u0119 elektrowni atomowej w \u017barnowcu. Elektrowni za kt\u00f3r\u0105 Majka \u017cycie by odda\u0142a. \u00a0Za symboliczn\u0105 z\u0142ot\u00f3wk\u0119, oddano dwa reaktory, kt\u00f3re ju\u017c by\u0142y dostarczone na budow\u0105, jeden wzi\u0119li Finowie, a drugi W\u0119grzy. Obcy kapita\u0142 wszed\u0142 i z pomoc\u0105 polityk\u00f3w ustawi\u0142 wszystko pod siebie. Jedynie \u00a0Le\u015bnicy lasy uratowali, tu wielki \u201eszacun\u201d.<\/p>\n<p>Dzi\u015b Pan Jaros\u0142aw Kaczy\u0144ski ur\u00f3s\u0142 do rango Naczelnika Pa\u0144stwa. Pokona\u0142 nawet Prezydenta. Ten w akcie desperacji chce Konstytucje zmienia\u0107, w\u0142adzy ma za ma\u0142o, nie ma jak swoich ludzi do pa\u0144stwowych sp\u00f3\u0142ek delegowa\u0107. Senat g\u0142osami PiS-u odrzuci\u0142 wniosek Prezydenta o przeprowadzenie referendum w sprawie Konstytucji. Marsza\u0142ek Senatu Stanis\u0142aw Karczewski dla potrzeb pisowskich medi\u00f3w nazwa\u0142 to sukcesem Prezydenta. Wypowied\u017a t\u0105 trzeba jeszcze oprawi\u0107 w odpowiedni kontekst i stanie si\u0119 obowi\u0105zuj\u0105c\u0105 prawd\u0105. <a href=\"https:\/\/htb.com.pl\/?p=18549\"><img loading=\"lazy\" decoding=\"async\" class=\"size-full wp-image-1183 alignleft\" src=\"https:\/\/htb.com.pl\/wp-content\/uploads\/2018\/07\/Media.jpg\" alt=\"\" width=\"200\" height=\"298\" \/><\/a> Taka jest moc medi\u00f3w i Pan Kaczy\u0144ski to wie. Bez w\u0142asnych medi\u00f3w nie da si\u0119 robi\u0107 tak strasznych g\u0142upot.\u00a0 Musia\u0142\u00a0 przej\u0105\u0107 media publiczne, aby prze\u0142ama\u0107 hegemoni\u0119 ojca Tadeusza Rydzyka. No a to kosztuje. Podziwia\u0142em z jak\u0105 inwencj\u0105\u00a0 te jego pisowskie media s\u0105 finansowane z bud\u017cetu Pa\u0144stwa. Jednak to co teraz zrobi\u0142, przesta\u0142o by\u0107 zabawne. Gdy zabrak\u0142o kasy z pa\u0144stwowych sp\u00f3\u0142ek, kt\u00f3re wykupuj\u0105 tam reklamy, postanowiono umo\u017cliwi\u0107 niekt\u00f3rym sponsorom zarobienie du\u017cych pieni\u0119dzy.<\/p>\n<p>9 lipca bie\u017c\u0105cego roku Minister Rolnictwa i Rozwoju Wsi Jan Krzysztof Ardanowski (PiS) zezwoli\u0142 na u\u017cycie pestycyd\u00f3w z grupy neonikotynoid\u00f3w do ochrony rzepaku. To trucizna, nas i tak truje smog ale pszczo\u0142y!<\/p>\n<p>Panie Kurski, w panu nadzieja \u2013 powiedz im Pan, \u017ce kasy wystarczy. Uratuje Pan Pszczo\u0142y.<\/p>\n<p>No wiem, \u017ce nie wystarczy, to mo\u017ce nie m\u00f3w Pan \u017ale o nieobecnych, rusz\u0105 reklamy &#8211; i Pietrzaka Pan nie dawaj, \u00a0on pecha przynosi.<\/p>\n<p>NIE ZABIJAJCIE PSZCZ\u00d3\u0141!!!<\/p>\n","protected":false},"excerpt":{"rendered":"<p>Napisz\u0119 o mediach. Ma\u0142o o nich wiem ale o Napoleonie wiem jeszcze mniej, a wpis o nim podoba\u0142 si\u0119. 11 wrze\u015bnia 2001 roku w Stanach Zjednoczonych terrory\u015bci dokonali zamachu na wie\u017ce Word Trade Center oraz budynek Pentagonu, samolot, kt\u00f3ry moim zdaniem mia\u0142 uderzy\u0107 w Bia\u0142y Dom, rozbi\u0142 si\u0119 nie dolatuj\u0105c do celu. Pasa\u017cerowie zaatakowali zamachowc\u00f3w. [&hellip;]<\/p>\n","protected":false},"author":1,"featured_media":1185,"comment_status":"open","ping_status":"open","sticky":false,"template":"","format":"standard","meta":{"_jetpack_memberships_contains_paid_content":false,"footnotes":""},"categories":[4],"tags":[180],"class_list":["post-1184","post","type-post","status-publish","format-standard","has-post-thumbnail","hentry","category-daty-i-fakty-blog","tag-media"],"jetpack_sharing_enabled":true,"jetpack_featured_media_url":"https:\/\/htb.com.pl\/wp-content\/uploads\/2018\/07\/zamekz.jpg","_links":{"self":[{"href":"https:\/\/htb.com.pl\/index.php?rest_route=\/wp\/v2\/posts\/1184","targetHints":{"allow":["GET"]}}],"collection":[{"href":"https:\/\/htb.com.pl\/index.php?rest_route=\/wp\/v2\/posts"}],"about":[{"href":"https:\/\/htb.com.pl\/index.php?rest_route=\/wp\/v2\/types\/post"}],"author":[{"embeddable":true,"href":"https:\/\/htb.com.pl\/index.php?rest_route=\/wp\/v2\/users\/1"}],"replies":[{"embeddable":true,"href":"https:\/\/htb.com.pl\/index.php?rest_route=%2Fwp%2Fv2%2Fcomments&post=1184"}],"version-history":[{"count":29,"href":"https:\/\/htb.com.pl\/index.php?rest_route=\/wp\/v2\/posts\/1184\/revisions"}],"predecessor-version":[{"id":18569,"href":"https:\/\/htb.com.pl\/index.php?rest_route=\/wp\/v2\/posts\/1184\/revisions\/18569"}],"wp:featuredmedia":[{"embeddable":true,"href":"https:\/\/htb.com.pl\/index.php?rest_route=\/wp\/v2\/media\/1185"}],"wp:attachment":[{"href":"https:\/\/htb.com.pl\/index.php?rest_route=%2Fwp%2Fv2%2Fmedia&parent=1184"}],"wp:term":[{"taxonomy":"category","embeddable":true,"href":"https:\/\/htb.com.pl\/index.php?rest_route=%2Fwp%2Fv2%2Fcategories&post=1184"},{"taxonomy":"post_tag","embeddable":true,"href":"https:\/\/htb.com.pl\/index.php?rest_route=%2Fwp%2Fv2%2Ftags&post=1184"}],"curies":[{"name":"wp","href":"https:\/\/api.w.org\/{rel}","templated":true}]}}