{"id":118707,"date":"2025-03-23T12:35:52","date_gmt":"2025-03-23T12:35:52","guid":{"rendered":"https:\/\/htb.com.pl\/?p=118707"},"modified":"2025-03-23T13:21:20","modified_gmt":"2025-03-23T13:21:20","slug":"republikanie-2","status":"publish","type":"post","link":"https:\/\/htb.com.pl\/?p=118707","title":{"rendered":"Republikanie"},"content":{"rendered":"\n<figure class=\"wp-block-embed is-type-video is-provider-youtube wp-block-embed-youtube wp-embed-aspect-16-9 wp-has-aspect-ratio\"><div class=\"wp-block-embed__wrapper\">\n<iframe loading=\"lazy\" title=\"PIE\u015a\u0143 KONFEDERAT\u00d3W  BARSKICH - KONCERT &quot;wS\u0141UCHIWA\u0106 SI\u0118 W PAPIE\u017bA&quot;\" width=\"848\" height=\"477\" src=\"https:\/\/www.youtube.com\/embed\/KsO6DcHQZ1Q?feature=oembed\" frameborder=\"0\" allow=\"accelerometer; autoplay; clipboard-write; encrypted-media; gyroscope; picture-in-picture; web-share\" referrerpolicy=\"strict-origin-when-cross-origin\" allowfullscreen><\/iframe>\n<\/div><\/figure>\n\n\n\n<figure class=\"wp-block-image size-thumbnail\"><a href=\"https:\/\/htb.com.pl\/wp-content\/uploads\/2025\/03\/Republikanie.mp3\"><img loading=\"lazy\" decoding=\"async\" width=\"150\" height=\"150\" src=\"https:\/\/htb.com.pl\/wp-content\/uploads\/2018\/04\/posluchaj-150x150.jpg\" alt=\"\" class=\"wp-image-2020\" srcset=\"https:\/\/htb.com.pl\/wp-content\/uploads\/2018\/04\/posluchaj-150x150.jpg 150w, https:\/\/htb.com.pl\/wp-content\/uploads\/2018\/04\/posluchaj-300x300.jpg 300w, https:\/\/htb.com.pl\/wp-content\/uploads\/2018\/04\/posluchaj-100x100.jpg 100w\" sizes=\"auto, (max-width: 150px) 100vw, 150px\" \/><\/a><\/figure>\n\n\n\n<p><\/p>\n\n\n\n<p><\/p>\n\n\n\n<p>Partia Republika\u0144ska jest w Ameryce, tam to jest konserwatywna&nbsp;<a href=\"https:\/\/pl.wikipedia.org\/wiki\/Partia_polityczna\">partia polityczna<\/a>&nbsp;za\u0142o\u017cona w 1854. Jest to jedna z dw\u00f3ch g\u0142\u00f3wnych si\u0142 politycznych w&nbsp;<a href=\"https:\/\/pl.wikipedia.org\/wiki\/Stany_Zjednoczone\">Stanach Zjednoczonych<\/a>, obok&nbsp;<a href=\"https:\/\/pl.wikipedia.org\/wiki\/Partia_Demokratyczna_(Stany_Zjednoczone)\">Partii Demokratycznej<\/a>.<\/p>\n\n\n\n<p>&nbsp; W Polsce co\u015b podobnego wcze\u015bniej powsta\u0142o, Konfederacj\u0105 Barsk\u0105 si\u0119 nazywa\u0142o.&nbsp;(1768\u20131772) \u2013&nbsp;<a href=\"https:\/\/pl.wikipedia.org\/wiki\/Konfederacja_(historia_Polski)\">zbrojny zwi\u0105zek<\/a>&nbsp;<a href=\"https:\/\/pl.wikipedia.org\/wiki\/Szlachta_w_Polsce\">szlachty polskiej<\/a>, utworzony w&nbsp;<a href=\"https:\/\/pl.wikipedia.org\/wiki\/Bar_(obw%C3%B3d_winnicki)\">Barze<\/a>&nbsp;na&nbsp;<a href=\"https:\/\/pl.wikipedia.org\/wiki\/Podole\">Podolu<\/a>&nbsp;<a href=\"https:\/\/pl.wikipedia.org\/wiki\/29_lutego\">29 lutego<\/a>&nbsp;<a href=\"https:\/\/pl.wikipedia.org\/wiki\/1768\">1768<\/a>&nbsp;roku z zaprzysi\u0119\u017ceniem&nbsp;<a href=\"https:\/\/pl.wikisource.org\/wiki\/Akt_za%C5%82o%C5%BCenia_konfederacji_barskiej\">aktu za\u0142o\u017cycielskiego<\/a>&nbsp;w obronie wiary&nbsp;<a href=\"https:\/\/pl.wikipedia.org\/wiki\/Katolicyzm\">katolickiej<\/a>&nbsp;i niepodleg\u0142o\u015bci&nbsp;<a href=\"https:\/\/pl.wikipedia.org\/wiki\/Rzeczpospolita_Obojga_Narod%C3%B3w\">Rzeczypospolitej<\/a>, skierowany przeciwko:&nbsp;<a href=\"https:\/\/pl.wikipedia.org\/wiki\/Protektorat\">protektoratowi<\/a>&nbsp;<a href=\"https:\/\/pl.wikipedia.org\/wiki\/Imperium_Rosyjskie\">Imperium Rosyjskiego<\/a>, kr\u00f3lowi&nbsp;<a href=\"https:\/\/pl.wikipedia.org\/wiki\/Stanis%C5%82aw_August_Poniatowski\">Stanis\u0142awowi Augustowi Poniatowskiemu<\/a>&nbsp;i popieraj\u0105cym go&nbsp;<a href=\"https:\/\/pl.wikipedia.org\/wiki\/Armia_Imperium_Rosyjskiego\">wojskom rosyjskim<\/a>. Celem konfederacji by\u0142o zniesienie ustaw narzuconych przez Rosj\u0119, zw\u0142aszcza zapewniaj\u0105cych r\u00f3wnouprawnienie&nbsp;<a href=\"https:\/\/pl.wikipedia.org\/wiki\/Dysydent_(religia)\">innowiercom<\/a>.<\/p>\n\n\n\n<p>&nbsp; To by\u0142 gw\u00f3\u017ad\u017a do trumny pot\u0119gi Jagiellon\u00f3w \u2013 w\u0142a\u015bnie tolerancja sprawi\u0142a, \u017ce za Jagiellon\u00f3w Polska najpot\u0119\u017cniejszym pa\u0144stwem Europy by\u0142a. Wiara Chrze\u015bcija\u0144ska nie przeszkadza\u0142a, bo tamta Polska s\u0142owa Jezusa wypowiedziane podczas s\u0105du Pi\u0142ata: \u201eMoje Kr\u00f3lestwo nie jest z tego \u015bwiata\u201d, rozumia\u0142a.<\/p>\n\n\n\n<p>\u00a0 To co caryca Katarzyna II zwana Wielk\u0105 o Polsce \u00a0powiedzia\u0142a, <a href=\"http:\/\/radiomaria.com.pl\/wp-content\/uploads\/2025\/03\/Wypowiedz-carycy-Katarzyny-II.mp3\"><img loading=\"lazy\" decoding=\"async\" width=\"150\" height=\"179\" class=\"wp-image-118716\" style=\"width: 150px;\" src=\"https:\/\/htb.com.pl\/wp-content\/uploads\/2025\/03\/caryca-maly.jpg\" alt=\"\"><\/a> dzi\u015b Rosja Putina zastosowa\u0142a i Polska si\u0119 nabra\u0142a. Zostali\u015bmy sk\u0142\u00f3ceni, podzieleni i wiary naszych Ojc\u00f3w pozbawieni. Najwa\u017cniejsze przykazanie o mi\u0142owaniu bli\u017aniego, dotyczy swojego bli\u017aniego. Imi\u0119 Marii, Matki Jezusa na Maryja zosta\u0142o zmienione. Bo tak w encyklice \u00a0Ad Caeli Reginam Papie\u017ca Pijusa XII w 1954 roku zasta\u0142o postanowione, gdy z genera\u0142em Francisco Franco hiszpa\u0144skie pa\u0144stwo katolickie by\u0142o tworzone.<\/p>\n\n\n\n<p>&nbsp; To w\u0142a\u015bnie ludzie Putina wykorzystali, jak nas sk\u0142\u00f3cali.<\/p>\n\n\n\n<p>To cud, \u017ce Polacy do ko\u0144ca si\u0119 nie nabrali <a href=\"http:\/\/radiomaria.com.pl\/wp-content\/uploads\/2023\/03\/23.03.Nic-o-nas-bez-nas.mp3\"><img loading=\"lazy\" decoding=\"async\" width=\"150\" height=\"60\" class=\"wp-image-118724\" style=\"width: 150px;\" src=\"https:\/\/htb.com.pl\/wp-content\/uploads\/2025\/03\/O-nich-bez-nichmaly.png\" alt=\"\" srcset=\"https:\/\/htb.com.pl\/wp-content\/uploads\/2025\/03\/O-nich-bez-nichmaly.png 982w, https:\/\/htb.com.pl\/wp-content\/uploads\/2025\/03\/O-nich-bez-nichmaly-300x120.png 300w, https:\/\/htb.com.pl\/wp-content\/uploads\/2025\/03\/O-nich-bez-nichmaly-768x307.png 768w, https:\/\/htb.com.pl\/wp-content\/uploads\/2025\/03\/O-nich-bez-nichmaly-600x240.png 600w\" sizes=\"auto, (max-width: 150px) 100vw, 150px\" \/><\/a> i spo\u015br\u00f3d konserwatyst\u00f3w wzoruj\u0105cych si\u0119 na J\u00f3zefie Pi\u0142sudskim i jego Sanacji takich polityk\u00f3w wybrali, kt\u00f3rzy Donalda Tuska pos\u0142uchali i Putina za z\u0142o uznali.<\/p>\n\n\n\n<p>&nbsp; Amerykanie inaczej zag\u0142osowali. Tam republikanina Donalda Trumpa wybrali i ludzie Putina na Kremlu \u015bwi\u0119towali. <a href=\"http:\/\/radiomaria.com.pl\/wp-content\/uploads\/2025\/03\/2003RozmowaTrumpPutin.mp3\"><img loading=\"lazy\" decoding=\"async\" width=\"150\" height=\"76\" class=\"wp-image-118043\" style=\"width: 150px;\" src=\"https:\/\/htb.com.pl\/wp-content\/uploads\/2025\/03\/Kim-oni-samaly.png\" alt=\"\" srcset=\"https:\/\/htb.com.pl\/wp-content\/uploads\/2025\/03\/Kim-oni-samaly.png 983w, https:\/\/htb.com.pl\/wp-content\/uploads\/2025\/03\/Kim-oni-samaly-300x151.png 300w, https:\/\/htb.com.pl\/wp-content\/uploads\/2025\/03\/Kim-oni-samaly-768x387.png 768w, https:\/\/htb.com.pl\/wp-content\/uploads\/2025\/03\/Kim-oni-samaly-600x302.png 600w\" sizes=\"auto, (max-width: 150px) 100vw, 150px\" \/><\/a> <a href=\"http:\/\/radiomaria.com.pl\/wp-content\/uploads\/2025\/03\/2103Czarnotowidze.mp3\"><img loading=\"lazy\" decoding=\"async\" width=\"150\" height=\"84\" class=\"wp-image-117741\" style=\"width: 150px;\" src=\"https:\/\/htb.com.pl\/wp-content\/uploads\/2025\/03\/Klotnia-w-Bialym-Domu.png\" alt=\"\" srcset=\"https:\/\/htb.com.pl\/wp-content\/uploads\/2025\/03\/Klotnia-w-Bialym-Domu.png 986w, https:\/\/htb.com.pl\/wp-content\/uploads\/2025\/03\/Klotnia-w-Bialym-Domu-300x168.png 300w, https:\/\/htb.com.pl\/wp-content\/uploads\/2025\/03\/Klotnia-w-Bialym-Domu-768x430.png 768w, https:\/\/htb.com.pl\/wp-content\/uploads\/2025\/03\/Klotnia-w-Bialym-Domu-600x336.png 600w\" sizes=\"auto, (max-width: 150px) 100vw, 150px\" \/><\/a> <a href=\"http:\/\/radiomaria.com.pl\/wp-content\/uploads\/2025\/03\/22.03.Biznes-a-nie-polityka.mp3\"><img loading=\"lazy\" decoding=\"async\" width=\"150\" height=\"81\" class=\"wp-image-118722\" style=\"width: 150px;\" src=\"https:\/\/htb.com.pl\/wp-content\/uploads\/2025\/03\/Zaporoska.png\" alt=\"\" srcset=\"https:\/\/htb.com.pl\/wp-content\/uploads\/2025\/03\/Zaporoska.png 682w, https:\/\/htb.com.pl\/wp-content\/uploads\/2025\/03\/Zaporoska-300x161.png 300w, https:\/\/htb.com.pl\/wp-content\/uploads\/2025\/03\/Zaporoska-600x323.png 600w\" sizes=\"auto, (max-width: 150px) 100vw, 150px\" \/><\/a><\/p>\n\n\n\n<p>&nbsp; To czy Rosjanie na naszej wschodniej granicy zbrojnie b\u0119d\u0105 stali zale\u017cy od tego, jak Ukrain\u0119, kt\u00f3ra z &nbsp;Putinem walczy b\u0119dziemy wspierali i czy nadal tylko swojego bli\u017aniego, jak siebie samego b\u0119dziemy kochali.<\/p>\n\n\n\n<p>&nbsp; Bardzo bym chcia\u0142, \u017ceby Polacy ze zrozumienie m\u00f3j tekst przeczytali \u2013 bo prezydenta Polski b\u0119dziemy wybierali. <\/p>\n","protected":false},"excerpt":{"rendered":"<p>Partia Republika\u0144ska jest w Ameryce, tam to jest konserwatywna&nbsp;partia polityczna&nbsp;za\u0142o\u017cona w 1854. Jest to jedna z dw\u00f3ch g\u0142\u00f3wnych si\u0142 politycznych w&nbsp;Stanach Zjednoczonych, obok&nbsp;Partii Demokratycznej. &nbsp; W Polsce co\u015b podobnego wcze\u015bniej powsta\u0142o, Konfederacj\u0105 Barsk\u0105 si\u0119 nazywa\u0142o.&nbsp;(1768\u20131772) \u2013&nbsp;zbrojny zwi\u0105zek&nbsp;szlachty polskiej, utworzony w&nbsp;Barze&nbsp;na&nbsp;Podolu&nbsp;29 lutego&nbsp;1768&nbsp;roku z zaprzysi\u0119\u017ceniem&nbsp;aktu za\u0142o\u017cycielskiego&nbsp;w obronie wiary&nbsp;katolickiej&nbsp;i niepodleg\u0142o\u015bci&nbsp;Rzeczypospolitej, skierowany przeciwko:&nbsp;protektoratowi&nbsp;Imperium Rosyjskiego, kr\u00f3lowi&nbsp;Stanis\u0142awowi Augustowi Poniatowskiemu&nbsp;i popieraj\u0105cym go&nbsp;wojskom [&hellip;]<\/p>\n","protected":false},"author":1,"featured_media":118726,"comment_status":"open","ping_status":"open","sticky":false,"template":"","format":"standard","meta":{"_jetpack_memberships_contains_paid_content":false,"footnotes":""},"categories":[4],"tags":[1004],"class_list":["post-118707","post","type-post","status-publish","format-standard","has-post-thumbnail","hentry","category-daty-i-fakty-blog","tag-republikanie"],"jetpack_sharing_enabled":true,"jetpack_featured_media_url":"https:\/\/htb.com.pl\/wp-content\/uploads\/2025\/03\/Targowice.png","_links":{"self":[{"href":"https:\/\/htb.com.pl\/index.php?rest_route=\/wp\/v2\/posts\/118707","targetHints":{"allow":["GET"]}}],"collection":[{"href":"https:\/\/htb.com.pl\/index.php?rest_route=\/wp\/v2\/posts"}],"about":[{"href":"https:\/\/htb.com.pl\/index.php?rest_route=\/wp\/v2\/types\/post"}],"author":[{"embeddable":true,"href":"https:\/\/htb.com.pl\/index.php?rest_route=\/wp\/v2\/users\/1"}],"replies":[{"embeddable":true,"href":"https:\/\/htb.com.pl\/index.php?rest_route=%2Fwp%2Fv2%2Fcomments&post=118707"}],"version-history":[{"count":11,"href":"https:\/\/htb.com.pl\/index.php?rest_route=\/wp\/v2\/posts\/118707\/revisions"}],"predecessor-version":[{"id":118732,"href":"https:\/\/htb.com.pl\/index.php?rest_route=\/wp\/v2\/posts\/118707\/revisions\/118732"}],"wp:featuredmedia":[{"embeddable":true,"href":"https:\/\/htb.com.pl\/index.php?rest_route=\/wp\/v2\/media\/118726"}],"wp:attachment":[{"href":"https:\/\/htb.com.pl\/index.php?rest_route=%2Fwp%2Fv2%2Fmedia&parent=118707"}],"wp:term":[{"taxonomy":"category","embeddable":true,"href":"https:\/\/htb.com.pl\/index.php?rest_route=%2Fwp%2Fv2%2Fcategories&post=118707"},{"taxonomy":"post_tag","embeddable":true,"href":"https:\/\/htb.com.pl\/index.php?rest_route=%2Fwp%2Fv2%2Ftags&post=118707"}],"curies":[{"name":"wp","href":"https:\/\/api.w.org\/{rel}","templated":true}]}}