{"id":119727,"date":"2025-04-13T08:44:38","date_gmt":"2025-04-13T08:44:38","guid":{"rendered":"https:\/\/htb.com.pl\/?p=119727"},"modified":"2025-04-13T09:58:24","modified_gmt":"2025-04-13T09:58:24","slug":"debata-w-konskich","status":"publish","type":"post","link":"https:\/\/htb.com.pl\/?p=119727","title":{"rendered":"Debata w Ko\u0144skich"},"content":{"rendered":"\n<figure class=\"wp-block-image size-thumbnail\"><a href=\"https:\/\/htb.com.pl\/wp-content\/uploads\/2025\/04\/Debata-w-Konskich.mp3\"><img loading=\"lazy\" decoding=\"async\" width=\"150\" height=\"150\" src=\"https:\/\/htb.com.pl\/wp-content\/uploads\/2018\/04\/posluchaj-150x150.jpg\" alt=\"\" class=\"wp-image-2020\" srcset=\"https:\/\/htb.com.pl\/wp-content\/uploads\/2018\/04\/posluchaj-150x150.jpg 150w, https:\/\/htb.com.pl\/wp-content\/uploads\/2018\/04\/posluchaj-300x300.jpg 300w, https:\/\/htb.com.pl\/wp-content\/uploads\/2018\/04\/posluchaj-100x100.jpg 100w\" sizes=\"auto, (max-width: 150px) 100vw, 150px\" \/><\/a><\/figure>\n\n\n\n<p><\/p>\n\n\n\n<figure class=\"wp-block-image size-full\"><a href=\"http:\/\/radiomaria.com.pl\/wp-content\/uploads\/2023\/03\/1304.Debata-w-Konskich.mp3\"><img loading=\"lazy\" decoding=\"async\" width=\"956\" height=\"638\" src=\"https:\/\/htb.com.pl\/wp-content\/uploads\/2025\/04\/Debata-zdjecia.png\" alt=\"\" class=\"wp-image-119740\" srcset=\"https:\/\/htb.com.pl\/wp-content\/uploads\/2025\/04\/Debata-zdjecia.png 956w, https:\/\/htb.com.pl\/wp-content\/uploads\/2025\/04\/Debata-zdjecia-300x200.png 300w, https:\/\/htb.com.pl\/wp-content\/uploads\/2025\/04\/Debata-zdjecia-768x513.png 768w, https:\/\/htb.com.pl\/wp-content\/uploads\/2025\/04\/Debata-zdjecia-600x400.png 600w\" sizes=\"auto, (max-width: 956px) 100vw, 956px\" \/><\/a><\/figure>\n\n\n\n<p><a href=\"https:\/\/pl.wikipedia.org\/wiki\/Grzegorz_Schetyna\"><strong>\u201eWybory wygrywa si\u0119 w Ko\u0144skich\u201d<\/strong>&nbsp;\u2013  s\u0142owa&nbsp;Gr<\/a>zegorza<a href=\"https:\/\/pl.wikipedia.org\/wiki\/Grzegorz_Schetyna\"> <\/a>Schetyny&nbsp;wypowiedziane w&nbsp;2016&nbsp;roku.&nbsp;Okaza\u0142y si\u0119 prorocze. To tam wtedy w 2015 roku k\u0142amstwo pewn\u0105 barier\u0119 pokona\u0142o i prawd\u0105 dla Polak\u00f3w si\u0119 sta\u0142o. Wygl\u0105da na to, \u017ce tym razem Putinowi si\u0119 nie uda\u0142o. <\/p>\n\n\n\n<p>&nbsp; <a href=\"https:\/\/pl.wikipedia.org\/wiki\/Ko%C5%84skie\">Ko\u0144skie<\/a>&nbsp;to miasto powiatowe w&nbsp;<a href=\"https:\/\/pl.wikipedia.org\/wiki\/Wojew%C3%B3dztwo_%C5%9Bwi%C4%99tokrzyskie\">wojew\u00f3dztwie \u015bwi\u0119tokrzyskim<\/a>.&nbsp;Jest symbolem polskich ma\u0142ych miejscowo\u015bci, wsi,&nbsp;<a href=\"https:\/\/pl.wikipedia.org\/wiki\/Polska_Wschodnia\">\u015bciany wschodniej<\/a>&nbsp;i&nbsp;<a href=\"https:\/\/pl.wikipedia.org\/wiki\/Podkarpacie\">Podkarpacia<\/a>.<\/p>\n\n\n\n<p>To tu, na Podkarpaciu w 2015 roku obecny prezydent Andrzej Duda pokona\u0142 Rafa\u0142a Trzaskowskiego w punktach procentowych 72 do 28 i dzi\u0119ki temu zosta\u0142 g\u0142ow\u0105 pa\u0144stwa.<\/p>\n\n\n\n<p>&nbsp; Dzi\u015b w dobie Tik Toka i medi\u00f3w spo\u0142eczno\u015bciowych obecna ordynacja (wybory powszechne)&nbsp;jest o wiele bardziej niedoskona\u0142a ni\u017c by\u0142a w 1990 roku, gdy za spraw\u0105 genera\u0142a Wojciecha Jaruzelskiego w Polsce powsta\u0142a. Wcze\u015bniej Polska g\u0142ow\u0119 pa\u0144stwa poprzez Zgromadzenie Narodowe wybiera\u0142a.<\/p>\n\n\n\n<p>&nbsp; W Stanach Zjednoczonych ludzie Donalda Trumpa wybrali <a href=\"http:\/\/radiomaria.com.pl\/wp-content\/uploads\/2025\/04\/11.04.Kaczka-dziwaczka.mp3\"><img loading=\"lazy\" decoding=\"async\" width=\"150\" height=\"72\" class=\"wp-image-119736\" style=\"width: 150px;\" src=\"https:\/\/htb.com.pl\/wp-content\/uploads\/2025\/04\/Kaczka-dziwaczka.png\" alt=\"\" srcset=\"https:\/\/htb.com.pl\/wp-content\/uploads\/2025\/04\/Kaczka-dziwaczka.png 673w, https:\/\/htb.com.pl\/wp-content\/uploads\/2025\/04\/Kaczka-dziwaczka-300x145.png 300w, https:\/\/htb.com.pl\/wp-content\/uploads\/2025\/04\/Kaczka-dziwaczka-600x290.png 600w\" sizes=\"auto, (max-width: 150px) 100vw, 150px\" \/><\/a> \u2013 ju\u017c po\u017ca\u0142owali. Mam nadziej\u0119, \u017ce my w Europie a\u017c tak tego nie odczujemy \u2013 chyba, \u017ce znowu si\u0119 nabierzemy. <a href=\"http:\/\/radiomaria.com.pl\/wp-content\/uploads\/2025\/04\/08.04.Relokacja.mp3\"><img loading=\"lazy\" decoding=\"async\" width=\"150\" height=\"92\" class=\"wp-image-119732\" style=\"width: 150px;\" src=\"https:\/\/htb.com.pl\/wp-content\/uploads\/2025\/04\/Relokacjamaly.png\" alt=\"\" srcset=\"https:\/\/htb.com.pl\/wp-content\/uploads\/2025\/04\/Relokacjamaly.png 985w, https:\/\/htb.com.pl\/wp-content\/uploads\/2025\/04\/Relokacjamaly-300x185.png 300w, https:\/\/htb.com.pl\/wp-content\/uploads\/2025\/04\/Relokacjamaly-768x472.png 768w, https:\/\/htb.com.pl\/wp-content\/uploads\/2025\/04\/Relokacjamaly-600x369.png 600w\" sizes=\"auto, (max-width: 150px) 100vw, 150px\" \/><\/a><\/p>\n\n\n\n<p>&nbsp; Wtedy w &nbsp;2015 roku ludzie, kt\u00f3rzy w Telewizji Republika dzia\u0142ali, nas nabrali. <a href=\"http:\/\/radiomaria.com.pl\/wp-content\/uploads\/2025\/04\/09.04.TV-Republika-bez-koncesji.mp3\"><img loading=\"lazy\" decoding=\"async\" width=\"150\" height=\"80\" class=\"wp-image-119734\" style=\"width: 150px;\" src=\"https:\/\/htb.com.pl\/wp-content\/uploads\/2025\/04\/Rachonmaly.png\" alt=\"\" srcset=\"https:\/\/htb.com.pl\/wp-content\/uploads\/2025\/04\/Rachonmaly.png 960w, https:\/\/htb.com.pl\/wp-content\/uploads\/2025\/04\/Rachonmaly-300x161.png 300w, https:\/\/htb.com.pl\/wp-content\/uploads\/2025\/04\/Rachonmaly-768x411.png 768w, https:\/\/htb.com.pl\/wp-content\/uploads\/2025\/04\/Rachonmaly-850x450.png 850w, https:\/\/htb.com.pl\/wp-content\/uploads\/2025\/04\/Rachonmaly-600x321.png 600w\" sizes=\"auto, (max-width: 150px) 100vw, 150px\" \/><\/a> Teraz Republik\u0105 si\u0119 nazwali, a ostatnio proces o koncesj\u0119 z Wolnymi Mediami przegrali. \u015amia\u0107 mi si\u0119 chcia\u0142o, jak w Ko\u0144skich swoj\u0105 debat\u0119 zorganizowali i do tej organizowanej przez TVP, TVN i Polsat do\u0142\u0105czy\u0107 pr\u00f3bowali. <em>LOL! <\/em>Nie jeste\u015bcie dziennikarzami w rozumieniu prawa prasowego, ani \u0142adu spo\u0142ecznego. Jeste\u015bcie zwyk\u0142ymi \u201ehejterami\u201d.<\/p>\n\n\n\n<hr class=\"wp-block-separator has-alpha-channel-opacity\"\/>\n\n\n\n<p><a id=\"_msocom_1\"><\/a><\/p>\n\n\n\n<p>&nbsp;<a href=\"#_msoanchor_1\">[DC1]<\/a><\/p>\n","protected":false},"excerpt":{"rendered":"<p>\u201eWybory wygrywa si\u0119 w Ko\u0144skich\u201d&nbsp;\u2013 s\u0142owa&nbsp;Grzegorza Schetyny&nbsp;wypowiedziane w&nbsp;2016&nbsp;roku.&nbsp;Okaza\u0142y si\u0119 prorocze. To tam wtedy w 2015 roku k\u0142amstwo pewn\u0105 barier\u0119 pokona\u0142o i prawd\u0105 dla Polak\u00f3w si\u0119 sta\u0142o. Wygl\u0105da na to, \u017ce tym razem Putinowi si\u0119 nie uda\u0142o. &nbsp; Ko\u0144skie&nbsp;to miasto powiatowe w&nbsp;wojew\u00f3dztwie \u015bwi\u0119tokrzyskim.&nbsp;Jest symbolem polskich ma\u0142ych miejscowo\u015bci, wsi,&nbsp;\u015bciany wschodniej&nbsp;i&nbsp;Podkarpacia. To tu, na Podkarpaciu w 2015 roku [&hellip;]<\/p>\n","protected":false},"author":1,"featured_media":119738,"comment_status":"open","ping_status":"open","sticky":false,"template":"","format":"standard","meta":{"_jetpack_memberships_contains_paid_content":false,"footnotes":""},"categories":[4],"tags":[1012],"class_list":["post-119727","post","type-post","status-publish","format-standard","has-post-thumbnail","hentry","category-daty-i-fakty-blog","tag-debata-w-konskich"],"jetpack_sharing_enabled":true,"jetpack_featured_media_url":"https:\/\/htb.com.pl\/wp-content\/uploads\/2025\/04\/DebataKmaly.png","_links":{"self":[{"href":"https:\/\/htb.com.pl\/index.php?rest_route=\/wp\/v2\/posts\/119727","targetHints":{"allow":["GET"]}}],"collection":[{"href":"https:\/\/htb.com.pl\/index.php?rest_route=\/wp\/v2\/posts"}],"about":[{"href":"https:\/\/htb.com.pl\/index.php?rest_route=\/wp\/v2\/types\/post"}],"author":[{"embeddable":true,"href":"https:\/\/htb.com.pl\/index.php?rest_route=\/wp\/v2\/users\/1"}],"replies":[{"embeddable":true,"href":"https:\/\/htb.com.pl\/index.php?rest_route=%2Fwp%2Fv2%2Fcomments&post=119727"}],"version-history":[{"count":9,"href":"https:\/\/htb.com.pl\/index.php?rest_route=\/wp\/v2\/posts\/119727\/revisions"}],"predecessor-version":[{"id":119746,"href":"https:\/\/htb.com.pl\/index.php?rest_route=\/wp\/v2\/posts\/119727\/revisions\/119746"}],"wp:featuredmedia":[{"embeddable":true,"href":"https:\/\/htb.com.pl\/index.php?rest_route=\/wp\/v2\/media\/119738"}],"wp:attachment":[{"href":"https:\/\/htb.com.pl\/index.php?rest_route=%2Fwp%2Fv2%2Fmedia&parent=119727"}],"wp:term":[{"taxonomy":"category","embeddable":true,"href":"https:\/\/htb.com.pl\/index.php?rest_route=%2Fwp%2Fv2%2Fcategories&post=119727"},{"taxonomy":"post_tag","embeddable":true,"href":"https:\/\/htb.com.pl\/index.php?rest_route=%2Fwp%2Fv2%2Ftags&post=119727"}],"curies":[{"name":"wp","href":"https:\/\/api.w.org\/{rel}","templated":true}]}}