{"id":120075,"date":"2025-04-20T11:59:47","date_gmt":"2025-04-20T11:59:47","guid":{"rendered":"https:\/\/htb.com.pl\/?p=120075"},"modified":"2025-04-20T12:29:58","modified_gmt":"2025-04-20T12:29:58","slug":"najdrozsze-swieta-wielkanocne","status":"publish","type":"post","link":"https:\/\/htb.com.pl\/?p=120075","title":{"rendered":"Najdro\u017csze \u015awi\u0119ta Wielkanocne"},"content":{"rendered":"\n<p><\/p>\n\n\n\n<p><\/p>\n\n\n\n<figure class=\"wp-block-image size-thumbnail\"><a href=\"https:\/\/htb.com.pl\/wp-content\/uploads\/2025\/04\/Najdrozsze-Swieta-Wielkanocne.mp3\"><img loading=\"lazy\" decoding=\"async\" width=\"150\" height=\"150\" src=\"https:\/\/htb.com.pl\/wp-content\/uploads\/2018\/04\/posluchaj-150x150.jpg\" alt=\"\" class=\"wp-image-2020\" srcset=\"https:\/\/htb.com.pl\/wp-content\/uploads\/2018\/04\/posluchaj-150x150.jpg 150w, https:\/\/htb.com.pl\/wp-content\/uploads\/2018\/04\/posluchaj-300x300.jpg 300w, https:\/\/htb.com.pl\/wp-content\/uploads\/2018\/04\/posluchaj-100x100.jpg 100w\" sizes=\"auto, (max-width: 150px) 100vw, 150px\" \/><\/a><\/figure>\n\n\n\n<p>Takie s\u0142owa od lat wypowiadaj\u0105 nasi politycy. I to niezale\u017cnie, czy akurat rz\u0105dz\u0105 ci, nieco lepsi &#8211; jak akurat teraz, czy ich poprzednicy. Wykorzystuj\u0105 inflacj\u0119 \u2013 co\u015b, co jest naturalne w gospodarce rynkowej i t\u0119sknot\u0119 za tym, co by\u0142o. Szczeg\u00f3lnie dotyczy to starszych Polak\u00f3w, pami\u0119taj\u0105cych czasy gospodarki planowanej, gdzie ceny okre\u015bla\u0142 rz\u0105d <a href=\"http:\/\/radiomaria.com.pl\/wp-content\/uploads\/2025\/04\/15.04.Sanacja-wrocila.mp3\"><img loading=\"lazy\" decoding=\"async\" width=\"150\" height=\"99\" class=\"wp-image-120083\" style=\"width: 150px;\" src=\"https:\/\/htb.com.pl\/wp-content\/uploads\/2025\/04\/Fuzjamasza.png\" alt=\"\" srcset=\"https:\/\/htb.com.pl\/wp-content\/uploads\/2025\/04\/Fuzjamasza.png 677w, https:\/\/htb.com.pl\/wp-content\/uploads\/2025\/04\/Fuzjamasza-300x198.png 300w, https:\/\/htb.com.pl\/wp-content\/uploads\/2025\/04\/Fuzjamasza-600x396.png 600w\" sizes=\"auto, (max-width: 150px) 100vw, 150px\" \/> <\/a>Wtedy, jak co\u015b podro\u017ca\u0142o, to si\u0119 protestowa\u0142o i cz\u0119sto to, co podro\u017ca\u0142o tania\u0142o, albo to, co to spowodowa\u0142o &#8211; upada\u0142o.<\/p>\n\n\n\n<p>&nbsp; Tak si\u0119 rz\u0105dzi\u0107 nie da\u0142o \u2013 to katastrof\u0119 zapowiada\u0142o. Ale gdy program naszej energetyki j\u0105drowej si\u0119 zlikwidowa\u0142o, z\u0142o jakim jest katastrofa &#8211; nie tylko klimatyczna si\u0119 sta\u0142o.<\/p>\n\n\n\n<figure class=\"wp-block-image size-full\"><a href=\"http:\/\/radiomaria.com.pl\/wp-content\/uploads\/2025\/04\/14.04.Powstrzymajmy-katastrofe.mp3\"><img loading=\"lazy\" decoding=\"async\" width=\"984\" height=\"739\" src=\"https:\/\/htb.com.pl\/wp-content\/uploads\/2025\/04\/MetanE.jpg\" alt=\"\" class=\"wp-image-120081\" srcset=\"https:\/\/htb.com.pl\/wp-content\/uploads\/2025\/04\/MetanE.jpg 984w, https:\/\/htb.com.pl\/wp-content\/uploads\/2025\/04\/MetanE-300x225.jpg 300w, https:\/\/htb.com.pl\/wp-content\/uploads\/2025\/04\/MetanE-768x577.jpg 768w, https:\/\/htb.com.pl\/wp-content\/uploads\/2025\/04\/MetanE-600x451.jpg 600w\" sizes=\"auto, (max-width: 984px) 100vw, 984px\" \/><\/a><\/figure>\n\n\n\n<p>&nbsp; Demokracj\u0119 po przemianach lat 80-tych na k\u0142amstwie si\u0119 budowa\u0142o. To, co po kl\u0119sce wrze\u015bniowej w Polsce si\u0119 sta\u0142o \u2013 bohaterstwem si\u0119 nazywa\u0142o. Ukrai\u0144scy politycy nie pouciekali, jak ich Rosjanie zaatakowali. Ale Polacy nadal niczego z\u0142ego w przedwojennej sanacji nie zauwa\u017cyli i kolejny raz politycy, dla kt\u00f3rych&nbsp; Pi\u0142sudczycy wzorem byli, w\u0142adz\u0105 w Polsce si\u0119 wymienili. <a href=\"http:\/\/radiomaria.com.pl\/wp-content\/uploads\/2025\/04\/18.04.Porzadek-prawny.mp3\"><img loading=\"lazy\" decoding=\"async\" width=\"150\" height=\"79\" class=\"wp-image-120093\" style=\"width: 150px;\" src=\"https:\/\/htb.com.pl\/wp-content\/uploads\/2025\/04\/Duda-w-Sejmiemaly.png\" alt=\"\" srcset=\"https:\/\/htb.com.pl\/wp-content\/uploads\/2025\/04\/Duda-w-Sejmiemaly.png 968w, https:\/\/htb.com.pl\/wp-content\/uploads\/2025\/04\/Duda-w-Sejmiemaly-300x158.png 300w, https:\/\/htb.com.pl\/wp-content\/uploads\/2025\/04\/Duda-w-Sejmiemaly-768x405.png 768w, https:\/\/htb.com.pl\/wp-content\/uploads\/2025\/04\/Duda-w-Sejmiemaly-850x450.png 850w, https:\/\/htb.com.pl\/wp-content\/uploads\/2025\/04\/Duda-w-Sejmiemaly-600x316.png 600w\" sizes=\"auto, (max-width: 150px) 100vw, 150px\" \/><\/a><\/p>\n\n\n\n<p>&nbsp; Teraz 1000-lecie koronacji Boles\u0142awa Chrobrego b\u0119dziemy \u015bwi\u0119towali. <a href=\"http:\/\/radiomaria.com.pl\/wp-content\/uploads\/2025\/04\/13.04.Koronacja-Boleslawa-Chrobrego1.mp3\"><img loading=\"lazy\" decoding=\"async\" width=\"150\" height=\"99\" class=\"wp-image-120077\" style=\"width: 150px;\" src=\"https:\/\/htb.com.pl\/wp-content\/uploads\/2025\/04\/Koronacja-Boleslawa-Chrobrego.png\" alt=\"\" srcset=\"https:\/\/htb.com.pl\/wp-content\/uploads\/2025\/04\/Koronacja-Boleslawa-Chrobrego.png 490w, https:\/\/htb.com.pl\/wp-content\/uploads\/2025\/04\/Koronacja-Boleslawa-Chrobrego-300x197.png 300w\" sizes=\"auto, (max-width: 150px) 100vw, 150px\" \/><\/a> Nasi rz\u0105dz\u0105cy uznali, \u017ce tak, jak w przypadku Pi\u0142sudskiego nie doczytali\u015bmy tu wszystkiego. Prosz\u0119, aby ci, co jednak nasz\u0105 histori\u0119 poznali &#8211; si\u0119 nie bali i o tej historii opowiadali. <a href=\"http:\/\/radiomaria.com.pl\/wp-content\/uploads\/2025\/04\/2004.Wielkanocne-rozmowy-o-polityce.mp3\"><img loading=\"lazy\" decoding=\"async\" width=\"150\" height=\"92\" class=\"wp-image-120095\" style=\"width: 150px;\" src=\"https:\/\/htb.com.pl\/wp-content\/uploads\/2025\/04\/Wielkanocny-stol.png\" alt=\"\" srcset=\"https:\/\/htb.com.pl\/wp-content\/uploads\/2025\/04\/Wielkanocny-stol.png 652w, https:\/\/htb.com.pl\/wp-content\/uploads\/2025\/04\/Wielkanocny-stol-300x185.png 300w, https:\/\/htb.com.pl\/wp-content\/uploads\/2025\/04\/Wielkanocny-stol-600x369.png 600w\" sizes=\"auto, (max-width: 150px) 100vw, 150px\" \/> <\/a>Bo ona jest pi\u0119kna \u2013 nawet, jak tych z\u0142ych fakt\u00f3w nie b\u0119dziemy zak\u0142amywali. Trzeba jednak, aby\u015bmy o Paderewskim, Sikorski, Witosie wspominali. Wtedy to, co robi\u0105 Ukrai\u0144cy bohaterstwem b\u0119dziemy nazywali. <a href=\"http:\/\/radiomaria.com.pl\/wp-content\/uploads\/2025\/04\/16.04.As-w-rekawie.mp3\"><img loading=\"lazy\" decoding=\"async\" width=\"150\" height=\"98\" class=\"wp-image-120090\" style=\"width: 150px;\" src=\"https:\/\/htb.com.pl\/wp-content\/uploads\/2025\/04\/Taurusymaly.png\" alt=\"\" srcset=\"https:\/\/htb.com.pl\/wp-content\/uploads\/2025\/04\/Taurusymaly.png 973w, https:\/\/htb.com.pl\/wp-content\/uploads\/2025\/04\/Taurusymaly-300x195.png 300w, https:\/\/htb.com.pl\/wp-content\/uploads\/2025\/04\/Taurusymaly-768x500.png 768w, https:\/\/htb.com.pl\/wp-content\/uploads\/2025\/04\/Taurusymaly-600x391.png 600w\" sizes=\"auto, (max-width: 150px) 100vw, 150px\" \/><\/a> A tak \u2013 to zawsze na k\u0142amstwie nasz\u0105 pa\u0144stwowo\u015b\u0107 b\u0119dziemy budowali i nasi wrogowie b\u0119d\u0105 to wykorzystywali.<\/p>\n","protected":false},"excerpt":{"rendered":"<p>Takie s\u0142owa od lat wypowiadaj\u0105 nasi politycy. I to niezale\u017cnie, czy akurat rz\u0105dz\u0105 ci, nieco lepsi &#8211; jak akurat teraz, czy ich poprzednicy. Wykorzystuj\u0105 inflacj\u0119 \u2013 co\u015b, co jest naturalne w gospodarce rynkowej i t\u0119sknot\u0119 za tym, co by\u0142o. Szczeg\u00f3lnie dotyczy to starszych Polak\u00f3w, pami\u0119taj\u0105cych czasy gospodarki planowanej, gdzie ceny okre\u015bla\u0142 rz\u0105d Wtedy, jak co\u015b [&hellip;]<\/p>\n","protected":false},"author":1,"featured_media":120097,"comment_status":"open","ping_status":"open","sticky":false,"template":"","format":"standard","meta":{"_jetpack_memberships_contains_paid_content":false,"footnotes":""},"categories":[1],"tags":[],"class_list":["post-120075","post","type-post","status-publish","format-standard","has-post-thumbnail","hentry","category-uncategorized"],"jetpack_sharing_enabled":true,"jetpack_featured_media_url":"https:\/\/htb.com.pl\/wp-content\/uploads\/2025\/04\/Alleluja.png","_links":{"self":[{"href":"https:\/\/htb.com.pl\/index.php?rest_route=\/wp\/v2\/posts\/120075","targetHints":{"allow":["GET"]}}],"collection":[{"href":"https:\/\/htb.com.pl\/index.php?rest_route=\/wp\/v2\/posts"}],"about":[{"href":"https:\/\/htb.com.pl\/index.php?rest_route=\/wp\/v2\/types\/post"}],"author":[{"embeddable":true,"href":"https:\/\/htb.com.pl\/index.php?rest_route=\/wp\/v2\/users\/1"}],"replies":[{"embeddable":true,"href":"https:\/\/htb.com.pl\/index.php?rest_route=%2Fwp%2Fv2%2Fcomments&post=120075"}],"version-history":[{"count":15,"href":"https:\/\/htb.com.pl\/index.php?rest_route=\/wp\/v2\/posts\/120075\/revisions"}],"predecessor-version":[{"id":120104,"href":"https:\/\/htb.com.pl\/index.php?rest_route=\/wp\/v2\/posts\/120075\/revisions\/120104"}],"wp:featuredmedia":[{"embeddable":true,"href":"https:\/\/htb.com.pl\/index.php?rest_route=\/wp\/v2\/media\/120097"}],"wp:attachment":[{"href":"https:\/\/htb.com.pl\/index.php?rest_route=%2Fwp%2Fv2%2Fmedia&parent=120075"}],"wp:term":[{"taxonomy":"category","embeddable":true,"href":"https:\/\/htb.com.pl\/index.php?rest_route=%2Fwp%2Fv2%2Fcategories&post=120075"},{"taxonomy":"post_tag","embeddable":true,"href":"https:\/\/htb.com.pl\/index.php?rest_route=%2Fwp%2Fv2%2Ftags&post=120075"}],"curies":[{"name":"wp","href":"https:\/\/api.w.org\/{rel}","templated":true}]}}