{"id":120774,"date":"2025-05-04T12:36:59","date_gmt":"2025-05-04T12:36:59","guid":{"rendered":"https:\/\/htb.com.pl\/?p=120774"},"modified":"2025-05-04T14:34:22","modified_gmt":"2025-05-04T14:34:22","slug":"zamach-na-zamach-stanu","status":"publish","type":"post","link":"https:\/\/htb.com.pl\/?p=120774","title":{"rendered":"Zamach na zamach stanu"},"content":{"rendered":"\n<p><\/p>\n\n\n\n<p><\/p>\n\n\n\n<figure class=\"wp-block-image size-thumbnail\"><a href=\"https:\/\/htb.com.pl\/wp-content\/uploads\/2025\/05\/Zamach-na-zamach-stanu.mp3\"><img loading=\"lazy\" decoding=\"async\" width=\"150\" height=\"150\" src=\"https:\/\/htb.com.pl\/wp-content\/uploads\/2018\/04\/posluchaj-150x150.jpg\" alt=\"\" class=\"wp-image-2020\" srcset=\"https:\/\/htb.com.pl\/wp-content\/uploads\/2018\/04\/posluchaj-150x150.jpg 150w, https:\/\/htb.com.pl\/wp-content\/uploads\/2018\/04\/posluchaj-300x300.jpg 300w, https:\/\/htb.com.pl\/wp-content\/uploads\/2018\/04\/posluchaj-100x100.jpg 100w\" sizes=\"auto, (max-width: 150px) 100vw, 150px\" \/><\/a><\/figure>\n\n\n\n<p>  \u0179li politycy ( wg. Radia Maria to tacy, co J\u00f3zefa Pi\u0142sudskiego za sw\u00f3j wz\u00f3r uznali) ostatnio wybory parlamentarne przegrali. Wprawdzie ci, kt\u00f3rych \u017ce\u015bmy wybrali, te\u017c jako przedwojenna Sanacja si\u0119 lansowali &#8211; w Radiu Maria nieco lepszymi \u017ce\u015bmy ich nazwali\u2026 Po prostu inni w naszej polityce si\u0119 nie ostali. <\/p>\n\n\n\n<p>  Teraz, gdy nieco lepsi z nich w\u0142adz\u0119 odzyskali, b\u0119d\u0105 to naprawiali \u2013 bo nam to obiecali \u2013 i dlatego \u017ce\u015bmy ich wybrali!<\/p>\n\n\n\n<p>Od Trybuna\u0142u Konstytucyjnego psucie porz\u0105dku prawnego si\u0119 zacz\u0119\u0142o. Trybuna\u0142 Konstytucyjny, a c\u00f3\u017c to takiego?<\/p>\n\n\n\n<p>Pos\u0142uchajcie Radia Marysinego;<\/p>\n\n\n\n<p>Potrzeba powo\u0142ania Trybuna\u0142u Konstytucyjnego pojawi\u0142a si\u0119 ju\u017c w&nbsp;momencie odzyskania przez Polsk\u0119 niepodleg\u0142o\u015bci w&nbsp;1918 r, czyli po 123 latach zabor\u00f3w. Praktycznie pierwsze projekty zmierzaj\u0105ce do ustanowienia instytucji kontroluj\u0105cej zgodno\u015b\u0107 akt\u00f3w prawnych z&nbsp;Konstytucj\u0105 w&nbsp;\u017cadnej mierze nie przyczyni\u0142y si\u0119 do stworzenia TK. Wiele z&nbsp;nich, np. propozycja J\u00f3zefa Buzka z&nbsp;1919 r, czy endeckiego ksi\u0119dza, pos\u0142a na Sejm Rzeczypospolitej Polskiej I&nbsp;i&nbsp;II kadencji Kazimierza Lutos\u0142awskiego nie doprowadzi\u0142y do utworzenia organu, kt\u00f3ry posiada\u0142by kompetencje w&nbsp;zakresie badania zgodno\u015bci akt\u00f3w prawnych z&nbsp;aktem nadrz\u0119dnym. W&nbsp;Konstytucji z&nbsp;23 kwietnia 1935 r. nie dostrze\u017cono potrzeby powo\u0142ania Trybuna\u0142u Konstytucyjnego zastrzegaj\u0105c jednocze\u015bnie, \u017ce \u017cadna ustawa uchwalona przez Sejm nie mo\u017ce by\u0107 niezgodna z&nbsp;aktem zasadniczym. Tym samym, po prostu uwierzono w&nbsp;nieomylno\u015b\u0107 Sejmu. Konstytucja z&nbsp;1952 r. r\u00f3wnie\u017c nie przewidywa\u0142a powo\u0142ania Trybuna\u0142u Konstytucyjnego, co spowodowane by\u0142o sytuacj\u0105 polityczn\u0105 w&nbsp;kraju. Nie mo\u017cna by\u0142o dopu\u015bci\u0107 do w\u0142adzy ludzi przedwojennej sanacji, czyli nie mo\u017cna by\u0142o ustanowi\u0107 pe\u0142nej demokracji. \u00d3wczesnym w\u0142adzom absolutnie nie zale\u017ca\u0142o na powstaniu instytucji sprawuj\u0105cej kontrol\u0119 nad Parlamentem, kt\u00f3ry w&nbsp;Konstytucji zajmowa\u0142 pozycj\u0119 nadrz\u0119dn\u0105. Po drugie mechanizm sprawowania w\u0142adzy w&nbsp;Polsce by\u0142 praktycznie niezale\u017cny od aktu nadrz\u0119dnego. Pewnym przejawem wprowadzenia kontroli ustaw by\u0142o utworzenie 29 marca 1972r. ( za Gierka) Komisji Prac Ustawodawczych. Jednak\u017ce pe\u0142ni\u0142a ona jedynie funkcj\u0119 opiniodawcz\u0105, a&nbsp;ostateczne decyzje w&nbsp;tej kwestii podejmowa\u0142 nadal Sejm. Dopiero ustawa z 29 kwietnia 1985 r. zg\u0142oszona przez Sejm z inicjatywy gen. Wojciecha Jaruzelskiego formalnie wprowadzi\u0142a Trybuna\u0142 Konstytucyjny jako instytucj\u0119 w Polsce.<\/p>\n\n\n\n<p>1985 rok, to wa\u017cny rok dla Radia Maria. 22 wrze\u015bnia ods\u0142oni\u0119to pomnik Wincentego Witosa w Warszawie. Podczas tej uroczysto\u015bci Marysia, co Radio Maria wymy\u015bli\u0142a pierwszego z prawdziwych oprawc\u00f3w ks. Jerzego Popie\u0142uszki namierzy\u0142a \u2013 tak m\u00f3wi\u0142a. Kilka dni p\u00f3\u017aniej 25 wrze\u015bnia I sekretarz PZPR (taki prezydent) genera\u0142 Wojciech Jaruzelski (wtedy r\u00f3wnie\u017c premier) spotka\u0142 si\u0119 w Waszyngtonie z Davidem Rokefellerem. To nie m\u00f3g\u0142 by\u0107 przypadek. Polska na powr\u00f3t przedwojennej sanacji do krajowej polityki si\u0119 zgodzi\u0142a \u2013 wygl\u0105da na to, \u017ce w zamian co\u015b wywalczy\u0142a.<\/p>\n\n\n\n<p>Gdyby Marysia \u017cy\u0142a, wszystkiego by pilnowa\u0142a &#8211; a tak?<\/p>\n\n\n\n<p>Polska, kt\u00f3ra pierwszy raz po odzyskaniu niepodleg\u0142o\u015bci szans\u0119 na demokracj\u0119 i praworz\u0105dno\u015b\u0107 dosta\u0142a \u2013 przegra\u0142a. Teraz ta Polska prezydenta b\u0119dzie wybiera\u0142a, ale znowu nie tak, jak Marysia chcia\u0142a. <\/p>\n\n\n\n<figure class=\"wp-block-image size-full\"><a href=\"http:\/\/radiomaria.com.pl\/wp-content\/uploads\/2025\/04\/29.04.debata-prezydencka-Super-Ekspressu.mp3\"><img loading=\"lazy\" decoding=\"async\" width=\"944\" height=\"191\" src=\"https:\/\/htb.com.pl\/wp-content\/uploads\/2025\/05\/Wszyscymaly.png\" alt=\"\" class=\"wp-image-120776\" srcset=\"https:\/\/htb.com.pl\/wp-content\/uploads\/2025\/05\/Wszyscymaly.png 944w, https:\/\/htb.com.pl\/wp-content\/uploads\/2025\/05\/Wszyscymaly-300x61.png 300w, https:\/\/htb.com.pl\/wp-content\/uploads\/2025\/05\/Wszyscymaly-768x155.png 768w, https:\/\/htb.com.pl\/wp-content\/uploads\/2025\/05\/Wszyscymaly-600x121.png 600w\" sizes=\"auto, (max-width: 944px) 100vw, 944px\" \/><\/a><\/figure>\n\n\n\n<p>Ona uwa\u017ca\u0142a, \u017ce prezydent przez Zgromadzenie Narodowe powinien by\u0107 wybierany. Tylko Rafa\u0142 Trzaskowski, kt\u00f3ry wygra\u0142 prawybory przez Marysi\u0119 jako prezydent m\u00f3g\u0142by by\u0107 uznany.<\/p>\n\n\n\n<p>Na naszej scenie politycznej pojawili si\u0119 politycy, kt\u00f3rzy nie wzoruj\u0105 si\u0119 na J\u00f3zefie Pi\u0142sudskim, ale przez to, co ostatnio wymy\u015blili,&nbsp; kandydatami Marysi by nie byli. Czterodniowy tydzie\u0144 pracy &#8211; w chwili, gdy ostatnie miejsce w Europie w efektywno\u015bci gospodarki \u201e\u017ce\u015bmy zdobyli\u201d. <a href=\"http:\/\/radiomaria.com.pl\/wp-content\/uploads\/2025\/05\/02.05.Efektywnosc.mp3\"><img loading=\"lazy\" decoding=\"async\" width=\"150\" height=\"99\" class=\"wp-image-120784\" style=\"width: 150px;\" src=\"https:\/\/htb.com.pl\/wp-content\/uploads\/2025\/05\/Roboty.png\" alt=\"\" srcset=\"https:\/\/htb.com.pl\/wp-content\/uploads\/2025\/05\/Roboty.png 762w, https:\/\/htb.com.pl\/wp-content\/uploads\/2025\/05\/Roboty-300x198.png 300w, https:\/\/htb.com.pl\/wp-content\/uploads\/2025\/05\/Roboty-600x395.png 600w\" sizes=\"auto, (max-width: 150px) 100vw, 150px\" \/><\/a><\/p>\n\n\n\n<p>To, co dzieje si\u0119 na froncie w Ukrainie, Marysi by si\u0119 podoba\u0142o. <a href=\"http:\/\/radiomaria.com.pl\/wp-content\/uploads\/2025\/05\/01.05.-Umowa-USA-Ukraina.mp3\"><img loading=\"lazy\" decoding=\"async\" width=\"150\" height=\"79\" class=\"wp-image-120780\" style=\"width: 150px;\" src=\"https:\/\/htb.com.pl\/wp-content\/uploads\/2025\/05\/UmowaUkrmaly.png\" alt=\"\" srcset=\"https:\/\/htb.com.pl\/wp-content\/uploads\/2025\/05\/UmowaUkrmaly.png 969w, https:\/\/htb.com.pl\/wp-content\/uploads\/2025\/05\/UmowaUkrmaly-300x159.png 300w, https:\/\/htb.com.pl\/wp-content\/uploads\/2025\/05\/UmowaUkrmaly-768x406.png 768w, https:\/\/htb.com.pl\/wp-content\/uploads\/2025\/05\/UmowaUkrmaly-850x450.png 850w, https:\/\/htb.com.pl\/wp-content\/uploads\/2025\/05\/UmowaUkrmaly-600x317.png 600w\" sizes=\"auto, (max-width: 150px) 100vw, 150px\" \/> <\/a><a href=\"http:\/\/radiomaria.com.pl\/wp-content\/uploads\/2025\/05\/04.05.-Porazka-Putina.mp3\"><img loading=\"lazy\" decoding=\"async\" width=\"150\" height=\"73\" class=\"wp-image-120789\" style=\"width: 150px;\" src=\"https:\/\/htb.com.pl\/wp-content\/uploads\/2025\/05\/TTransportmaly.png\" alt=\"\" srcset=\"https:\/\/htb.com.pl\/wp-content\/uploads\/2025\/05\/TTransportmaly.png 974w, https:\/\/htb.com.pl\/wp-content\/uploads\/2025\/05\/TTransportmaly-300x145.png 300w, https:\/\/htb.com.pl\/wp-content\/uploads\/2025\/05\/TTransportmaly-768x371.png 768w, https:\/\/htb.com.pl\/wp-content\/uploads\/2025\/05\/TTransportmaly-600x290.png 600w\" sizes=\"auto, (max-width: 150px) 100vw, 150px\" \/> <\/a>Najbardziej to, \u017ce po tym, jak pa\u0144stwo Putina z Cerkwi\u0105 Prawos\u0142awn\u0105 si\u0119 dogada\u0142o &#8211; i to terroryzm w Rosji spowodowa\u0142o. <a href=\"http:\/\/radiomaria.com.pl\/wp-content\/uploads\/2025\/05\/01.05.Problemy-Putina.mp3\"><img loading=\"lazy\" decoding=\"async\" width=\"150\" height=\"84\" class=\"wp-image-120778\" style=\"width: 150px;\" src=\"https:\/\/htb.com.pl\/wp-content\/uploads\/2025\/05\/Problemy-Putinamaly.png\" alt=\"\" srcset=\"https:\/\/htb.com.pl\/wp-content\/uploads\/2025\/05\/Problemy-Putinamaly.png 999w, https:\/\/htb.com.pl\/wp-content\/uploads\/2025\/05\/Problemy-Putinamaly-300x168.png 300w, https:\/\/htb.com.pl\/wp-content\/uploads\/2025\/05\/Problemy-Putinamaly-768x430.png 768w, https:\/\/htb.com.pl\/wp-content\/uploads\/2025\/05\/Problemy-Putinamaly-600x336.png 600w\" sizes=\"auto, (max-width: 150px) 100vw, 150px\" \/> <\/a>Wiem, \u017ce Marysia <a href=\"https:\/\/htb.com.pl\/?p=2447\">Igora Korbowa<\/a> przed tym ostrzega\u0142a. Putin pocz\u0119stowa\u0142 go nowiczokiem i od 2018 roku nie mamy w Rosji Marysinego genera\u0142a.<\/p>\n\n\n\n<p>  Na Polesiu Marysi\u0119 pami\u0119taj\u0105 i jak potrafi\u0105 na polityk\u0119 Bia\u0142orusi, Rosji i Ukrainy wp\u0142ywaj\u0105. Mam nadziej\u0119, \u017ce r\u00f3wnie\u017c polscy politycy o Marysi w Radiu Maria pos\u0142uchaj\u0105 i skutecznego &#8220;zamachu&#8221; na zamach stanu dokonaj\u0105.<\/p>\n","protected":false},"excerpt":{"rendered":"<p>\u0179li politycy ( wg. Radia Maria to tacy, co J\u00f3zefa Pi\u0142sudskiego za sw\u00f3j wz\u00f3r uznali) ostatnio wybory parlamentarne przegrali. Wprawdzie ci, kt\u00f3rych \u017ce\u015bmy wybrali, te\u017c jako przedwojenna Sanacja si\u0119 lansowali &#8211; w Radiu Maria nieco lepszymi \u017ce\u015bmy ich nazwali\u2026 Po prostu inni w naszej polityce si\u0119 nie ostali. Teraz, gdy nieco lepsi z nich w\u0142adz\u0119 [&hellip;]<\/p>\n","protected":false},"author":1,"featured_media":120791,"comment_status":"open","ping_status":"open","sticky":false,"template":"","format":"standard","meta":{"_jetpack_memberships_contains_paid_content":false,"footnotes":""},"categories":[4],"tags":[1015],"class_list":["post-120774","post","type-post","status-publish","format-standard","has-post-thumbnail","hentry","category-daty-i-fakty-blog","tag-zamach-na-zamach-stanu"],"jetpack_sharing_enabled":true,"jetpack_featured_media_url":"https:\/\/htb.com.pl\/wp-content\/uploads\/2025\/05\/Szydlomaly.png","_links":{"self":[{"href":"https:\/\/htb.com.pl\/index.php?rest_route=\/wp\/v2\/posts\/120774","targetHints":{"allow":["GET"]}}],"collection":[{"href":"https:\/\/htb.com.pl\/index.php?rest_route=\/wp\/v2\/posts"}],"about":[{"href":"https:\/\/htb.com.pl\/index.php?rest_route=\/wp\/v2\/types\/post"}],"author":[{"embeddable":true,"href":"https:\/\/htb.com.pl\/index.php?rest_route=\/wp\/v2\/users\/1"}],"replies":[{"embeddable":true,"href":"https:\/\/htb.com.pl\/index.php?rest_route=%2Fwp%2Fv2%2Fcomments&post=120774"}],"version-history":[{"count":11,"href":"https:\/\/htb.com.pl\/index.php?rest_route=\/wp\/v2\/posts\/120774\/revisions"}],"predecessor-version":[{"id":120801,"href":"https:\/\/htb.com.pl\/index.php?rest_route=\/wp\/v2\/posts\/120774\/revisions\/120801"}],"wp:featuredmedia":[{"embeddable":true,"href":"https:\/\/htb.com.pl\/index.php?rest_route=\/wp\/v2\/media\/120791"}],"wp:attachment":[{"href":"https:\/\/htb.com.pl\/index.php?rest_route=%2Fwp%2Fv2%2Fmedia&parent=120774"}],"wp:term":[{"taxonomy":"category","embeddable":true,"href":"https:\/\/htb.com.pl\/index.php?rest_route=%2Fwp%2Fv2%2Fcategories&post=120774"},{"taxonomy":"post_tag","embeddable":true,"href":"https:\/\/htb.com.pl\/index.php?rest_route=%2Fwp%2Fv2%2Ftags&post=120774"}],"curies":[{"name":"wp","href":"https:\/\/api.w.org\/{rel}","templated":true}]}}