{"id":121112,"date":"2025-05-11T09:47:20","date_gmt":"2025-05-11T09:47:20","guid":{"rendered":"https:\/\/htb.com.pl\/?p=121112"},"modified":"2025-05-11T10:16:55","modified_gmt":"2025-05-11T10:16:55","slug":"papiez-leon-xiv","status":"publish","type":"post","link":"https:\/\/htb.com.pl\/?p=121112","title":{"rendered":"Papie\u017c Leon XIV"},"content":{"rendered":"\n<p><\/p>\n\n\n\n<p><\/p>\n\n\n\n<figure class=\"wp-block-image size-thumbnail\"><a href=\"https:\/\/htb.com.pl\/wp-content\/uploads\/2025\/05\/Papiez-Leon-XIV.mp3\"><img loading=\"lazy\" decoding=\"async\" width=\"150\" height=\"150\" src=\"https:\/\/htb.com.pl\/wp-content\/uploads\/2018\/04\/posluchaj-150x150.jpg\" alt=\"\" class=\"wp-image-2020\" srcset=\"https:\/\/htb.com.pl\/wp-content\/uploads\/2018\/04\/posluchaj-150x150.jpg 150w, https:\/\/htb.com.pl\/wp-content\/uploads\/2018\/04\/posluchaj-300x300.jpg 300w, https:\/\/htb.com.pl\/wp-content\/uploads\/2018\/04\/posluchaj-100x100.jpg 100w\" sizes=\"auto, (max-width: 150px) 100vw, 150px\" \/><\/a><\/figure>\n\n\n\n<p>Mamy nowego Papie\u017ca. Robert Francis Prevost zosta\u0142 nowym papie\u017cem i przyj\u0105\u0142 imi\u0119 Leon XIV.<\/p>\n\n\n\n<figure class=\"wp-block-image size-full\"><a href=\"http:\/\/radiomaria.com.pl\/wp-content\/uploads\/2025\/05\/10.05.-Kardynal-Robert-Prevost-zostal-nowym-papiezem.mp3\"><img loading=\"lazy\" decoding=\"async\" width=\"837\" height=\"412\" src=\"https:\/\/htb.com.pl\/wp-content\/uploads\/2025\/05\/Papiez-Leon-XIV.png\" alt=\"\" class=\"wp-image-121127\" srcset=\"https:\/\/htb.com.pl\/wp-content\/uploads\/2025\/05\/Papiez-Leon-XIV.png 837w, https:\/\/htb.com.pl\/wp-content\/uploads\/2025\/05\/Papiez-Leon-XIV-300x148.png 300w, https:\/\/htb.com.pl\/wp-content\/uploads\/2025\/05\/Papiez-Leon-XIV-768x378.png 768w, https:\/\/htb.com.pl\/wp-content\/uploads\/2025\/05\/Papiez-Leon-XIV-600x295.png 600w\" sizes=\"auto, (max-width: 837px) 100vw, 837px\" \/><\/a><\/figure>\n\n\n\n<p>&nbsp;&nbsp; <strong>Niech pok\u00f3j b\u0119dzie z wami wszystkimi, najdro\u017csi bracia i siostry <\/strong>\u2013 powiedzia\u0142 bezpo\u015brednio po wyborze na Stolic\u0119 Piotrow\u0105, 8 maja 2025 roku.<\/p>\n\n\n\n<p>&nbsp; Konklawe toczy\u0142o si\u0119 w bardzo wa\u017cnym momencie dla Polski, Europy i \u015bwiata. Obchodzili\u015bmy 80-t\u0105 rocznic\u0119 zako\u0144czenia II wojny \u015bwiatowej. <a href=\"http:\/\/radiomaria.com.pl\/wp-content\/uploads\/2025\/05\/08.05.-80-rocznica-zakonczeniaq-II-wojny-swiatowej.mp3\"><img loading=\"lazy\" decoding=\"async\" width=\"150\" height=\"63\" class=\"wp-image-121125\" style=\"width: 150px;\" src=\"https:\/\/htb.com.pl\/wp-content\/uploads\/2025\/05\/80-rocznica-zakonczenia-II-wojny-swiatowej.png\" alt=\"\" srcset=\"https:\/\/htb.com.pl\/wp-content\/uploads\/2025\/05\/80-rocznica-zakonczenia-II-wojny-swiatowej.png 963w, https:\/\/htb.com.pl\/wp-content\/uploads\/2025\/05\/80-rocznica-zakonczenia-II-wojny-swiatowej-300x125.png 300w, https:\/\/htb.com.pl\/wp-content\/uploads\/2025\/05\/80-rocznica-zakonczenia-II-wojny-swiatowej-768x321.png 768w, https:\/\/htb.com.pl\/wp-content\/uploads\/2025\/05\/80-rocznica-zakonczenia-II-wojny-swiatowej-600x250.png 600w\" sizes=\"auto, (max-width: 150px) 100vw, 150px\" \/> <\/a>Ca\u0142y czas pr\u00f3bujemy nie doprowadzi\u0107 do kolejnej. <a href=\"http:\/\/radiomaria.com.pl\/wp-content\/uploads\/2025\/05\/11.05.Pokoj-Wam.mp3\"><img loading=\"lazy\" decoding=\"async\" width=\"150\" height=\"84\" class=\"wp-image-121119\" style=\"width: 150px;\" src=\"https:\/\/htb.com.pl\/wp-content\/uploads\/2025\/05\/Granica-Ukr.png\" alt=\"\" srcset=\"https:\/\/htb.com.pl\/wp-content\/uploads\/2025\/05\/Granica-Ukr.png 980w, https:\/\/htb.com.pl\/wp-content\/uploads\/2025\/05\/Granica-Ukr-300x169.png 300w, https:\/\/htb.com.pl\/wp-content\/uploads\/2025\/05\/Granica-Ukr-768x432.png 768w, https:\/\/htb.com.pl\/wp-content\/uploads\/2025\/05\/Granica-Ukr-600x337.png 600w\" sizes=\"auto, (max-width: 150px) 100vw, 150px\" \/> <\/a>Wyb\u00f3r nowego Papie\u017ca niew\u0105tpliwie w tym pomo\u017ce. Mamy ju\u017c pierwsze pozytywne zdarzenia, kt\u00f3re mog\u0105 by\u0107 wynikiem papieskiego pozdrowienia.<\/p>\n\n\n\n<p>&nbsp; Karol Nawrocki, kt\u00f3ry na prezydenta Polski startuje ma \u201eproblemy mieszkaniowe\u201d \u2013 mo\u017ce by\u0107 tak, \u017ce w drugiej turze si\u0119 nie zamelduje, a to wi\u0119kszo\u015b\u0107 naszych problem\u00f3w rozwi\u0105zuje. <a href=\"http:\/\/radiomaria.com.pl\/wp-content\/uploads\/2025\/05\/0605.-Szampan-sie-mrozi.mp3\"><img loading=\"lazy\" decoding=\"async\" width=\"150\" height=\"86\" class=\"wp-image-121121\" style=\"width: 150px;\" src=\"https:\/\/htb.com.pl\/wp-content\/uploads\/2025\/05\/Szampan-sie-mrozi.png\" alt=\"\" srcset=\"https:\/\/htb.com.pl\/wp-content\/uploads\/2025\/05\/Szampan-sie-mrozi.png 615w, https:\/\/htb.com.pl\/wp-content\/uploads\/2025\/05\/Szampan-sie-mrozi-300x172.png 300w, https:\/\/htb.com.pl\/wp-content\/uploads\/2025\/05\/Szampan-sie-mrozi-600x344.png 600w\" sizes=\"auto, (max-width: 150px) 100vw, 150px\" \/><\/a><\/p>\n\n\n\n<p><strong>&nbsp; <\/strong>Rada Polityki Pieni\u0119\u017cnej, kt\u00f3ra pod wodz\u0105 prof. Adama Glapi\u0144skiego polsk\u0105 gospodark\u0119 blokuje \u2013 ust\u0119puje.<strong> <\/strong>Obni\u017cy\u0142a stopy procentowe o 50 punkt\u00f3w bazowych do poziomu 5,25 procent. Stopa referencyjna spad\u0142a z 5,75 proc. do 5,25 proc.<\/p>\n\n\n\n<figure class=\"wp-block-image size-full\"><a href=\"http:\/\/radiomaria.com.pl\/wp-content\/uploads\/2025\/05\/07.05.-Nasza-koza1.mp3\"><img loading=\"lazy\" decoding=\"async\" width=\"820\" height=\"508\" src=\"https:\/\/htb.com.pl\/wp-content\/uploads\/2025\/05\/Prezesi-NBP.png\" alt=\"\" class=\"wp-image-121123\" srcset=\"https:\/\/htb.com.pl\/wp-content\/uploads\/2025\/05\/Prezesi-NBP.png 820w, https:\/\/htb.com.pl\/wp-content\/uploads\/2025\/05\/Prezesi-NBP-300x186.png 300w, https:\/\/htb.com.pl\/wp-content\/uploads\/2025\/05\/Prezesi-NBP-768x476.png 768w, https:\/\/htb.com.pl\/wp-content\/uploads\/2025\/05\/Prezesi-NBP-600x372.png 600w\" sizes=\"auto, (max-width: 820px) 100vw, 820px\" \/><\/a><\/figure>\n\n\n\n<p>&nbsp; Donald Tusk s\u0142owa Papie\u017ca dos\u0142ownie pojmuje. Europejskich przyw\u00f3dc\u00f3w wok\u00f3\u0142 siebie grupuje i to wr\u0119cz cud zwiastuje. Putin rozmowy pokojowe w Stambule proponuje. <\/p>\n\n\n\n<figure class=\"wp-block-image size-full\"><a href=\"http:\/\/radiomaria.com.pl\/wp-content\/uploads\/2025\/05\/11.05.Pokoj-Wam.mp3\"><img loading=\"lazy\" decoding=\"async\" width=\"983\" height=\"328\" src=\"https:\/\/htb.com.pl\/wp-content\/uploads\/2025\/05\/Cud-Tuskamaly.png\" alt=\"\" class=\"wp-image-121116\" srcset=\"https:\/\/htb.com.pl\/wp-content\/uploads\/2025\/05\/Cud-Tuskamaly.png 983w, https:\/\/htb.com.pl\/wp-content\/uploads\/2025\/05\/Cud-Tuskamaly-300x100.png 300w, https:\/\/htb.com.pl\/wp-content\/uploads\/2025\/05\/Cud-Tuskamaly-768x256.png 768w, https:\/\/htb.com.pl\/wp-content\/uploads\/2025\/05\/Cud-Tuskamaly-600x200.png 600w\" sizes=\"auto, (max-width: 983px) 100vw, 983px\" \/><\/a><\/figure>\n\n\n\n<p>A mo\u017ce to Duch \u015awi\u0119ty kolejny raz zst\u0119puje?<\/p>\n\n\n\n<p>&nbsp; <strong>&#8220;Niech zst\u0105pi Duch Tw\u00f3j i odnowi oblicze ziemi. Tej ziemi!&#8221;<\/strong>&nbsp;to&nbsp;s\u0142ynne wo\u0142anie Jana Paw\u0142a II, wypowiedziane podczas jego pierwszej pielgrzymki do Polski w 1979 roku.&nbsp;S\u0142owa te sta\u0142y si\u0119 symbolem nadziei i odnowy dla Polak\u00f3w.&nbsp;<\/p>\n\n\n\n<p>Dobrze by by\u0142o, \u017ceby i teraz dobro zwyci\u0119\u017cy\u0142o!<audio src=\"http:\/\/radiomaria.com.pl\/wp-content\/uploads\/2025\/05\/07.05.-Nasza-koza1.mp3\"><\/audio><\/p>\n","protected":false},"excerpt":{"rendered":"<p>Mamy nowego Papie\u017ca. Robert Francis Prevost zosta\u0142 nowym papie\u017cem i przyj\u0105\u0142 imi\u0119 Leon XIV. &nbsp;&nbsp; Niech pok\u00f3j b\u0119dzie z wami wszystkimi, najdro\u017csi bracia i siostry \u2013 powiedzia\u0142 bezpo\u015brednio po wyborze na Stolic\u0119 Piotrow\u0105, 8 maja 2025 roku. &nbsp; Konklawe toczy\u0142o si\u0119 w bardzo wa\u017cnym momencie dla Polski, Europy i \u015bwiata. Obchodzili\u015bmy 80-t\u0105 rocznic\u0119 zako\u0144czenia II [&hellip;]<\/p>\n","protected":false},"author":1,"featured_media":121127,"comment_status":"open","ping_status":"open","sticky":false,"template":"","format":"standard","meta":{"_jetpack_memberships_contains_paid_content":false,"footnotes":""},"categories":[4],"tags":[1016],"class_list":["post-121112","post","type-post","status-publish","format-standard","has-post-thumbnail","hentry","category-daty-i-fakty-blog","tag-papiez-leon-xiv"],"jetpack_sharing_enabled":true,"jetpack_featured_media_url":"https:\/\/htb.com.pl\/wp-content\/uploads\/2025\/05\/Papiez-Leon-XIV.png","_links":{"self":[{"href":"https:\/\/htb.com.pl\/index.php?rest_route=\/wp\/v2\/posts\/121112","targetHints":{"allow":["GET"]}}],"collection":[{"href":"https:\/\/htb.com.pl\/index.php?rest_route=\/wp\/v2\/posts"}],"about":[{"href":"https:\/\/htb.com.pl\/index.php?rest_route=\/wp\/v2\/types\/post"}],"author":[{"embeddable":true,"href":"https:\/\/htb.com.pl\/index.php?rest_route=\/wp\/v2\/users\/1"}],"replies":[{"embeddable":true,"href":"https:\/\/htb.com.pl\/index.php?rest_route=%2Fwp%2Fv2%2Fcomments&post=121112"}],"version-history":[{"count":12,"href":"https:\/\/htb.com.pl\/index.php?rest_route=\/wp\/v2\/posts\/121112\/revisions"}],"predecessor-version":[{"id":121134,"href":"https:\/\/htb.com.pl\/index.php?rest_route=\/wp\/v2\/posts\/121112\/revisions\/121134"}],"wp:featuredmedia":[{"embeddable":true,"href":"https:\/\/htb.com.pl\/index.php?rest_route=\/wp\/v2\/media\/121127"}],"wp:attachment":[{"href":"https:\/\/htb.com.pl\/index.php?rest_route=%2Fwp%2Fv2%2Fmedia&parent=121112"}],"wp:term":[{"taxonomy":"category","embeddable":true,"href":"https:\/\/htb.com.pl\/index.php?rest_route=%2Fwp%2Fv2%2Fcategories&post=121112"},{"taxonomy":"post_tag","embeddable":true,"href":"https:\/\/htb.com.pl\/index.php?rest_route=%2Fwp%2Fv2%2Ftags&post=121112"}],"curies":[{"name":"wp","href":"https:\/\/api.w.org\/{rel}","templated":true}]}}