{"id":121494,"date":"2025-05-19T05:53:08","date_gmt":"2025-05-19T05:53:08","guid":{"rendered":"https:\/\/htb.com.pl\/?p=121494"},"modified":"2025-05-19T12:52:40","modified_gmt":"2025-05-19T12:52:40","slug":"wybory-prezydenckie-2025","status":"publish","type":"post","link":"https:\/\/htb.com.pl\/?p=121494","title":{"rendered":"Wybory prezydenckie 2025"},"content":{"rendered":"\n<p><\/p>\n\n\n\n<p><\/p>\n\n\n\n<figure class=\"wp-block-image size-thumbnail\"><a href=\"https:\/\/htb.com.pl\/wp-content\/uploads\/2025\/05\/Wybory-prezydenckie-2025.mp3\"><img loading=\"lazy\" decoding=\"async\" width=\"150\" height=\"150\" src=\"https:\/\/htb.com.pl\/wp-content\/uploads\/2018\/04\/posluchaj-150x150.jpg\" alt=\"\" class=\"wp-image-2020\" srcset=\"https:\/\/htb.com.pl\/wp-content\/uploads\/2018\/04\/posluchaj-150x150.jpg 150w, https:\/\/htb.com.pl\/wp-content\/uploads\/2018\/04\/posluchaj-300x300.jpg 300w, https:\/\/htb.com.pl\/wp-content\/uploads\/2018\/04\/posluchaj-100x100.jpg 100w\" sizes=\"auto, (max-width: 150px) 100vw, 150px\" \/><\/a><\/figure>\n\n\n\n<p>Gdy pisz\u0119 te s\u0142owa, mamy 18 maja 2025 rok. Trwa inauguracja pontyfikatu Papie\u017ca Leona XIV i pierwsza tura wybor\u00f3w Prezydenta Pa\u0144stwa Polskiego. <a href=\"http:\/\/radiomaria.com.pl\/wp-content\/uploads\/2025\/05\/17.05.Jaka-demokracja.mp3\"><img loading=\"lazy\" decoding=\"async\" width=\"150\" height=\"106\" class=\"wp-image-121505\" style=\"width: 150px;\" src=\"https:\/\/htb.com.pl\/wp-content\/uploads\/2025\/05\/Demokracja.png\" alt=\"\" srcset=\"https:\/\/htb.com.pl\/wp-content\/uploads\/2025\/05\/Demokracja.png 712w, https:\/\/htb.com.pl\/wp-content\/uploads\/2025\/05\/Demokracja-300x212.png 300w, https:\/\/htb.com.pl\/wp-content\/uploads\/2025\/05\/Demokracja-600x423.png 600w\" sizes=\"auto, (max-width: 150px) 100vw, 150px\" \/> <\/a>\u017be w przypadku Papie\u017ca b\u0119dzie to co\u015b dobrego &#8211; i dlaczego, wyja\u015bnia\u0142em we wpisie z tygodnia poprzedniego. Teraz wspomn\u0119 tylko, \u017ce to r\u00f3wnie\u017c dlatego, i\u017c g\u0142ow\u0119 ko\u015bcio\u0142a rzymskokatolickiego wybieraj\u0105 kardyna\u0142owie podczas g\u0142osowania tajnego. &nbsp;&nbsp;Podobnie &nbsp;wybierano prezydenta pa\u0144stwa polskiego &nbsp;w Polsce po odzyskaniu niepodleg\u0142o\u015bci. To, \u017ce doprowadzi\u0142o to do kl\u0119ski z wrze\u015bnia 1939, wynika\u0142o z kombinacji J\u00f3zefa Pi\u0142sudskiego. Zmiana nast\u0105pi\u0142a za spraw\u0105 genera\u0142a Wojciecha Jaruzelskiego, gdy na polecenie naszego Papie\u017ca Jana Paw\u0142a II zrezygnowa\u0142 z urz\u0119du prezydenta pa\u0144stwa polskiego i wprowadzi\u0142 w to miejsce Lecha Wa\u0142\u0119s\u0119, kt\u00f3ry nie mia\u0142 szans podczas g\u0142osowania &nbsp;parlamentarnego, a w dodatku tajnego. To si\u0119 spodoba\u0142o, bo si\u0119 okaza\u0142o, \u017ce polskie spo\u0142ecze\u0144stwo propagandzie \u2013 dzi\u015b, to s\u0105 media spo\u0142eczno\u015bciowe , b\u0119dzie ulega\u0142o. I r\u00f3wnie\u017c dzi\u015b tak odbywa si\u0119 pierwsza tura wybor\u00f3w prezydenckich w Polsce. Mam nadziej\u0119, \u017ce to b\u0119d\u0105 ostatnie powszechne wybory g\u0142owy pa\u0144stwa. <a href=\"http:\/\/radiomaria.com.pl\/wp-content\/uploads\/2025\/05\/14.05.Wybory-Prezydenckie-2025.mp3\"><img loading=\"lazy\" decoding=\"async\" width=\"150\" height=\"84\" class=\"wp-image-121502\" style=\"width: 150px;\" src=\"https:\/\/htb.com.pl\/wp-content\/uploads\/2025\/05\/Wybory-Prezydenckie-2025.png\" alt=\"\" srcset=\"https:\/\/htb.com.pl\/wp-content\/uploads\/2025\/05\/Wybory-Prezydenckie-2025.png 980w, https:\/\/htb.com.pl\/wp-content\/uploads\/2025\/05\/Wybory-Prezydenckie-2025-300x169.png 300w, https:\/\/htb.com.pl\/wp-content\/uploads\/2025\/05\/Wybory-Prezydenckie-2025-768x433.png 768w, https:\/\/htb.com.pl\/wp-content\/uploads\/2025\/05\/Wybory-Prezydenckie-2025-600x338.png 600w\" sizes=\"auto, (max-width: 150px) 100vw, 150px\" \/> <\/a>Sytuacja polityczna, gospodarcza przypomina bowiem t\u0105 z wrze\u015bnie 1939 roku, kiedy Sanacja, co wtedy Polsk\u0105 rz\u0105dzi\u0142a, do kl\u0119ski doprowadzi\u0142a. Ta opcja polityczna pod koniec lat 80-tych do w\u0142adzy wr\u00f3ci\u0142a. Wzorce Przewrotu Majowego, Procesu Brzeskiego oraz Berezy Kartuskiej wprowadzi\u0142a i w wyborach prezydenta \u2013 ju\u017c kolejny raz tylko swoich kandydat\u00f3w wystawi\u0142a. Ci, co z nacjonalistami lub nieco \u0142agodniej narodowcami si\u0119 nie &nbsp;uto\u017csamiaj\u0105, szans w takich wyborach nie maj\u0105. Nasza historia zosta\u0142a tak zak\u0142amana, \u017ce bitwa pod Lenino zosta\u0142a zapomniana. Jej miejsce zaj\u0119\u0142a ta pod Monte Cassino. Mamy 81 rocznic\u0119 tej bitwy. Pod Monte Cassino \u017ce\u015bmy wygrali, ale i pod Lenino nie przegrali \u2013 a ci, co w tych bitwach \u017cycie oddali \u2013 za Polsk\u0119 je oddali. Dop\u00f3ki o jednych i drugich jednako nie b\u0119dziemy pami\u0119tali, nasz\u0105 histori\u0119 \u2013 pi\u0119kn\u0105, jakby\u015bmy j\u0105 do innych narod\u00f3w por\u00f3wnali, b\u0119dziemy zak\u0142amywali. I tu niczym jako nar\u00f3d nie b\u0119dziemy si\u0119 wyr\u00f3\u017cniali. Marzy mi si\u0119, aby kiedy\u015b Polacy, co umowy gospodarcze na wschodzie lub zachodzie b\u0119d\u0105 podpisywali, za tych, co na prawdzie si\u0119 wychowali ich kontrahenci uwa\u017cali. I inaczej, ni\u017c nas traktowali. Ja nie mog\u0142em odeprze\u0107 zarzutu, \u017ce genera\u0142a Sikorskiego w Gibraltarze zamordowa\u0107 \u017ce\u015bmy pomagali, czy razem z Hitlerem Zaolzie zaanektowali. A jak powiedzia\u0142em Niemcom, \u017ce 2 maja 1945 roku (\u015bwi\u0119to flagi) nasz\u0105 bia\u0142o- czerwon\u0105 na kolumnie zwyci\u0119stwa w Berlinie Ko\u015bciuszkowcy (ci spod Lenino) wieszali, Niemcy mnie pytali, dlaczego w naszej \u201enowej historii\u201d o tym \u017ce\u015bmy nie napisali?<\/p>\n\n\n\n<p>&nbsp; To faszy\u015bci, nazi\u015bci i narodowi socjali\u015bci w 1939 roku nas zaatakowali, potem ukrai\u0144scy nacjonali\u015bci na Wo\u0142yniu Polak\u00f3w mordowali. Dzi\u015b rosyjscy&nbsp; terrory\u015bci Ukrain\u0119 zaatakowali. Tego \u201dswego\u201d Putina ju\u017c kolejny raz w wyborach powszechnych wybrali. I cho\u0107 nasi politycy w wi\u0119kszo\u015bci demokracj\u0105 tego nie nazwali, to z tej formy wyboru g\u0142owy pa\u0144stwa nie zrezygnowali. <a href=\"http:\/\/radiomaria.com.pl\/wp-content\/uploads\/2025\/05\/11.05.Pokoj-Wam.mp3\"><img loading=\"lazy\" decoding=\"async\" width=\"150\" height=\"50\" class=\"wp-image-121498\" style=\"width: 150px;\" src=\"https:\/\/htb.com.pl\/wp-content\/uploads\/2025\/05\/Cudamaly.png\" alt=\"\" srcset=\"https:\/\/htb.com.pl\/wp-content\/uploads\/2025\/05\/Cudamaly.png 984w, https:\/\/htb.com.pl\/wp-content\/uploads\/2025\/05\/Cudamaly-300x100.png 300w, https:\/\/htb.com.pl\/wp-content\/uploads\/2025\/05\/Cudamaly-768x256.png 768w, https:\/\/htb.com.pl\/wp-content\/uploads\/2025\/05\/Cudamaly-600x200.png 600w\" sizes=\"auto, (max-width: 150px) 100vw, 150px\" \/><\/a> <a href=\"http:\/\/radiomaria.com.pl\/wp-content\/uploads\/2025\/05\/13.05.Zamkniecie-Konsulatu-Rosji-w-Krakowie.mp3\"><img loading=\"lazy\" decoding=\"async\" width=\"150\" height=\"84\" class=\"wp-image-121500\" style=\"width: 150px;\" src=\"https:\/\/htb.com.pl\/wp-content\/uploads\/2025\/05\/Konsukat.png\" alt=\"\" srcset=\"https:\/\/htb.com.pl\/wp-content\/uploads\/2025\/05\/Konsukat.png 975w, https:\/\/htb.com.pl\/wp-content\/uploads\/2025\/05\/Konsukat-300x168.png 300w, https:\/\/htb.com.pl\/wp-content\/uploads\/2025\/05\/Konsukat-768x429.png 768w, https:\/\/htb.com.pl\/wp-content\/uploads\/2025\/05\/Konsukat-600x335.png 600w\" sizes=\"auto, (max-width: 150px) 100vw, 150px\" \/><\/a><\/p>\n\n\n\n<p>A oto, jak Polacy zag\u0142osowali:<\/p>\n\n\n\n<figure class=\"wp-block-image size-full\"><img loading=\"lazy\" decoding=\"async\" width=\"1007\" height=\"762\" src=\"https:\/\/htb.com.pl\/wp-content\/uploads\/2025\/05\/Wyniki25lmaly.png\" alt=\"\" class=\"wp-image-121525\" srcset=\"https:\/\/htb.com.pl\/wp-content\/uploads\/2025\/05\/Wyniki25lmaly.png 1007w, https:\/\/htb.com.pl\/wp-content\/uploads\/2025\/05\/Wyniki25lmaly-300x227.png 300w, https:\/\/htb.com.pl\/wp-content\/uploads\/2025\/05\/Wyniki25lmaly-768x581.png 768w, https:\/\/htb.com.pl\/wp-content\/uploads\/2025\/05\/Wyniki25lmaly-600x454.png 600w\" sizes=\"auto, (max-width: 1007px) 100vw, 1007px\" \/><\/figure>\n","protected":false},"excerpt":{"rendered":"<p>Gdy pisz\u0119 te s\u0142owa, mamy 18 maja 2025 rok. Trwa inauguracja pontyfikatu Papie\u017ca Leona XIV i pierwsza tura wybor\u00f3w Prezydenta Pa\u0144stwa Polskiego. \u017be w przypadku Papie\u017ca b\u0119dzie to co\u015b dobrego &#8211; i dlaczego, wyja\u015bnia\u0142em we wpisie z tygodnia poprzedniego. Teraz wspomn\u0119 tylko, \u017ce to r\u00f3wnie\u017c dlatego, i\u017c g\u0142ow\u0119 ko\u015bcio\u0142a rzymskokatolickiego wybieraj\u0105 kardyna\u0142owie podczas g\u0142osowania tajnego. [&hellip;]<\/p>\n","protected":false},"author":1,"featured_media":121523,"comment_status":"open","ping_status":"open","sticky":false,"template":"","format":"standard","meta":{"_jetpack_memberships_contains_paid_content":false,"footnotes":""},"categories":[4],"tags":[1017],"class_list":["post-121494","post","type-post","status-publish","format-standard","has-post-thumbnail","hentry","category-daty-i-fakty-blog","tag-wybory-prezydenckie-2025"],"jetpack_sharing_enabled":true,"jetpack_featured_media_url":"https:\/\/htb.com.pl\/wp-content\/uploads\/2025\/05\/Wyniki25maly.png","_links":{"self":[{"href":"https:\/\/htb.com.pl\/index.php?rest_route=\/wp\/v2\/posts\/121494","targetHints":{"allow":["GET"]}}],"collection":[{"href":"https:\/\/htb.com.pl\/index.php?rest_route=\/wp\/v2\/posts"}],"about":[{"href":"https:\/\/htb.com.pl\/index.php?rest_route=\/wp\/v2\/types\/post"}],"author":[{"embeddable":true,"href":"https:\/\/htb.com.pl\/index.php?rest_route=\/wp\/v2\/users\/1"}],"replies":[{"embeddable":true,"href":"https:\/\/htb.com.pl\/index.php?rest_route=%2Fwp%2Fv2%2Fcomments&post=121494"}],"version-history":[{"count":9,"href":"https:\/\/htb.com.pl\/index.php?rest_route=\/wp\/v2\/posts\/121494\/revisions"}],"predecessor-version":[{"id":121535,"href":"https:\/\/htb.com.pl\/index.php?rest_route=\/wp\/v2\/posts\/121494\/revisions\/121535"}],"wp:featuredmedia":[{"embeddable":true,"href":"https:\/\/htb.com.pl\/index.php?rest_route=\/wp\/v2\/media\/121523"}],"wp:attachment":[{"href":"https:\/\/htb.com.pl\/index.php?rest_route=%2Fwp%2Fv2%2Fmedia&parent=121494"}],"wp:term":[{"taxonomy":"category","embeddable":true,"href":"https:\/\/htb.com.pl\/index.php?rest_route=%2Fwp%2Fv2%2Fcategories&post=121494"},{"taxonomy":"post_tag","embeddable":true,"href":"https:\/\/htb.com.pl\/index.php?rest_route=%2Fwp%2Fv2%2Ftags&post=121494"}],"curies":[{"name":"wp","href":"https:\/\/api.w.org\/{rel}","templated":true}]}}