{"id":121874,"date":"2025-05-26T14:13:19","date_gmt":"2025-05-26T14:13:19","guid":{"rendered":"https:\/\/htb.com.pl\/?p=121874"},"modified":"2025-05-26T14:13:21","modified_gmt":"2025-05-26T14:13:21","slug":"dwa-marsze","status":"publish","type":"post","link":"https:\/\/htb.com.pl\/?p=121874","title":{"rendered":"Dwa marsze"},"content":{"rendered":"\n<p><\/p>\n\n\n\n<p><\/p>\n\n\n\n<figure class=\"wp-block-image size-thumbnail\"><a href=\"https:\/\/htb.com.pl\/wp-content\/uploads\/2025\/05\/Dwa-marsze.mp3\"><img loading=\"lazy\" decoding=\"async\" width=\"150\" height=\"150\" src=\"https:\/\/htb.com.pl\/wp-content\/uploads\/2018\/04\/posluchaj-150x150.jpg\" alt=\"\" class=\"wp-image-2020\" srcset=\"https:\/\/htb.com.pl\/wp-content\/uploads\/2018\/04\/posluchaj-150x150.jpg 150w, https:\/\/htb.com.pl\/wp-content\/uploads\/2018\/04\/posluchaj-300x300.jpg 300w, https:\/\/htb.com.pl\/wp-content\/uploads\/2018\/04\/posluchaj-100x100.jpg 100w\" sizes=\"auto, (max-width: 150px) 100vw, 150px\" \/><\/a><\/figure>\n\n\n\n<p>W ostatni\u0105 niedziel\u0119 w Warszawie zwolennicy Trzaskowskiego i Nawrockiego maszerowali. U Trzaskowskiego przemawia\u0142 Nicosur Dan, by\u0142y mer Bukaresztu, kt\u00f3rego Rumuni na prezydenta wybrali. <a href=\"http:\/\/radiomaria.com.pl\/wp-content\/uploads\/2025\/05\/19.05.-I-po-wyborach.mp3\"><img loading=\"lazy\" decoding=\"async\" width=\"150\" height=\"83\" class=\"wp-image-121877\" style=\"width: 150px;\" src=\"https:\/\/htb.com.pl\/wp-content\/uploads\/2025\/05\/Danmaly.png\" alt=\"\" srcset=\"https:\/\/htb.com.pl\/wp-content\/uploads\/2025\/05\/Danmaly.png 964w, https:\/\/htb.com.pl\/wp-content\/uploads\/2025\/05\/Danmaly-300x165.png 300w, https:\/\/htb.com.pl\/wp-content\/uploads\/2025\/05\/Danmaly-768x423.png 768w, https:\/\/htb.com.pl\/wp-content\/uploads\/2025\/05\/Danmaly-600x330.png 600w\" sizes=\"auto, (max-width: 150px) 100vw, 150px\" \/> <\/a><a href=\"http:\/\/radiomaria.com.pl\/wp-content\/uploads\/2025\/05\/21.05.Powiedzmy-zlu-nie.mp3\"><img loading=\"lazy\" decoding=\"async\" width=\"150\" height=\"92\" class=\"wp-image-121883\" style=\"width: 150px;\" src=\"https:\/\/htb.com.pl\/wp-content\/uploads\/2025\/05\/Rumuniamaly.png\" alt=\"\" srcset=\"https:\/\/htb.com.pl\/wp-content\/uploads\/2025\/05\/Rumuniamaly.png 978w, https:\/\/htb.com.pl\/wp-content\/uploads\/2025\/05\/Rumuniamaly-300x183.png 300w, https:\/\/htb.com.pl\/wp-content\/uploads\/2025\/05\/Rumuniamaly-768x470.png 768w, https:\/\/htb.com.pl\/wp-content\/uploads\/2025\/05\/Rumuniamaly-600x367.png 600w\" sizes=\"auto, (max-width: 150px) 100vw, 150px\" \/> <\/a>Praktycznie wszyscy przyw\u00f3dcy partii koalicyjnych przemawiali. Do tego, aby\u015bmy zwolennik\u00f3w Nawrockiego szanowali namawiali. Trzaskowski z Sikorskim w Pubie u Mentzena pokazali, \u017ce \u015bwiat si\u0119 od tego nie zawali, a na ulicach b\u0119dziemy si\u0119 do siebie u\u015bmiechali. <\/p>\n\n\n\n<figure class=\"wp-block-image size-full\"><a href=\"http:\/\/radiomaria.com.pl\/wp-content\/uploads\/2025\/05\/25.05.Trzaskowski-Mentzen2.mp3\"><img loading=\"lazy\" decoding=\"async\" width=\"638\" height=\"421\" src=\"https:\/\/htb.com.pl\/wp-content\/uploads\/2025\/05\/Senyszyn-Sikorski.png\" alt=\"\" class=\"wp-image-121889\" srcset=\"https:\/\/htb.com.pl\/wp-content\/uploads\/2025\/05\/Senyszyn-Sikorski.png 638w, https:\/\/htb.com.pl\/wp-content\/uploads\/2025\/05\/Senyszyn-Sikorski-300x198.png 300w, https:\/\/htb.com.pl\/wp-content\/uploads\/2025\/05\/Senyszyn-Sikorski-600x396.png 600w\" sizes=\"auto, (max-width: 638px) 100vw, 638px\" \/><\/a><\/figure>\n\n\n\n<p>Politycy, kt\u00f3rzy narozrabiali, ratunku w ewentualnej prezydenturze Nawrockiego b\u0119d\u0105 szukali. Zdziwi\u0142em si\u0119, \u017ce go na tym marszu nie popierali \u2013 przemawia\u0142 tylko Karol Nawrocki. George Simion, kt\u00f3ry przegra\u0142 wybory w Rumunii, tym razem nie przyjecha\u0142 wesprze\u0107 Nawrockiego. <\/p>\n\n\n\n<figure class=\"wp-block-image size-full\"><a href=\"http:\/\/radiomaria.com.pl\/wp-content\/uploads\/2025\/05\/23.05.Wybrac-dobro.mp3\"><img loading=\"lazy\" decoding=\"async\" width=\"843\" height=\"471\" src=\"https:\/\/htb.com.pl\/wp-content\/uploads\/2025\/05\/Zabrze.png\" alt=\"\" class=\"wp-image-121885\" srcset=\"https:\/\/htb.com.pl\/wp-content\/uploads\/2025\/05\/Zabrze.png 843w, https:\/\/htb.com.pl\/wp-content\/uploads\/2025\/05\/Zabrze-300x168.png 300w, https:\/\/htb.com.pl\/wp-content\/uploads\/2025\/05\/Zabrze-768x429.png 768w, https:\/\/htb.com.pl\/wp-content\/uploads\/2025\/05\/Zabrze-600x335.png 600w\" sizes=\"auto, (max-width: 843px) 100vw, 843px\" \/><\/a><figcaption class=\"wp-element-caption\">Karol Nawrocki o George Simion na spotkaniu z mieszka\u0144cami Zabrza<\/figcaption><\/figure>\n\n\n\n<p>&nbsp; Boj\u0119 si\u0119, \u017ce co\u015b strasznego zaplanowali.<\/p>\n\n\n\n<p>Prosz\u0119, aby Pa\u0144stwo na kolor niebieski uwa\u017cali, ludzie Putina do naszych bia\u0142o czerwonych barw ju\u017c dawno go domalowali. <a href=\"http:\/\/radiomaria.com.pl\/wp-content\/uploads\/2025\/05\/20.05.Wrog-w-graniucach.mp3\"><img loading=\"lazy\" decoding=\"async\" width=\"150\" height=\"116\" class=\"wp-image-121878\" style=\"width: 150px;\" src=\"https:\/\/htb.com.pl\/wp-content\/uploads\/2025\/05\/Flaga-Rosji.png\" alt=\"\" srcset=\"https:\/\/htb.com.pl\/wp-content\/uploads\/2025\/05\/Flaga-Rosji.png 658w, https:\/\/htb.com.pl\/wp-content\/uploads\/2025\/05\/Flaga-Rosji-300x231.png 300w, https:\/\/htb.com.pl\/wp-content\/uploads\/2025\/05\/Flaga-Rosji-600x462.png 600w\" sizes=\"auto, (max-width: 150px) 100vw, 150px\" \/> <\/a>Nie chodzi o to, aby\u015bmy Telewizji Republika, czy innych niebiesko-bia\u0142o-czerwonych nie s\u0142uchali. <a href=\"http:\/\/radiomaria.com.pl\/wp-content\/uploads\/2025\/05\/24.05.Pod-Bialoczerwona.mp3\"><img loading=\"lazy\" decoding=\"async\" width=\"150\" height=\"86\" class=\"wp-image-121887\" style=\"width: 150px;\" src=\"https:\/\/htb.com.pl\/wp-content\/uploads\/2025\/05\/Barwymaly.png\" alt=\"\" srcset=\"https:\/\/htb.com.pl\/wp-content\/uploads\/2025\/05\/Barwymaly.png 976w, https:\/\/htb.com.pl\/wp-content\/uploads\/2025\/05\/Barwymaly-300x172.png 300w, https:\/\/htb.com.pl\/wp-content\/uploads\/2025\/05\/Barwymaly-768x441.png 768w, https:\/\/htb.com.pl\/wp-content\/uploads\/2025\/05\/Barwymaly-600x345.png 600w\" sizes=\"auto, (max-width: 150px) 100vw, 150px\" \/> <\/a>Ale trzeba, \u017ceby\u015bmy podawane tam tre\u015bci weryfikowali. Amerykanie tego nie robili i z r\u0119k\u0105 w nocniku si\u0119 obudzili. Putina niedocenili.&nbsp; Trumpa wybrali i teraz b\u0119d\u0105 kombinowali co zrobi\u0107, \u017ceby do ko\u0144ca z Putinem nie przegrali. <a href=\"http:\/\/radiomaria.com.pl\/wp-content\/uploads\/2025\/05\/21.06.Bedziemy-Ukrainie-pomagali.mp3\"><img loading=\"lazy\" decoding=\"async\" width=\"150\" height=\"85\" class=\"wp-image-121881\" style=\"width: 150px;\" src=\"https:\/\/htb.com.pl\/wp-content\/uploads\/2025\/05\/Rozmowamaly.png\" alt=\"\" srcset=\"https:\/\/htb.com.pl\/wp-content\/uploads\/2025\/05\/Rozmowamaly.png 975w, https:\/\/htb.com.pl\/wp-content\/uploads\/2025\/05\/Rozmowamaly-300x169.png 300w, https:\/\/htb.com.pl\/wp-content\/uploads\/2025\/05\/Rozmowamaly-768x433.png 768w, https:\/\/htb.com.pl\/wp-content\/uploads\/2025\/05\/Rozmowamaly-600x338.png 600w\" sizes=\"auto, (max-width: 150px) 100vw, 150px\" \/> <\/a>My te\u017c niejednokrotnie w naszej historii tak \u017ce\u015bmy post\u0119powali, ale 15 pa\u017adziernika 2023 roku, przy urnach \u017ce\u015bmy pokazali, \u017ce tym razem po szkodzie nic z\u0142ego nas nie zbodzie.<\/p>\n\n\n\n<p>Teraz znowu taki test mamy.<\/p>\n\n\n\n<p>Przeczytajcie ten tekst, a zdamy kolejny test:<\/p>\n\n\n\n<p>Cieszy mnie ten rym \u201ePolak m\u0105dry po szkodzie\u201d<\/p>\n\n\n\n<p>Lecz je\u015bli prawda i z tego nas zbodzie.<\/p>\n\n\n\n<p>Now\u0105 przypowie\u015b\u0107 Polak sobie kupi.<\/p>\n\n\n\n<p>\u017be przed szkod\u0105 i po szkodzie g\u0142upi.<\/p>\n\n\n\n<p><em>Jan Kochanowski<\/em><\/p>\n","protected":false},"excerpt":{"rendered":"<p>W ostatni\u0105 niedziel\u0119 w Warszawie zwolennicy Trzaskowskiego i Nawrockiego maszerowali. U Trzaskowskiego przemawia\u0142 Nicosur Dan, by\u0142y mer Bukaresztu, kt\u00f3rego Rumuni na prezydenta wybrali. Praktycznie wszyscy przyw\u00f3dcy partii koalicyjnych przemawiali. Do tego, aby\u015bmy zwolennik\u00f3w Nawrockiego szanowali namawiali. Trzaskowski z Sikorskim w Pubie u Mentzena pokazali, \u017ce \u015bwiat si\u0119 od tego nie zawali, a na ulicach b\u0119dziemy [&hellip;]<\/p>\n","protected":false},"author":1,"featured_media":121897,"comment_status":"open","ping_status":"open","sticky":false,"template":"","format":"standard","meta":{"_jetpack_memberships_contains_paid_content":false,"footnotes":""},"categories":[4],"tags":[1018],"class_list":["post-121874","post","type-post","status-publish","format-standard","has-post-thumbnail","hentry","category-daty-i-fakty-blog","tag-dwa-marsze"],"jetpack_sharing_enabled":true,"jetpack_featured_media_url":"https:\/\/htb.com.pl\/wp-content\/uploads\/2025\/05\/MarszT.png","_links":{"self":[{"href":"https:\/\/htb.com.pl\/index.php?rest_route=\/wp\/v2\/posts\/121874","targetHints":{"allow":["GET"]}}],"collection":[{"href":"https:\/\/htb.com.pl\/index.php?rest_route=\/wp\/v2\/posts"}],"about":[{"href":"https:\/\/htb.com.pl\/index.php?rest_route=\/wp\/v2\/types\/post"}],"author":[{"embeddable":true,"href":"https:\/\/htb.com.pl\/index.php?rest_route=\/wp\/v2\/users\/1"}],"replies":[{"embeddable":true,"href":"https:\/\/htb.com.pl\/index.php?rest_route=%2Fwp%2Fv2%2Fcomments&post=121874"}],"version-history":[{"count":12,"href":"https:\/\/htb.com.pl\/index.php?rest_route=\/wp\/v2\/posts\/121874\/revisions"}],"predecessor-version":[{"id":121896,"href":"https:\/\/htb.com.pl\/index.php?rest_route=\/wp\/v2\/posts\/121874\/revisions\/121896"}],"wp:featuredmedia":[{"embeddable":true,"href":"https:\/\/htb.com.pl\/index.php?rest_route=\/wp\/v2\/media\/121897"}],"wp:attachment":[{"href":"https:\/\/htb.com.pl\/index.php?rest_route=%2Fwp%2Fv2%2Fmedia&parent=121874"}],"wp:term":[{"taxonomy":"category","embeddable":true,"href":"https:\/\/htb.com.pl\/index.php?rest_route=%2Fwp%2Fv2%2Fcategories&post=121874"},{"taxonomy":"post_tag","embeddable":true,"href":"https:\/\/htb.com.pl\/index.php?rest_route=%2Fwp%2Fv2%2Ftags&post=121874"}],"curies":[{"name":"wp","href":"https:\/\/api.w.org\/{rel}","templated":true}]}}