{"id":1219,"date":"2018-08-03T15:49:15","date_gmt":"2018-08-03T15:49:15","guid":{"rendered":"https:\/\/htb.com.pl\/?p=1219"},"modified":"2020-02-24T07:56:57","modified_gmt":"2020-02-24T07:56:57","slug":"kto-ma-racje","status":"publish","type":"post","link":"https:\/\/htb.com.pl\/?p=1219","title":{"rendered":"Kto ma racj\u0119?"},"content":{"rendered":"<p>Wakacje \u2013 ale w naszej polityce wrze. \u0179li politycy chc\u0105 zako\u0144czy\u0107 prac\u0119 przy rozwalaniu s\u0105downictwa zanim\u00a0 skrytykuje ich \u015awiat. Pan Jaros\u0142aw \u00a0Kaczy\u0144ski s\u0142usznie zauwa\u017cy\u0142, \u017ce normalni politycy maj\u0105 wolne i chce to wykorzysta\u0107. Prawnicy walcz\u0105, op\u00f3\u017aniaj\u0105 jak mog\u0105 sw\u0105 kl\u0119sk\u0119. Bo to kl\u0119ska kochani. Pokonuj\u0105 was miernoty. Litowali\u015bcie si\u0119 nad nimi uznaj\u0105c wa\u017cno\u015b\u0107 wybor\u00f3w i przymykaj\u0105c oko na dubler\u00f3w w Trybunale Konstytucyjnym. To by\u0142y straszne b\u0142\u0119dy. Kto\u015b mo\u017ce powiedzie\u0107 \u2013 trzeba by\u0142o je pope\u0142ni\u0107 dla zgody narodowej. Mo\u017ce \u2013 ja jak pomyl\u0119 kabelki, maszyna nie dzia\u0142a, mo\u017ce te\u017c porazi\u0107 pr\u0105d.<\/p>\n<p><a href=\"https:\/\/htb.com.pl\/?p=18549\"><img loading=\"lazy\" decoding=\"async\" class=\"size-full wp-image-1218 alignleft\" src=\"https:\/\/htb.com.pl\/wp-content\/uploads\/2018\/08\/S\u0105d.jpg\" alt=\"\" width=\"200\" height=\"287\" \/><\/a>Zauwa\u017cy\u0142em, \u017ce wielu Polak\u00f3w obserwuj\u0105c to co si\u0119 wyrabia, zastanawia si\u0119 kto tu ma racj\u0119? Idiotyczne zachowania polityk\u00f3w opozycji, durne relacjonowanie wydarze\u0144 politycznych przez dziennikarzy, czy niezrozumia\u0142y urlop Prezes S\u0105du Najwy\u017cszego\u00a0 Ma\u0142gorzaty Glelsdorf. Nie pomaga w zrozumieniu tego wszystkiego co si\u0119 dzieje. A zaczyna si\u0119 dzia\u0107 \u017ale. Policja stawiana w roli milicji naprzeciwko ludzi demonstruj\u0105cych w obronie demokracji, to sytuacja niezwyk\u0142a. \u017beby zosta\u0107 policjantem trzeba by\u0107 naprawd\u0119 porz\u0105dnym cz\u0142owiekiem. Z takiego milicjanta si\u0119 nie zrobi. Demonstranci to ludzie inteligentni, wywodz\u0105cy si\u0119 z tych samych \u015brodowisk co stoj\u0105cy naprzeciwko nich policjanci. Rz\u0105d ma z tym problem, policjanci nie chc\u0105 uczestniczy\u0107 w \u00a0tej grotesce, wol\u0105 zabezpiecza\u0107 mecze gdzie musz\u0105 walczy\u0107 z \u201ekibolami\u201d. Ubolewa nad tym wiceminister spraw wewn\u0119trznych i administracji Jaros\u0142aw Zieli\u0144ski. Ten cz\u0142owiek kompletnie niczego nie rozumie. Dziwi si\u0119, \u017ce policja woli la\u0107 \u201ePrawdziwych Polak\u00f3w\u201d ni\u017c \u201ezdradzieckie mordy\u201d.<\/p>\n<p>Ten Pan nie czyta mojego bloga, dlatego jest zdziwiony. \u00a0Od lat opisuj\u0119 moj\u0105 dziewczyn\u0119, kt\u00f3ra ju\u017c w 1976 roku postawi\u0142a w\u0142a\u015bciw\u0105 moim zdaniem tez\u0119 \u2013 <a href=\"https:\/\/htb.com.pl\/?p=243\">politycy to z\u0142o<\/a>. Zanim zmar\u0142a w 1987 roku pokaza\u0142a mi, \u017ce ludzie nie dziel\u0105 si\u0119 na komunist\u00f3w i reszt\u0119 tylko na tych co dali si\u0119 nabra\u0107 i popieraj\u0105 sanacj\u0119, oraz tych kt\u00f3rzy nie dali si\u0119 na to nabra\u0107. Ciekawe w tym wszystkim jest to, \u017ce ani jedni ani drudzy o tym nie wiedz\u0105.<\/p>\n<p>S\u0142uchaj\u0105c ostatnio Pani Jadwigi Staniszkis, kt\u00f3ra przyzna\u0142a, \u017ce wszystko jej si\u0119 poki\u0107ka\u0142o, zastanawiam si\u0119 kim by by\u0142a moja Marysia dzi\u015b, gdyby \u017cy\u0142a? No &#8211; jej by si\u0119 nie poki\u0107ka\u0142o, jej podzia\u0142 na sanacj\u0119 i reszt\u0119 wyja\u015bnia wszystko co si\u0119 dzieje obecnie w polityce. Tylko raz widzia\u0142em j\u0105 w k\u0142opocie, tylko ten jeden raz nie wiedzia\u0142a co odpowiedzie\u0107.<a href=\"https:\/\/htb.com.pl\/?p=1007\"> Jej kolega w 1976 roku namawia\u0142 j\u0105 do opuszczenia Polski, do emigracji<\/a>. Powiedzia\u0142, \u017ce w Polsce nigdy nie b\u0119dzie dobrze, bo Polacy nie maj\u0105 w\u0142a\u015bciwych wzorc\u00f3w rz\u0105dzenia. Przywo\u0142anie przez Majk\u0119 okresu Jagiellon\u00f3w, wtedy wyda\u0142o mi si\u0119 \u00a0\u015bmieszne. Ona te\u017c zrozumia\u0142a, \u017ce ten ch\u0142opak ma racj\u0119. Wyjecha\u0142a z Polski, sama, nie na emigracj\u0119, na studia \u00a0&#8211; na 10 lat. Studiowa\u0142a w Anglii i\u00a0 we W\u0142oszech. Gdy wr\u00f3ci\u0142a, mog\u0142a odpowiedzie\u0107 na pytanie kolegi. Wzorce naszego rz\u0105dzenia nale\u017cy dopiero wypracowa\u0107, stworzy\u0107. Zacz\u0119\u0142a to robi\u0107, ci\u0105gle opisuj\u0119 jej walk\u0119 o normalno\u015b\u0107 w naszym kraju. Jestem jej to winien. Pami\u0119tam jak walczy\u0142a o elektrowni\u0119 atomow\u0105 w \u017barnowcu. Jej wizja Polski to mocarstwo atomowe, niezale\u017cne energetycznie i gospodarczo, bo tylko to daje niezale\u017cno\u015b\u0107 polityczn\u0105. \u00a0Kraj kt\u00f3ry jest liderem, kraj kt\u00f3ry wykorzystuje swe po\u0142o\u017cenie w Europie. Bo tylko mocna Polska mo\u017ce to po\u0142o\u017cenie wykorzysta\u0107. Dla s\u0142abej Polski to po\u0142o\u017cenie jest przekle\u0144stwem, \u00a0znamy to z historii.<\/p>\n<p>Teraz mamy Papie\u017ca Jana Paw\u0142a II m\u00f3wi\u0142a, on ma autorytet i chocia\u017c nie ma realnej w\u0142adzy , to on prowadzi nas do wolno\u015bci i dobrobytu. Trzeba ten model zachowa\u0107 gdy Papie\u017c odejdzie. Trzeba stworzy\u0107 Urz\u0105d Prezydenta, kt\u00f3ry nie b\u0119dzie si\u0119 miesza\u0142 do rz\u0105dzenia, bo tylko tak mo\u017cna zachowa\u0107 autorytet. Wszystko musi opiera\u0107 si\u0119 na autorytetach, inaczej b\u0119dzie \u017ale. Dla dziecka autorytetem maj\u0105 \u00a0by\u0107 rodzice a potem nauczyciele. Zburzenie tego modelu to powr\u00f3t sanacji i perspektywa kolejnej katastrofy, jak kl\u0119ska wrze\u015bniowa w 1939 roku.<\/p>\n<p>Autorytet- a co to dzi\u015b \u00a0jest?<\/p>\n<p>Okres Jagiellon\u00f3w, okres niezwyk\u0142y w historii Polski, przywo\u0142any w desperacji przez Marysi\u0119 przypomnia\u0142 mi si\u0119 w 1997 roku, \u00a010 lat po \u015bmierci Marysi. \u00a02 kwietnia uchwalono Konstytucj\u0119, kt\u00f3ra umocowa\u0142a wybieranego w powszechnych wyborach Prezydenta troch\u0119 jak Kr\u00f3la z okresu Jagiellon\u00f3w. Jak ja wtedy \u017ca\u0142owa\u0142em, \u017ce \u00a0Majka tego nie do\u017cy\u0142a.<\/p>\n<p>O prezydenturze Lecha Wa\u0142\u0119sy nie ma co pisa\u0107, \u017cy\u0142 jeszcze Papie\u017c Jan Pawe\u0142 II, nic z\u0142ego nie mog\u0142o si\u0119 sta\u0107. Dopiero Aleksander Kwa\u015bniewski jako Prezydent pokaza\u0142, \u017ce to w\u0142a\u015bciwa droga. Weszli\u015bmy do NATO (12.03.1999.) i\u00a0 Unii Europejskiej (01.05.2004.), zacz\u0119\u0142o i\u015b\u0107 w dobr\u0105 stron\u0119. Mia\u0142a\u015b racj\u0119 anio\u0142ku, to dzia\u0142a i teraz. G\u0142upio mi, \u017ce kiedy\u015b mnie to rozbawi\u0142o.<\/p>\n<p>Gdy dzi\u015b widz\u0119 Prezydenta Andrzeja Dud\u0119, kt\u00f3ry chce wi\u0119cej w\u0142adzy wiem, \u017ce ta wielka zdobycz, ten pocz\u0105tek drogi do dobrobytu, do zgody narodowej, mo\u017ce by\u0107 zaprzepaszczony. Wygra ch\u0119\u0107 zdobycia w\u0142adzy, kt\u00f3ra w\u015br\u00f3d z\u0142ych polityk\u00f3w jest rozumiana jako mo\u017cliwo\u015b\u0107 delegowania swoich ludzi do Sp\u00f3\u0142ek Skarbu Pa\u0144stwa. Dla tak rozumianej w\u0142adzy ludzie ci k\u0142ami\u0105 w kampanii wyborczej, korumpuj\u0105 grupy spo\u0142eczne, robi\u0105 wszystka by t\u0105 w\u0142adz\u0119 zdoby\u0107 a potem utrzyma\u0107. To naturalne, to mnie nie dziwi, no ale to jest z\u0142e. I tu jest, a w\u0142a\u015bciwie powinien by\u0107 Prezydent. Ma inicjatyw\u0119 ustawodawcz\u0105, weto do ustaw, Rad\u0119 Gabinetow\u0105, ma wiele instrument\u00f3w, kt\u00f3re mog\u0105 ukr\u00f3ci\u0107 zap\u0119dy z\u0142ych polityk\u00f3w. Niestety tylko Aleksander Kwa\u015bniewski to rozumia\u0142, no ale on \u00a0by\u0142 jednym z tw\u00f3rc\u00f3w Konstytucji.<\/p>\n<p>Jestem prostym cz\u0142owiekiem,\u00a0 ale ja nie mam problemu z rozumieniem tego co si\u0119 dzieje w Polsce. Pani Profesor Jadwiga Staniszkis jak sama twierdzi ma z tym problem. A to osoba wykszta\u0142cona jest, nie to co ja \u2013 tartacznik \ud83d\ude42<\/p>\n<p>S\u0105 wakacje, je\u017celi Pa\u0144stwo to czytacie znaczy, \u017ce leje. Prosz\u0119 poczyta\u0107 inne wpisy, niekt\u00f3re s\u0105 ciekawe. Tylko prosz\u0119 uwa\u017ca\u0107 bo s\u0105 te\u017c niemoralne za co przepraszam.<\/p>\n","protected":false},"excerpt":{"rendered":"<p>Wakacje \u2013 ale w naszej polityce wrze. \u0179li politycy chc\u0105 zako\u0144czy\u0107 prac\u0119 przy rozwalaniu s\u0105downictwa zanim\u00a0 skrytykuje ich \u015awiat. Pan Jaros\u0142aw \u00a0Kaczy\u0144ski s\u0142usznie zauwa\u017cy\u0142, \u017ce normalni politycy maj\u0105 wolne i chce to wykorzysta\u0107. Prawnicy walcz\u0105, op\u00f3\u017aniaj\u0105 jak mog\u0105 sw\u0105 kl\u0119sk\u0119. Bo to kl\u0119ska kochani. Pokonuj\u0105 was miernoty. Litowali\u015bcie si\u0119 nad nimi uznaj\u0105c wa\u017cno\u015b\u0107 wybor\u00f3w i [&hellip;]<\/p>\n","protected":false},"author":1,"featured_media":1220,"comment_status":"open","ping_status":"open","sticky":false,"template":"","format":"standard","meta":{"_jetpack_memberships_contains_paid_content":false,"footnotes":""},"categories":[4],"tags":[183],"class_list":["post-1219","post","type-post","status-publish","format-standard","has-post-thumbnail","hentry","category-daty-i-fakty-blog","tag-spor-polityczny"],"jetpack_sharing_enabled":true,"jetpack_featured_media_url":"https:\/\/htb.com.pl\/wp-content\/uploads\/2018\/08\/S\u0105d-N.jpg","_links":{"self":[{"href":"https:\/\/htb.com.pl\/index.php?rest_route=\/wp\/v2\/posts\/1219","targetHints":{"allow":["GET"]}}],"collection":[{"href":"https:\/\/htb.com.pl\/index.php?rest_route=\/wp\/v2\/posts"}],"about":[{"href":"https:\/\/htb.com.pl\/index.php?rest_route=\/wp\/v2\/types\/post"}],"author":[{"embeddable":true,"href":"https:\/\/htb.com.pl\/index.php?rest_route=\/wp\/v2\/users\/1"}],"replies":[{"embeddable":true,"href":"https:\/\/htb.com.pl\/index.php?rest_route=%2Fwp%2Fv2%2Fcomments&post=1219"}],"version-history":[{"count":9,"href":"https:\/\/htb.com.pl\/index.php?rest_route=\/wp\/v2\/posts\/1219\/revisions"}],"predecessor-version":[{"id":18570,"href":"https:\/\/htb.com.pl\/index.php?rest_route=\/wp\/v2\/posts\/1219\/revisions\/18570"}],"wp:featuredmedia":[{"embeddable":true,"href":"https:\/\/htb.com.pl\/index.php?rest_route=\/wp\/v2\/media\/1220"}],"wp:attachment":[{"href":"https:\/\/htb.com.pl\/index.php?rest_route=%2Fwp%2Fv2%2Fmedia&parent=1219"}],"wp:term":[{"taxonomy":"category","embeddable":true,"href":"https:\/\/htb.com.pl\/index.php?rest_route=%2Fwp%2Fv2%2Fcategories&post=1219"},{"taxonomy":"post_tag","embeddable":true,"href":"https:\/\/htb.com.pl\/index.php?rest_route=%2Fwp%2Fv2%2Ftags&post=1219"}],"curies":[{"name":"wp","href":"https:\/\/api.w.org\/{rel}","templated":true}]}}