{"id":122216,"date":"2025-06-02T05:48:10","date_gmt":"2025-06-02T05:48:10","guid":{"rendered":"https:\/\/htb.com.pl\/?p=122216"},"modified":"2025-06-02T12:51:31","modified_gmt":"2025-06-02T12:51:31","slug":"przegralismy-nasz-majdan","status":"publish","type":"post","link":"https:\/\/htb.com.pl\/?p=122216","title":{"rendered":"Przegrali\u015bmy nasz Majdan"},"content":{"rendered":"\n<p><\/p>\n\n\n\n<p><\/p>\n\n\n\n<figure class=\"wp-block-image size-thumbnail\"><a href=\"https:\/\/htb.com.pl\/wp-content\/uploads\/2025\/06\/Przegralismy-nasz-Majdan.mp3\"><img loading=\"lazy\" decoding=\"async\" width=\"150\" height=\"150\" src=\"https:\/\/htb.com.pl\/wp-content\/uploads\/2018\/04\/posluchaj-150x150.jpg\" alt=\"\" class=\"wp-image-2020\" srcset=\"https:\/\/htb.com.pl\/wp-content\/uploads\/2018\/04\/posluchaj-150x150.jpg 150w, https:\/\/htb.com.pl\/wp-content\/uploads\/2018\/04\/posluchaj-300x300.jpg 300w, https:\/\/htb.com.pl\/wp-content\/uploads\/2018\/04\/posluchaj-100x100.jpg 100w\" sizes=\"auto, (max-width: 150px) 100vw, 150px\" \/><\/a><\/figure>\n\n\n\n<p>Karol Nawrocki nowym prezydentem Polski<\/p>\n\n\n\n<p>Nie ma tego z\u0142ego, co by na dobre nie wysz\u0142o. To przys\u0142owie bardzo tu pasuje.<\/p>\n\n\n\n<p>W 2004 roku pracowa\u0142em w Ukrainie. Montowali\u015bmy w Berdyczewie instalacj\u0119 odpylaj\u0105c\u0105 w zak\u0142adach drzewnych. Mia\u0142a by\u0107 tam produkowana p\u0142yta klejona. Wcze\u015bniej produkowano tam czo\u0142gi. To by\u0142 czas tu\u017c przed pomara\u0144czow\u0105 rewolucj\u0105. <\/p>\n\n\n\n<p>31 pa\u017adziernika 2004 roku odby\u0142a si\u0119  pierwsza tura&nbsp;<a href=\"https:\/\/pl.wikipedia.org\/wiki\/Wybory_prezydenckie_na_Ukrainie_w_2004_roku\">wybor\u00f3w prezydenckich w Ukrainie<\/a>. Moim zdaniem ju\u017c wtedy co\u015b tam pokombinowano. &nbsp;Wyniki og\u0142oszono dopiero 9 listopada. Zgodnie z danymi, pierwsz\u0105 tur\u0119 wygra\u0142 lider opozycji i przedstawiciel tzw. pomara\u0144czowej koalicji, czyli przeciwnik Putina &nbsp;Wiktor Juszczenko (39,87% g\u0142os\u00f3w). Zmierzy\u0142 si\u0119 w drugiej turze z reprezentantem&nbsp;<a href=\"https:\/\/pl.wikipedia.org\/wiki\/Partia_Region%C3%B3w\">Partii Region\u00f3w<\/a>, czyli zwolennikiem przy\u0142\u0105czenia Ukrainy do Rosji, &nbsp;Wiktorem Janukowyczem, kt\u00f3ry zdoby\u0142 39,32% g\u0142os\u00f3w<\/p>\n\n\n\n<p>21 listopada 2004 roku odby\u0142a si\u0119 druga tura wybor\u00f3w prezydenckich. Wed\u0142ug wynik\u00f3w sonda\u017cowych wybory wygra\u0142 Wiktor Juszczenko, zdobywaj\u0105c 52% g\u0142os\u00f3w. Centralna Komisja Wyborcza poda\u0142a, \u017ce wybory wygra\u0142 Wiktor Janukowycz, maj\u0105cy przewag\u0119 2,5% g\u0142os\u00f3w. Mnie koleny raz co\u015b ewidentnie  nie gra\u0142o, w Ukrainie te\u017c zawrza\u0142o, a jak si\u0119 okaza\u0142o, \u017ce W\u0142adimir Putin pogratulowa\u0142 Wiktorowi Janukowyczowi zwyci\u0119stwa w drugiej turze, wiedzia\u0142em, \u017ce Ukraina ma problemy \u2013 du\u017ce.<\/p>\n\n\n\n<p>Dekad\u0119 to wytrzyma\u0142o no i si\u0119 sta\u0142o, a 24 lutego 2022 roku pa\u0144stwo Putina Ukrain\u0119 na pe\u0142n\u0105 skal\u0119 zaatakowa\u0142o.<\/p>\n\n\n\n<p>Dzi\u015b Pa\u0144stwo Polskie swojego Majdanu organizowa\u0107 jeszcze nie musia\u0142o. Przy urnach decydowa\u0142o &#8211; i  inn\u0105, jak Ukraina drog\u0119 wybra\u0142o. Powolutku, po cichutku na drodze ku zachodowi b\u0119dzie zawraca\u0142o i na wsch\u00f3d b\u0119dzie si\u0119 cofa\u0142o. A to Putinowi na pewno si\u0119 spodoba\u0142o. <\/p>\n\n\n\n<p>Zak\u0142adam, \u017ce Donald Tusk wyst\u0105pi o wotum zaufania, a to ju\u017c tylko krok do poddania bez strzelania i dalszego zad\u0142u\u017cania. Wr\u00f3c\u0105 ci co pouciekali i dalej b\u0119d\u0105 nas okradali. Ciekawe, czy z pieni\u0119dzy na zbrojenia, kt\u00f3re w UE \u017ce\u015bmy wynegocjowali b\u0119dziemy korzystali <a href=\"http:\/\/radiomaria.com.pl\/wp-content\/uploads\/2025\/05\/27.05.Wielkie-pieniadze-na-obronnosc.mp3\"><img loading=\"lazy\" decoding=\"async\" width=\"150\" height=\"73\" class=\"wp-image-122246\" style=\"width: 150px;\" src=\"https:\/\/htb.com.pl\/wp-content\/uploads\/2025\/06\/Obronoscmaly.png\" alt=\"\" srcset=\"https:\/\/htb.com.pl\/wp-content\/uploads\/2025\/06\/Obronoscmaly.png 970w, https:\/\/htb.com.pl\/wp-content\/uploads\/2025\/06\/Obronoscmaly-300x146.png 300w, https:\/\/htb.com.pl\/wp-content\/uploads\/2025\/06\/Obronoscmaly-768x374.png 768w, https:\/\/htb.com.pl\/wp-content\/uploads\/2025\/06\/Obronoscmaly-600x293.png 600w\" sizes=\"auto, (max-width: 150px) 100vw, 150px\" \/> <\/a>i czy nadal Ukrainie b\u0119dziemy pomagali?<\/p>\n\n\n\n<p>Gdyby to wi\u0119\u017aniowie decydowali <a href=\"http:\/\/radiomaria.com.pl\/wp-content\/uploads\/2025\/05\/27.05.Jak-glosowali-osadzeni.mp3\"><img loading=\"lazy\" decoding=\"async\" width=\"150\" height=\"78\" class=\"wp-image-122243\" style=\"width: 150px;\" src=\"https:\/\/htb.com.pl\/wp-content\/uploads\/2025\/06\/Bramamaly.png\" alt=\"\" srcset=\"https:\/\/htb.com.pl\/wp-content\/uploads\/2025\/06\/Bramamaly.png 979w, https:\/\/htb.com.pl\/wp-content\/uploads\/2025\/06\/Bramamaly-300x157.png 300w, https:\/\/htb.com.pl\/wp-content\/uploads\/2025\/06\/Bramamaly-768x402.png 768w, https:\/\/htb.com.pl\/wp-content\/uploads\/2025\/06\/Bramamaly-850x450.png 850w, https:\/\/htb.com.pl\/wp-content\/uploads\/2025\/06\/Bramamaly-600x314.png 600w\" sizes=\"auto, (max-width: 150px) 100vw, 150px\" \/> <\/a>&#8211; (du\u017co do nich w Radiu Maria \u017ce\u015bmy gadali), to by\u015bmy jako Polska z Putinem wygrali. A tak &#8211; lepsze jutro by\u0142o wczoraj. Kochani &#8211; a mo\u017ce i Wy by\u015bcie nas s\u0142uchali. Teraz ustaw\u0119 o wyborze prezydenta &#8211; t\u0105 z <a href=\"https:\/\/biblioteka.sejm.gov.pl\/tek01\/txt\/kpol\/1921a-r3.html\">Konstytucji marcowej z1921 roku<\/a> b\u0119dziemy promowali. Mo\u017ce zd\u0105\u017cymy &#8211; zanim to wszystko si\u0119 zawali.<\/p>\n\n\n\n<p><\/p>\n\n\n\n<p><sup><a href=\"https:\/\/pl.wikipedia.org\/wiki\/Pomara%C5%84czowa_rewolucja#cite_note-CITEREFKoz%C5%82owski2011218-13\">.<\/a><\/sup><\/p>\n","protected":false},"excerpt":{"rendered":"<p>Karol Nawrocki nowym prezydentem Polski Nie ma tego z\u0142ego, co by na dobre nie wysz\u0142o. To przys\u0142owie bardzo tu pasuje. W 2004 roku pracowa\u0142em w Ukrainie. Montowali\u015bmy w Berdyczewie instalacj\u0119 odpylaj\u0105c\u0105 w zak\u0142adach drzewnych. Mia\u0142a by\u0107 tam produkowana p\u0142yta klejona. Wcze\u015bniej produkowano tam czo\u0142gi. To by\u0142 czas tu\u017c przed pomara\u0144czow\u0105 rewolucj\u0105. 31 pa\u017adziernika 2004 roku [&hellip;]<\/p>\n","protected":false},"author":1,"featured_media":122224,"comment_status":"open","ping_status":"open","sticky":false,"template":"","format":"standard","meta":{"_jetpack_memberships_contains_paid_content":false,"footnotes":""},"categories":[4],"tags":[1020],"class_list":["post-122216","post","type-post","status-publish","format-standard","has-post-thumbnail","hentry","category-daty-i-fakty-blog","tag-przegralismy-nasz-majdan"],"jetpack_sharing_enabled":true,"jetpack_featured_media_url":"https:\/\/htb.com.pl\/wp-content\/uploads\/2025\/06\/Wybory2025P.jpg","_links":{"self":[{"href":"https:\/\/htb.com.pl\/index.php?rest_route=\/wp\/v2\/posts\/122216","targetHints":{"allow":["GET"]}}],"collection":[{"href":"https:\/\/htb.com.pl\/index.php?rest_route=\/wp\/v2\/posts"}],"about":[{"href":"https:\/\/htb.com.pl\/index.php?rest_route=\/wp\/v2\/types\/post"}],"author":[{"embeddable":true,"href":"https:\/\/htb.com.pl\/index.php?rest_route=\/wp\/v2\/users\/1"}],"replies":[{"embeddable":true,"href":"https:\/\/htb.com.pl\/index.php?rest_route=%2Fwp%2Fv2%2Fcomments&post=122216"}],"version-history":[{"count":9,"href":"https:\/\/htb.com.pl\/index.php?rest_route=\/wp\/v2\/posts\/122216\/revisions"}],"predecessor-version":[{"id":122253,"href":"https:\/\/htb.com.pl\/index.php?rest_route=\/wp\/v2\/posts\/122216\/revisions\/122253"}],"wp:featuredmedia":[{"embeddable":true,"href":"https:\/\/htb.com.pl\/index.php?rest_route=\/wp\/v2\/media\/122224"}],"wp:attachment":[{"href":"https:\/\/htb.com.pl\/index.php?rest_route=%2Fwp%2Fv2%2Fmedia&parent=122216"}],"wp:term":[{"taxonomy":"category","embeddable":true,"href":"https:\/\/htb.com.pl\/index.php?rest_route=%2Fwp%2Fv2%2Fcategories&post=122216"},{"taxonomy":"post_tag","embeddable":true,"href":"https:\/\/htb.com.pl\/index.php?rest_route=%2Fwp%2Fv2%2Ftags&post=122216"}],"curies":[{"name":"wp","href":"https:\/\/api.w.org\/{rel}","templated":true}]}}