{"id":122865,"date":"2025-06-15T11:55:57","date_gmt":"2025-06-15T11:55:57","guid":{"rendered":"https:\/\/htb.com.pl\/?p=122865"},"modified":"2025-06-15T12:41:25","modified_gmt":"2025-06-15T12:41:25","slug":"nasza-demokracja","status":"publish","type":"post","link":"https:\/\/htb.com.pl\/?p=122865","title":{"rendered":"Nasza demokracja"},"content":{"rendered":"\n<p><\/p>\n\n\n\n<p><\/p>\n\n\n\n<figure class=\"wp-block-image size-thumbnail\"><a href=\"https:\/\/htb.com.pl\/wp-content\/uploads\/2025\/06\/Nasza-demokracja.mp3\"><img loading=\"lazy\" decoding=\"async\" width=\"150\" height=\"150\" src=\"https:\/\/htb.com.pl\/wp-content\/uploads\/2018\/04\/posluchaj-150x150.jpg\" alt=\"\" class=\"wp-image-2020\" srcset=\"https:\/\/htb.com.pl\/wp-content\/uploads\/2018\/04\/posluchaj-150x150.jpg 150w, https:\/\/htb.com.pl\/wp-content\/uploads\/2018\/04\/posluchaj-300x300.jpg 300w, https:\/\/htb.com.pl\/wp-content\/uploads\/2018\/04\/posluchaj-100x100.jpg 100w\" sizes=\"auto, (max-width: 150px) 100vw, 150px\" \/><\/a><\/figure>\n\n\n\n<p>S\u0142owo demokracja pochodzi z j\u0119zyka greckiego. Po Grecku <em>demos<\/em> znaczy lud, a <em>kratos<\/em> to w\u0142adza. To si\u0119 bardzo spodoba\u0142o tym, co si\u0119 im robi\u0107 nie chcia\u0142o &#8211; politykom. \u017beby zosta\u0107 kap\u0142anem, zwykle w g\u0142owie mie\u0107 co\u015b nale\u017ca\u0142o, bo z pustego nawet Salomonowi nala\u0107 si\u0119 nie uda\u0142o. Gdyby polskie spo\u0142ecze\u0144stwo wiedzia\u0142o, \u017ce Salomon to by\u0142 biblijny kr\u00f3l Izraela 1000 lat p.n.e. \u2013 to za uosobienie m\u0105dro\u015bci ju\u017c by go nie uwa\u017ca\u0142o. T\u0119 cnot\u0119 bowiem sobie przypisa\u0142o. A to ju\u017c niejednokrotnie sporo nas kosztowa\u0142o. Akurat teraz najdro\u017cszy na \u015bwiecie pr\u0105d mamy \u2013 bo dzi\u0119ki tej naszej \u201em\u0105dro\u015bci\u201d elektrowni j\u0105drowej nie mamy. Teraz jednak kolejny \u2013 kardynalny b\u0142\u0105d pope\u0142niamy. Kardynalny to taki, gdzie co\u015b postanawiamy, a o niczym zielonego poj\u0119cia nie mamy. Tak \u2013 chodzi o to, jak prezydenta Polski wybieramy. Politycy co przez 8 lat nas okradali si\u0119 bali, \u017ce b\u0119d\u0105 za to odpowiadali \u2013 i tak kombinowali, \u017ceby nie odpowiadali. A my \u2013 szczeg\u00f3lnie tu na moim Podkarpaciu \u017ce\u015bmy si\u0119 nabrali i dalej \u015bcian\u0105 wschodni\u0105 b\u0119dziemy si\u0119 nazywali. Politycy za\u015b, \u015brodki na zmian\u0119 tego statusu b\u0119d\u0105 nam obiecywali. G\u00f3rnicy te\u017c kiedy\u015b taki status pokrzywdzonych dostali \u2013 na 2025 rok ponad 9 miliard\u00f3w z\u0142otych dotacji dostali. Rz\u0105dz\u0105cy 40 milion\u00f3w na reaktor Maria w \u015awierku nie dali. <a href=\"http:\/\/radiomaria.com.pl\/wp-content\/uploads\/2025\/06\/09.06.Maria-nie-pracuje.mp3\"><img loading=\"lazy\" decoding=\"async\" width=\"150\" height=\"131\" class=\"wp-image-122867\" style=\"width: 150px;\" src=\"https:\/\/htb.com.pl\/wp-content\/uploads\/2025\/06\/Reaktor-Maria.png\" alt=\"\" srcset=\"https:\/\/htb.com.pl\/wp-content\/uploads\/2025\/06\/Reaktor-Maria.png 580w, https:\/\/htb.com.pl\/wp-content\/uploads\/2025\/06\/Reaktor-Maria-300x261.png 300w\" sizes=\"auto, (max-width: 150px) 100vw, 150px\" \/> <\/a>Bo uznali, \u017ce 100 tysi\u0119cy chorych na raka ludzi na ca\u0142ym \u015bwiecie, kt\u00f3rzy co tydzie\u0144 dzi\u0119ki temu reaktorowi nowe \u017cycie dostawali, na nich by nie g\u0142osowali. Mo\u017ce takiego pytania w sonda\u017cach \u017ce\u015bcie nie zadali? Swoj\u0105 drog\u0105 ciekawe, o co w tych sonda\u017cach pytali, \u017ce Karola Nawrockiego na prezydenta \u017ce\u015bmy wybrali.<\/p>\n\n\n\n<p>Co\u015b mi si\u0119 zdaje, \u017ce nasi kap\u0142ani tu bardzo pomagali, w\u0142a\u015bnie now\u0105 &#8211; teraz ju\u017c \u201eswoj\u0105\u201d komisj\u0119 ds. pedofilii powo\u0142ali. <a href=\"http:\/\/radiomaria.com.pl\/wp-content\/uploads\/2025\/06\/1006Takzesmywybrali.mp3\"><img loading=\"lazy\" decoding=\"async\" width=\"150\" height=\"117\" class=\"wp-image-122869\" style=\"width: 150px;\" src=\"https:\/\/htb.com.pl\/wp-content\/uploads\/2025\/06\/Bazylika_Wniebowziecia_Najswietszej_Maryi_Panny_w_Krzeszowie.jpg\" alt=\"\" srcset=\"https:\/\/htb.com.pl\/wp-content\/uploads\/2025\/06\/Bazylika_Wniebowziecia_Najswietszej_Maryi_Panny_w_Krzeszowie.jpg 983w, https:\/\/htb.com.pl\/wp-content\/uploads\/2025\/06\/Bazylika_Wniebowziecia_Najswietszej_Maryi_Panny_w_Krzeszowie-300x233.jpg 300w, https:\/\/htb.com.pl\/wp-content\/uploads\/2025\/06\/Bazylika_Wniebowziecia_Najswietszej_Maryi_Panny_w_Krzeszowie-768x597.jpg 768w, https:\/\/htb.com.pl\/wp-content\/uploads\/2025\/06\/Bazylika_Wniebowziecia_Najswietszej_Maryi_Panny_w_Krzeszowie-600x466.jpg 600w\" sizes=\"auto, (max-width: 150px) 100vw, 150px\" \/><\/a><\/p>\n\n\n\n<p>Parlamentarzy\u015bci, kt\u00f3rych 15 pa\u017adziernika 2023 roku \u017ce\u015bmy wybrali, unijne pieni\u0105dza z KPO odblokowali i wszystko w miar\u0119 uporz\u0105dkowali. Inflacj\u0119 zdusili, wzrost PKB przywr\u00f3cili \u2013 wotum zaufania dla swego rz\u0105du g\u0142osowali. <a href=\"http:\/\/radiomaria.com.pl\/wp-content\/uploads\/2025\/06\/11.06.Wotum-zaufania.mp3\"><img loading=\"lazy\" decoding=\"async\" width=\"150\" height=\"84\" class=\"wp-image-122871\" style=\"width: 150px;\" src=\"https:\/\/htb.com.pl\/wp-content\/uploads\/2025\/06\/Wotummaly.png\" alt=\"\" srcset=\"https:\/\/htb.com.pl\/wp-content\/uploads\/2025\/06\/Wotummaly.png 972w, https:\/\/htb.com.pl\/wp-content\/uploads\/2025\/06\/Wotummaly-300x168.png 300w, https:\/\/htb.com.pl\/wp-content\/uploads\/2025\/06\/Wotummaly-768x431.png 768w, https:\/\/htb.com.pl\/wp-content\/uploads\/2025\/06\/Wotummaly-600x336.png 600w\" sizes=\"auto, (max-width: 150px) 100vw, 150px\" \/> <\/a>Bo Polacy w wyborach prezydenckich pokazali, \u017ce oni takiego rz\u0105du teraz by nie wybrali. Na 4 lata \u017ce\u015bmy ten rz\u0105d wybrali \u2013 ale teraz rzeczywi\u015bcie, wszystko \u017ce\u015bmy poki\u0107kali.<\/p>\n\n\n\n<p>W Ukrainie, Bia\u0142orusi \u2013 podobnie prezydenta wybierali. Bia\u0142orusini przy Putinowskiej dyktaturze zostali, a Ukrai\u0144cy\u2026 No w\u0142a\u015bnie &#8211; lepiej \u017ceby\u015bmy tej drogi nie wybrali.<\/p>\n\n\n\n<p>Politykom si\u0119 wydaje, \u017ce do sprawowania&nbsp; w\u0142adzy ustawodawczej mog\u0105 wykorzystywa\u0107 religi\u0119, s\u0105dy i wojsko. Ot\u00f3\u017c nie \u2013 tak jest \u017ale. To b\u0142\u0105d kardynalny, zero punkt\u00f3w.<\/p>\n\n\n\n<p>Premier Izraela Benjamin Netaniahu te\u017c kombinuje, \u017ceby nie siedzie\u0107. To, do czego doprowadzi\u0142 na bliskim wschodzie i nas ubodzie. <a href=\"http:\/\/radiomaria.com.pl\/wp-content\/uploads\/2025\/06\/13.06.Wojna-na-Bliskim-Wschodzie.mp3\"><img loading=\"lazy\" decoding=\"async\" width=\"150\" height=\"91\" class=\"wp-image-122873\" style=\"width: 150px;\" src=\"https:\/\/htb.com.pl\/wp-content\/uploads\/2025\/06\/Atak-Izraela.png\" alt=\"\" srcset=\"https:\/\/htb.com.pl\/wp-content\/uploads\/2025\/06\/Atak-Izraela.png 1000w, https:\/\/htb.com.pl\/wp-content\/uploads\/2025\/06\/Atak-Izraela-300x182.png 300w, https:\/\/htb.com.pl\/wp-content\/uploads\/2025\/06\/Atak-Izraela-768x467.png 768w, https:\/\/htb.com.pl\/wp-content\/uploads\/2025\/06\/Atak-Izraela-600x365.png 600w\" sizes=\"auto, (max-width: 150px) 100vw, 150px\" \/> <\/a>M\u00f3wi\u0119 do polityk\u00f3w: powinni\u015bcie wiedzie\u0107 &#8211; powinienem powiedzie\u0107. Ja jednak przedstawiam \u015bwiat z perspektywy Marysi. Wydaje mi si\u0119, \u017ce Ona by tu powiedzia\u0142a: powinni\u015bmy wiedzie\u0107. Te\u017c si\u0119 rymuje &#8211; i bardzo, ale to bardzo tu pasuje.<\/p>\n","protected":false},"excerpt":{"rendered":"<p>S\u0142owo demokracja pochodzi z j\u0119zyka greckiego. Po Grecku demos znaczy lud, a kratos to w\u0142adza. To si\u0119 bardzo spodoba\u0142o tym, co si\u0119 im robi\u0107 nie chcia\u0142o &#8211; politykom. \u017beby zosta\u0107 kap\u0142anem, zwykle w g\u0142owie mie\u0107 co\u015b nale\u017ca\u0142o, bo z pustego nawet Salomonowi nala\u0107 si\u0119 nie uda\u0142o. Gdyby polskie spo\u0142ecze\u0144stwo wiedzia\u0142o, \u017ce Salomon to by\u0142 biblijny [&hellip;]<\/p>\n","protected":false},"author":1,"featured_media":122877,"comment_status":"open","ping_status":"open","sticky":false,"template":"","format":"standard","meta":{"_jetpack_memberships_contains_paid_content":false,"footnotes":""},"categories":[4],"tags":[1022],"class_list":["post-122865","post","type-post","status-publish","format-standard","has-post-thumbnail","hentry","category-daty-i-fakty-blog","tag-nasza-demokracja"],"jetpack_sharing_enabled":true,"jetpack_featured_media_url":"https:\/\/htb.com.pl\/wp-content\/uploads\/2025\/06\/DemokracjaP.png","_links":{"self":[{"href":"https:\/\/htb.com.pl\/index.php?rest_route=\/wp\/v2\/posts\/122865","targetHints":{"allow":["GET"]}}],"collection":[{"href":"https:\/\/htb.com.pl\/index.php?rest_route=\/wp\/v2\/posts"}],"about":[{"href":"https:\/\/htb.com.pl\/index.php?rest_route=\/wp\/v2\/types\/post"}],"author":[{"embeddable":true,"href":"https:\/\/htb.com.pl\/index.php?rest_route=\/wp\/v2\/users\/1"}],"replies":[{"embeddable":true,"href":"https:\/\/htb.com.pl\/index.php?rest_route=%2Fwp%2Fv2%2Fcomments&post=122865"}],"version-history":[{"count":6,"href":"https:\/\/htb.com.pl\/index.php?rest_route=\/wp\/v2\/posts\/122865\/revisions"}],"predecessor-version":[{"id":122882,"href":"https:\/\/htb.com.pl\/index.php?rest_route=\/wp\/v2\/posts\/122865\/revisions\/122882"}],"wp:featuredmedia":[{"embeddable":true,"href":"https:\/\/htb.com.pl\/index.php?rest_route=\/wp\/v2\/media\/122877"}],"wp:attachment":[{"href":"https:\/\/htb.com.pl\/index.php?rest_route=%2Fwp%2Fv2%2Fmedia&parent=122865"}],"wp:term":[{"taxonomy":"category","embeddable":true,"href":"https:\/\/htb.com.pl\/index.php?rest_route=%2Fwp%2Fv2%2Fcategories&post=122865"},{"taxonomy":"post_tag","embeddable":true,"href":"https:\/\/htb.com.pl\/index.php?rest_route=%2Fwp%2Fv2%2Ftags&post=122865"}],"curies":[{"name":"wp","href":"https:\/\/api.w.org\/{rel}","templated":true}]}}