{"id":123569,"date":"2025-06-29T14:11:17","date_gmt":"2025-06-29T14:11:17","guid":{"rendered":"https:\/\/htb.com.pl\/?p=123569"},"modified":"2025-06-30T04:59:16","modified_gmt":"2025-06-30T04:59:16","slug":"kierunek-przepasc","status":"publish","type":"post","link":"https:\/\/htb.com.pl\/?p=123569","title":{"rendered":"Kierunek przepa\u015b\u0107"},"content":{"rendered":"\n<p><\/p>\n\n\n\n<p><\/p>\n\n\n\n<figure class=\"wp-block-image size-thumbnail\"><a href=\"https:\/\/htb.com.pl\/wp-content\/uploads\/2025\/06\/Kierunek-przepasc.mp3\"><img loading=\"lazy\" decoding=\"async\" width=\"150\" height=\"150\" src=\"https:\/\/htb.com.pl\/wp-content\/uploads\/2018\/04\/posluchaj-150x150.jpg\" alt=\"\" class=\"wp-image-2020\" srcset=\"https:\/\/htb.com.pl\/wp-content\/uploads\/2018\/04\/posluchaj-150x150.jpg 150w, https:\/\/htb.com.pl\/wp-content\/uploads\/2018\/04\/posluchaj-300x300.jpg 300w, https:\/\/htb.com.pl\/wp-content\/uploads\/2018\/04\/posluchaj-100x100.jpg 100w\" sizes=\"auto, (max-width: 150px) 100vw, 150px\" \/><\/a><\/figure>\n\n\n\n<p>Praktycznie ca\u0142e moje \u017cycie, a w\u0142a\u015bnie sko\u0144czy\u0142em 64 lata, jako kraj stali\u015bmy nad przepa\u015bci\u0105. Pami\u0119tam 1970 rok. Wydarzenia Grudniowe, czyli protesty i strajki robotnik\u00f3w g\u0142\u00f3wnie w Gdyni, Gda\u0144sku, Szczecinie i Elbl\u0105gu, kt\u00f3re wybuch\u0142y w dniach 14-22 grudnia 1970 roku w odpowiedzi na drastyczn\u0105 podwy\u017ck\u0119 cen.&nbsp;Gomu\u0142ka, mimo pogarszaj\u0105cej si\u0119 sytuacji gospodarczej, nie zdecydowa\u0142 si\u0119 na reformy, a zamiast tego zdecydowa\u0142 si\u0119 na represje wobec protestuj\u0105cych.&nbsp;Jego przem\u00f3wienie z 16 kwietnia 1970 roku, w kt\u00f3rym przyzna\u0142, \u017ce stali\u015bmy nad przepa\u015bci\u0105, ale zrobili\u015bmy du\u017cy krok naprz\u00f3d opowiadano jako dowcip.<\/p>\n\n\n\n<p>Mnie to nie \u015bmieszy\u0142o. Z czasem zrozumia\u0142em, \u017ce Gomu\u0142ka mia\u0142 racj\u0119. Ceny nale\u017ca\u0142o podnie\u015b\u0107. Potem przyszed\u0142 Gierek i problemy znikn\u0119\u0142y. Podobnie jak dzi\u015b. Zacz\u0119li\u015bmy si\u0119 zad\u0142u\u017ca\u0107. Wtedy to by\u0142o 35 mld. USD, dzi\u015b jest bilion! D\u0142ug Gierka sp\u0142acili\u015bmy \u2013 kto sp\u0142aci nasz?<\/p>\n\n\n\n<p>Dwa razy za mojego \u017cycia Polska znalaz\u0142a si\u0119 w nieco lepszej sytuacji. 1996-97 kiedy rz\u0105dzi\u0142 W\u0142odzimierz Cimoszewicz, a prezydentem by\u0142 Aleksander Kwa\u015bniewski. Wprawdzie Cimoszewicza zmiot\u0142a &nbsp;pow\u00f3d\u017a stulecia, ale uchwalono Konstytucj\u0119. Referendum Konstytucyjne by\u0142o 25 maja 1987 roku. W 1999 roku wst\u0105pili\u015bmy do NATO. Potem Polska przyst\u0105pi\u0142a do Unii Europejskiej&nbsp;<mark>1 maja 2004 roku<\/mark>.<\/p>\n\n\n\n<p>&nbsp;Premierem by\u0142 Leszek Miler, ale to z Aleksandrem Kwa\u015bniewskim kojarz\u0105 mi si\u0119 te wydarzenia. By\u0142 to jedyny jak dot\u0105d prezydent, kt\u00f3ry rozumia\u0142, o co w tej prezydenturze chodzi. Wiem, \u017ce jak nie powr\u00f3cimy do wyboru g\u0142owy pa\u0144stwa poprzez Zgromadzenia Narodowe, nigdy nie wybierzemy kogo\u015b podobnego do Aleksandra Kwa\u015bniewskiego. <a href=\"http:\/\/radiomaria.com.pl\/wp-content\/uploads\/2025\/06\/24.06.Karol-Nawroski-i-sprawa-Ukrainy.mp3\"><img loading=\"lazy\" decoding=\"async\" width=\"150\" height=\"85\" class=\"wp-image-123574\" style=\"width: 150px;\" src=\"https:\/\/htb.com.pl\/wp-content\/uploads\/2025\/06\/KarolNawrockiP.png\" alt=\"\" srcset=\"https:\/\/htb.com.pl\/wp-content\/uploads\/2025\/06\/KarolNawrockiP.png 978w, https:\/\/htb.com.pl\/wp-content\/uploads\/2025\/06\/KarolNawrockiP-300x171.png 300w, https:\/\/htb.com.pl\/wp-content\/uploads\/2025\/06\/KarolNawrockiP-768x437.png 768w, https:\/\/htb.com.pl\/wp-content\/uploads\/2025\/06\/KarolNawrockiP-600x342.png 600w\" sizes=\"auto, (max-width: 150px) 100vw, 150px\" \/> <\/a><a href=\"http:\/\/radiomaria.com.pl\/wp-content\/uploads\/2025\/06\/26.06.Protest-dr.Kontka-odrzucony.mp3\"><img loading=\"lazy\" decoding=\"async\" width=\"150\" height=\"107\" class=\"wp-image-123576\" style=\"width: 150px;\" src=\"https:\/\/htb.com.pl\/wp-content\/uploads\/2025\/06\/Kontekmaly.png\" alt=\"\" srcset=\"https:\/\/htb.com.pl\/wp-content\/uploads\/2025\/06\/Kontekmaly.png 735w, https:\/\/htb.com.pl\/wp-content\/uploads\/2025\/06\/Kontekmaly-300x214.png 300w, https:\/\/htb.com.pl\/wp-content\/uploads\/2025\/06\/Kontekmaly-600x429.png 600w\" sizes=\"auto, (max-width: 150px) 100vw, 150px\" \/> <\/a><a href=\"http:\/\/radiomaria.com.pl\/wp-content\/uploads\/2025\/06\/28.06.Protesty-wyborcze.mp3\"><img loading=\"lazy\" decoding=\"async\" width=\"150\" height=\"84\" class=\"wp-image-123578\" style=\"width: 150px;\" src=\"https:\/\/htb.com.pl\/wp-content\/uploads\/2025\/06\/Protesty.png\" alt=\"\" srcset=\"https:\/\/htb.com.pl\/wp-content\/uploads\/2025\/06\/Protesty.png 982w, https:\/\/htb.com.pl\/wp-content\/uploads\/2025\/06\/Protesty-300x169.png 300w, https:\/\/htb.com.pl\/wp-content\/uploads\/2025\/06\/Protesty-768x432.png 768w, https:\/\/htb.com.pl\/wp-content\/uploads\/2025\/06\/Protesty-600x338.png 600w\" sizes=\"auto, (max-width: 150px) 100vw, 150px\" \/> <\/a>Kogo\u015b takiego, co nie b\u0119dzie si\u0119 wzorowa\u0142 na polityce J\u00f3zefa Pi\u0142sudskiego. Bo to jest nieszcz\u0119\u015bcie Pa\u0144stwa Polskiego.<\/p>\n\n\n\n<p>Polaryzacja, kt\u00f3r\u0105 nam Putin <a href=\"http:\/\/radiomaria.com.pl\/wp-content\/uploads\/2025\/06\/24.06.Putin-o-wojnie-w-Ukrainie.mp3\"><img loading=\"lazy\" decoding=\"async\" width=\"150\" height=\"78\" class=\"wp-image-123572\" style=\"width: 150px;\" src=\"https:\/\/htb.com.pl\/wp-content\/uploads\/2025\/06\/Putin-Ukraina.png\" alt=\"\" srcset=\"https:\/\/htb.com.pl\/wp-content\/uploads\/2025\/06\/Putin-Ukraina.png 985w, https:\/\/htb.com.pl\/wp-content\/uploads\/2025\/06\/Putin-Ukraina-300x157.png 300w, https:\/\/htb.com.pl\/wp-content\/uploads\/2025\/06\/Putin-Ukraina-768x402.png 768w, https:\/\/htb.com.pl\/wp-content\/uploads\/2025\/06\/Putin-Ukraina-850x450.png 850w, https:\/\/htb.com.pl\/wp-content\/uploads\/2025\/06\/Putin-Ukraina-600x314.png 600w\" sizes=\"auto, (max-width: 150px) 100vw, 150px\" \/> <\/a>utrzymuje powoduje, \u017ce dawna sanacja w nasze polityce dominuje. Czyli o tym, czy Polska z bycia cz\u0119\u015bci\u0105 Unii Europejskiej zrezygnuje, podobnie jak to by\u0142o w Anglii &#8211; Putin zdecyduje. Rozkazy zosta\u0142y wydane. <a href=\"http:\/\/radiomaria.com.pl\/wp-content\/uploads\/2025\/06\/29.06.Kaczynski-prezesem.mp3\"><img loading=\"lazy\" decoding=\"async\" width=\"150\" height=\"86\" class=\"wp-image-123580\" style=\"width: 150px;\" src=\"https:\/\/htb.com.pl\/wp-content\/uploads\/2025\/06\/Kierunekprzepasc.png\" alt=\"\" srcset=\"https:\/\/htb.com.pl\/wp-content\/uploads\/2025\/06\/Kierunekprzepasc.png 847w, https:\/\/htb.com.pl\/wp-content\/uploads\/2025\/06\/Kierunekprzepasc-300x172.png 300w, https:\/\/htb.com.pl\/wp-content\/uploads\/2025\/06\/Kierunekprzepasc-768x440.png 768w, https:\/\/htb.com.pl\/wp-content\/uploads\/2025\/06\/Kierunekprzepasc-600x344.png 600w\" sizes=\"auto, (max-width: 150px) 100vw, 150px\" \/> <\/a>Kolejny etap to referendum. To Kreml ma opanowane. Jak tu czego\u015b nie zmienimy, mamy przegrane.<\/p>\n","protected":false},"excerpt":{"rendered":"<p>Praktycznie ca\u0142e moje \u017cycie, a w\u0142a\u015bnie sko\u0144czy\u0142em 64 lata, jako kraj stali\u015bmy nad przepa\u015bci\u0105. Pami\u0119tam 1970 rok. Wydarzenia Grudniowe, czyli protesty i strajki robotnik\u00f3w g\u0142\u00f3wnie w Gdyni, Gda\u0144sku, Szczecinie i Elbl\u0105gu, kt\u00f3re wybuch\u0142y w dniach 14-22 grudnia 1970 roku w odpowiedzi na drastyczn\u0105 podwy\u017ck\u0119 cen.&nbsp;Gomu\u0142ka, mimo pogarszaj\u0105cej si\u0119 sytuacji gospodarczej, nie zdecydowa\u0142 si\u0119 na reformy, [&hellip;]<\/p>\n","protected":false},"author":1,"featured_media":123582,"comment_status":"open","ping_status":"open","sticky":false,"template":"","format":"standard","meta":{"_jetpack_memberships_contains_paid_content":false,"footnotes":""},"categories":[4],"tags":[1025],"class_list":["post-123569","post","type-post","status-publish","format-standard","has-post-thumbnail","hentry","category-daty-i-fakty-blog","tag-kierunek-przepasc"],"jetpack_sharing_enabled":true,"jetpack_featured_media_url":"https:\/\/htb.com.pl\/wp-content\/uploads\/2025\/06\/Przepaqsc.png","_links":{"self":[{"href":"https:\/\/htb.com.pl\/index.php?rest_route=\/wp\/v2\/posts\/123569","targetHints":{"allow":["GET"]}}],"collection":[{"href":"https:\/\/htb.com.pl\/index.php?rest_route=\/wp\/v2\/posts"}],"about":[{"href":"https:\/\/htb.com.pl\/index.php?rest_route=\/wp\/v2\/types\/post"}],"author":[{"embeddable":true,"href":"https:\/\/htb.com.pl\/index.php?rest_route=\/wp\/v2\/users\/1"}],"replies":[{"embeddable":true,"href":"https:\/\/htb.com.pl\/index.php?rest_route=%2Fwp%2Fv2%2Fcomments&post=123569"}],"version-history":[{"count":8,"href":"https:\/\/htb.com.pl\/index.php?rest_route=\/wp\/v2\/posts\/123569\/revisions"}],"predecessor-version":[{"id":123613,"href":"https:\/\/htb.com.pl\/index.php?rest_route=\/wp\/v2\/posts\/123569\/revisions\/123613"}],"wp:featuredmedia":[{"embeddable":true,"href":"https:\/\/htb.com.pl\/index.php?rest_route=\/wp\/v2\/media\/123582"}],"wp:attachment":[{"href":"https:\/\/htb.com.pl\/index.php?rest_route=%2Fwp%2Fv2%2Fmedia&parent=123569"}],"wp:term":[{"taxonomy":"category","embeddable":true,"href":"https:\/\/htb.com.pl\/index.php?rest_route=%2Fwp%2Fv2%2Fcategories&post=123569"},{"taxonomy":"post_tag","embeddable":true,"href":"https:\/\/htb.com.pl\/index.php?rest_route=%2Fwp%2Fv2%2Ftags&post=123569"}],"curies":[{"name":"wp","href":"https:\/\/api.w.org\/{rel}","templated":true}]}}